{"id":7783,"date":"2024-01-26T14:40:48","date_gmt":"2024-01-26T13:40:48","guid":{"rendered":"https:\/\/www.desivero.com\/modod\/?p=7783"},"modified":"2024-01-26T14:40:49","modified_gmt":"2024-01-26T13:40:49","slug":"zone-climatiche-accensione-riscaldamento","status":"publish","type":"post","link":"https:\/\/www.desivero.com\/modod\/zone-climatiche-accensione-riscaldamento\/","title":{"rendered":"Cosa sono le zone climatiche in Italia"},"content":{"rendered":"\n<p>L&#8217;Italia \u00e8 un paese con un territorio molto vasto e diversificato, sia dal punto di vista geografico che climatico. Per questo motivo, \u00e8 stato necessario suddividere il territorio nazionale in <strong>zone climatiche<\/strong>, che si differenziano per le temperature medie annuali.<\/p>\n\n\n\n<p>Le zone climatiche in Italia sono importanti per una serie di motivi, tra cui:<\/p>\n\n\n\n<ul class=\"wp-block-list\">\n<li>Determinare i periodi di <strong>accensione e spegnimento<\/strong> degli impianti di riscaldamento.<\/li>\n\n\n\n<li>Calcolare i <strong>consumi energetici<\/strong> degli edifici.<\/li>\n\n\n\n<li><strong>Progettare gli edifici<\/strong> in modo da garantire un comfort termico adeguato.<\/li>\n<\/ul>\n\n\n\n<p>In questo articolo, assieme agli esperti <strong>Desivero<\/strong>, vedremo cosa sono le zone climatiche, come si determinano e quali sono le regole per l&#8217;accensione del riscaldamento. Una guida, come <a href=\"https:\/\/www.desivero.com\/modod\/quando-accendere-stufa-legna\/\" target=\"_blank\" rel=\"noreferrer noopener\">quella dedicata all&#8217;accensione delle stufe a legna<\/a>, particolarmente utile, e per questo da tenere sempre a portata di mano.<\/p>\n\n\n\n<h2 class=\"wp-block-heading\">Cosa sono le zone climatiche<\/h2>\n\n\n\n<p>Le zone climatiche sono una suddivisione del territorio nazionale in base alle <strong>temperature medie annuali<\/strong>. In Italia, sono previste <strong>sei zone climatiche<\/strong>, indicate con le lettere <strong>da A a F<\/strong>.<\/p>\n\n\n\n<p>La zona A \u00e8 la pi\u00f9 calda, con temperature medie annuali superiori a 18,5 gradi centigradi. La zona F \u00e8 la pi\u00f9 fredda, con temperature medie annuali inferiori a -10 gradi centigradi.<\/p>\n\n\n\n<h2 class=\"wp-block-heading\">Come si determinano\u00a0<\/h2>\n\n\n\n<p>Le zone climatiche in Italia sono determinate in base al metodo dei <strong>gradi giorno<\/strong>. I gradi giorno sono un indicatore che misura la quantit\u00e0 di energia necessaria per riscaldare un ambiente di una certa dimensione, in un determinato periodo di tempo.<\/p>\n\n\n\n<p>Per determinare i gradi giorno di una zona climatica, si calcola la <strong>differenza tra la temperatura media giornaliera e una temperatura di riferimento<\/strong>, che in Italia \u00e8 di <strong>18 gradi centigradi<\/strong>.<\/p>\n\n\n\n<p>Ad esempio, se la temperatura media giornaliera di una zona climatica \u00e8 di 15 gradi centigradi, i gradi giorno per quel giorno saranno pari a 3. Il numero dei gradi giorno per un anno \u00e8 dato dalla somma dei gradi giorno di tutti i giorni dell&#8217;anno.<\/p>\n\n\n\n<h2 class=\"wp-block-heading\">Quali sono le zone climatiche in Italia<\/h2>\n\n\n\n<p>Le zone climatiche in Italia sono le seguenti:<\/p>\n\n\n\n<ul class=\"wp-block-list\">\n<li><strong>Zona A:<\/strong>&nbsp;temperature medie annuali superiori a 18,5 gradi centigradi.<\/li>\n\n\n\n<li><strong>Zona B:<\/strong>&nbsp;temperature medie annuali comprese tra 18,5 e 16 gradi centigradi.<\/li>\n\n\n\n<li><strong>Zona C:<\/strong>&nbsp;temperature medie annuali comprese tra 16 e 14 gradi centigradi.<\/li>\n\n\n\n<li><strong>Zona D:<\/strong>&nbsp;temperature medie annuali comprese tra 14 e 12 gradi centigradi.<\/li>\n\n\n\n<li><strong>Zona E:<\/strong>&nbsp;temperature medie annuali comprese tra 12 e 10 gradi centigradi.<\/li>\n\n\n\n<li><strong>Zona F:<\/strong>&nbsp;temperature medie annuali inferiori a 10 gradi centigradi.<\/li>\n<\/ul>\n\n\n\n<p>Le zone climatiche nel nostro paese sono disciplinate dal <a href=\"https:\/\/www.gazzettaufficiale.it\/eli\/id\/1993\/10\/14\/093G0451\/sg\"><strong>Decreto DPR 412\/1993<\/strong><\/a><strong> del 26 agosto 1993<\/strong>. Come abbiamo visto, quella pi\u00f9 mite \u00e8 la zona A, mentre la zona F \u00e8 quella in cui il freddo si fa pi\u00f9 pungente, e di conseguenza la normativa sui riscaldamenti \u00e8 decisamente meno stringente.<\/p>\n\n\n\n<h2 class=\"wp-block-heading\">Accensione riscaldamento<\/h2>\n\n\n\n<p>Le regole per il riscaldamento nelle zone climatiche d&#8217;Italia sono praticamente nulle nella Zona F. Si tratta infatti di comuni che si trovano nelle aree pi\u00f9 fredde del territorio nazionale, come <strong>Trento e zone alpine, Belluno e Cuneo<\/strong>: in questo caso, infatti, \u00e8 possibile accendere i termosifoni <strong>senza alcuna limitazione di giorni e orari<\/strong>.<\/p>\n\n\n\n<p>Nella Zona E rientrano invece i comuni che durante l&#8217;autunno e l&#8217;inverno raggiungono temperature piuttosto basse, tra cui <strong>Milano, Torino, Bologna, Aosta, Bergamo, Brescia, Como, Bolzano, Modena, Parma, Padova, Reggio Emilia, Rimini, Trieste, Gorizia, Piacenza, Ravenna, Venezia, Udine, Verona, Perugia, Rieti, Frosinone, Campobasso, L\u2019Aquila e Potenza<\/strong>. In questi comuni l&#8217;accensione del riscaldamento \u00e8 prevista <strong>dal 22 ottobre 2023 al 7 aprile 2024 per 13 ore al giorno<\/strong>.<\/p>\n\n\n\n<p>La Zona D include i comuni di <strong>Roma, Pescara, Ancona, Genova, Firenze, Pescara, La Spezia, Livorno, Grosseto, Lucca, Macerata, Pisa, Pesaro, Viterbo, Avellino, Siena, Chieti, Foggia, Matera, Teramo e Vibo Valentia<\/strong>. L&#8217;accensione del riscaldamento in questa zona \u00e8 fissata<strong> dall\u20198 novembre 2023 al 7 aprile 2024 per 11 ore al giorno<\/strong>.<\/p>\n\n\n\n<p>Nella Zona C troviamo <strong>Napoli, Caserta, Latina, Salerno, Bari, Brindisi, Benevento, Catanzaro, Cagliari, Lecce, Ragusa, Cosenza e Taranto<\/strong>. Trattandosi di comuni con temperature medie piuttosto alte, i termosifoni possono restare accesi <strong>dal 22 novembre 2023 al 23 marzo 2024 per 9 ore al giorno<\/strong>.<\/p>\n\n\n\n<p>La zona B prevede comuni dalle temperature ancora pi\u00f9 calde, quindi <strong>Palermo<\/strong>, <strong>Trapani<\/strong>, <strong>Siracusa<\/strong>, <strong>Reggio Calabria<\/strong>, <strong>Agrigento<\/strong>, <strong>Messina<\/strong> e <strong>Catania<\/strong>, dove i termosifoni possono restare accesi dall<strong>\u20188 dicembre 2023<\/strong> <strong>al<\/strong> <strong>23 marzo 2024, per 7 ore al giorno.<\/strong><\/p>\n\n\n\n<p>Infine, la Zona A \u00e8 quella pi\u00f9 calda, e include i comuni di <strong>Lampedusa, Linosa <\/strong>e<strong> Porto Empedocle<\/strong>. In questo caso, i termosifoni restano accesi solo <strong>dall&#8217;8 dicembre 2023 al 7 marzo 2024, per 5 ore al giorno<\/strong>.<\/p>\n\n\n\n<p>Nel <a href=\"https:\/\/www.desivero.com\/shop\/caldaie\">catalogo online<\/a> di <strong>Desivero<\/strong>, specializzato in prodotti per il riscaldamento, la climatizzazione e l\u2019arredo bagno, \u00e8 presente una <strong>vasta gamma di caldaie<\/strong>, adatta a tutte le esigenze e a tutte le zone climatiche.<\/p>\n\n\n\n<p>Grazie alla consulenza degli esperti Desivero, sar\u00e0 pi\u00f9 facile individuare il modello giusto per la propria casa e per la zona climatica specifica, tra i tanti modelli di <a href=\"https:\/\/www.desivero.com\/shop\/caldaie-a-condensazione\"><strong>caldaie a condensazione<\/strong><\/a>,<strong> <\/strong><a href=\"https:\/\/www.desivero.com\/shop\/caldaie-a-gas-tradizionali\"><strong>caldaie a gas tradizionali<\/strong><\/a>, <a href=\"https:\/\/www.desivero.com\/shop\/pompe-di-calore\"><strong>pompe di calore<\/strong><\/a> e <strong>caldaie a biomassa<\/strong>.<\/p>\n\n\n\n<div class=\"divider-wrap\"><div style=\"height: 25px;\" class=\"divider\"><\/div><\/div>[nectar_btn size=&#8221;small&#8221; open_new_tab=&#8221;true&#8221; button_style=&#8221;regular&#8221; button_color_2=&#8221;Accent-Color&#8221; icon_family=&#8221;none&#8221; url=&#8221;<a href=\"https:\/\/www.desivero.com\/shop\/caldaie\" target=\"_blank\" rel=\"noreferrer noopener\">https:\/\/www.desivero.com\/shop\/accessori-e-sanitari-per-disabili<\/a>&#8221; text=&#8221;DEVI SCEGLIERE\u00a0UNA NUOVA CALDAIA? CONSIDERALO FATTO.&#8221;]\n\n\n[vc_row type=&#8221;in_container&#8221; full_screen_row_position=&#8221;middle&#8221; scene_position=&#8221;center&#8221; text_color=&#8221;dark&#8221; text_align=&#8221;left&#8221; id=&#8221;row-correlati&#8221; overlay_strength=&#8221;0.3&#8243;][vc_column column_padding=&#8221;no-extra-padding&#8221; column_padding_position=&#8221;all&#8221; background_color_opacity=&#8221;1&#8243; background_hover_color_opacity=&#8221;1&#8243; width=&#8221;1\/1&#8243; tablet_text_alignment=&#8221;default&#8221; phone_text_alignment=&#8221;default&#8221;]<div class=\"divider-wrap\"><div style=\"margin-top: 12px; width: 20%px; height: 1px; margin-bottom: 12px;\" data-width=\"20%\" data-animate=\"\" data-animation-delay=\"\" data-color=\"default\" class=\"divider-small-border\"><\/div><\/div>[vc_column_text]<span style=\"color: #99ccff;\">Articoli correlati<\/span>[\/vc_column_text]\n        <div class=\"row blog-recent columns-3\" data-style=\"minimal\">\n\n            \n                <div class=\"col span_4\">\n\n                    \n                        <div class=\"post-header\">\n                                                            <figure class=\"correlati-image\" style=\"background-image: url(https:\/\/www.desivero.com\/modod\/wp-content\/uploads\/2024\/09\/pdc.jpg)\">\n                                    <a href=\"https:\/\/www.desivero.com\/modod\/pompa-di-calore-efficienza-e-risparmio\/\"><\/a>\n                                <\/figure>\n                                                            <h3 class=\"title\"><a href=\"https:\/\/www.desivero.com\/modod\/pompa-di-calore-efficienza-e-risparmio\/\">Quanto e come risparmiare con la pompa di calore<\/a><\/h3>\n                            <span class=\"meta categoria-correlati pdd\">\n                <a href=\"https:\/\/www.desivero.com\/modod\/category\/benessere-e-ambiente\/\">Benessere e ambiente<\/a>                 <\/span>\n                        <\/div><!--\/post-header-->\n                        <p>La pompa di calore \u00e8 un tipo di impianto di riscaldamento molto efficiente e garantisce consumi ridotti: scopri come funziona e i vantaggi.<\/p>\n                        <span>Read More <i class=\"icon-button-arrow\"><\/i><\/span>\n\n                    \n                <\/div><!--\/col-->\n\n            \n                <div class=\"col span_4\">\n\n                    \n                        <div class=\"post-header\">\n                                                            <figure class=\"correlati-image\" style=\"background-image: url(https:\/\/www.desivero.com\/modod\/wp-content\/uploads\/2024\/11\/stop-caldaie.jpg)\">\n                                    <a href=\"https:\/\/www.desivero.com\/modod\/stop-caldaie-gas-direttiva-europea-case-green\/\"><\/a>\n                                <\/figure>\n                                                            <h3 class=\"title\"><a href=\"https:\/\/www.desivero.com\/modod\/stop-caldaie-gas-direttiva-europea-case-green\/\"><strong>Case Green e stop alle caldaie a gas: cosa cambia con la Direttiva Europea<\/strong><\/a><\/h3>\n                            <span class=\"meta categoria-correlati pdd\">\n                <a href=\"https:\/\/www.desivero.com\/modod\/category\/benessere-e-ambiente\/\">Benessere e ambiente<\/a>                 <\/span>\n                        <\/div><!--\/post-header-->\n                        <p>Case Green e stop alle caldaie a gas: scopri cosa prevede la direttiva europea e quali soluzioni alternative adottare per il riscaldamento.<\/p>\n                        <span>Read More <i class=\"icon-button-arrow\"><\/i><\/span>\n\n                    \n                <\/div><!--\/col-->\n\n            \n                <div class=\"col span_4\">\n\n                    \n                        <div class=\"post-header\">\n                                                            <figure class=\"correlati-image\" style=\"background-image: url(https:\/\/www.desivero.com\/modod\/wp-content\/uploads\/2024\/11\/bagno-camera.jpg)\">\n                                    <a href=\"https:\/\/www.desivero.com\/modod\/bagno-in-camera-ispirazioni-regole\/\"><\/a>\n                                <\/figure>\n                                                            <h3 class=\"title\"><a href=\"https:\/\/www.desivero.com\/modod\/bagno-in-camera-ispirazioni-regole\/\">Regole e consigli per arredare un bagno in camera<\/a><\/h3>\n                            <span class=\"meta categoria-correlati pdd\">\n                <a href=\"https:\/\/www.desivero.com\/modod\/category\/benessere-e-ambiente\/\">Benessere e ambiente<\/a>                 <\/span>\n                        <\/div><!--\/post-header-->\n                        <p>Scopri idee e consigli per realizzare un bagno in camera da letto, con tutte le regole da seguire per un progetto funzionale ed elegante.<\/p>\n                        <span>Read More <i class=\"icon-button-arrow\"><\/i><\/span>\n\n                    \n                <\/div><!--\/col-->\n\n            \n        <\/div><!--\/blog-recent-->\n\n        [\/vc_column][\/vc_row]\n","protected":false},"excerpt":{"rendered":"<p>Le zone, o fascie, cliamatiche in Italia sono determinate dai gradi giorno. Queste zone determinano il periodo di accensione del riscaldamento.<\/p>\n","protected":false},"author":8,"featured_media":7784,"comment_status":"closed","ping_status":"closed","sticky":false,"template":"","format":"standard","meta":{"_acf_changed":false,"footnotes":""},"categories":[3],"tags":[],"class_list":{"0":"post-7783","1":"post","2":"type-post","3":"status-publish","4":"format-standard","5":"has-post-thumbnail","7":"category-tecnologia-e-how-to"},"acf":[],"yoast_head":"<!-- This site is optimized with the Yoast SEO plugin v27.5 - https:\/\/yoast.com\/product\/yoast-seo-wordpress\/ -->\n<title>Zone climatiche e accensione riscaldamento | Desivero<\/title>\n<meta name=\"description\" content=\"Le zone, o fascie, cliamatiche in Italia sono determinate dai gradi giorno. Queste zone determinano il periodo di accensione del riscaldamento.\" \/>\n<meta name=\"robots\" content=\"index, follow, max-snippet:-1, max-image-preview:large, max-video-preview:-1\" \/>\n<link rel=\"canonical\" href=\"https:\/\/www.desivero.com\/modod\/zone-climatiche-accensione-riscaldamento\/\" \/>\n<meta property=\"og:locale\" content=\"it_IT\" \/>\n<meta property=\"og:type\" content=\"article\" \/>\n<meta property=\"og:title\" content=\"Zone climatiche e accensione riscaldamento | Desivero\" \/>\n<meta property=\"og:description\" content=\"Le zone, o fascie, cliamatiche in Italia sono determinate dai gradi giorno. Queste zone determinano il periodo di accensione del riscaldamento.\" \/>\n<meta property=\"og:url\" content=\"https:\/\/www.desivero.com\/modod\/zone-climatiche-accensione-riscaldamento\/\" \/>\n<meta property=\"og:site_name\" content=\"MODO D\" \/>\n<meta property=\"article:publisher\" content=\"https:\/\/www.facebook.com\/desiveroitalia\/\" \/>\n<meta property=\"article:published_time\" content=\"2024-01-26T13:40:48+00:00\" \/>\n<meta property=\"article:modified_time\" content=\"2024-01-26T13:40:49+00:00\" \/>\n<meta property=\"og:image\" content=\"https:\/\/www.desivero.com\/modod\/wp-content\/uploads\/2024\/01\/zone-climatiche.jpg\" \/>\n\t<meta property=\"og:image:width\" content=\"1250\" \/>\n\t<meta property=\"og:image:height\" content=\"833\" \/>\n\t<meta property=\"og:image:type\" content=\"image\/jpeg\" \/>\n<meta name=\"author\" content=\"redazionemodod\" \/>\n<meta name=\"twitter:card\" content=\"summary_large_image\" \/>\n<meta name=\"twitter:creator\" content=\"@desiveroitalia\" \/>\n<meta name=\"twitter:site\" content=\"@desiveroitalia\" \/>\n<meta name=\"twitter:label1\" content=\"Scritto da\" \/>\n\t<meta name=\"twitter:data1\" content=\"redazionemodod\" \/>\n\t<meta name=\"twitter:label2\" content=\"Tempo di lettura stimato\" \/>\n\t<meta name=\"twitter:data2\" content=\"5 minuti\" \/>\n<script type=\"application\/ld+json\" class=\"yoast-schema-graph\">{\"@context\":\"https:\\\/\\\/schema.org\",\"@graph\":[{\"@type\":\"Article\",\"@id\":\"https:\\\/\\\/www.desivero.com\\\/modod\\\/zone-climatiche-accensione-riscaldamento\\\/#article\",\"isPartOf\":{\"@id\":\"https:\\\/\\\/www.desivero.com\\\/modod\\\/zone-climatiche-accensione-riscaldamento\\\/\"},\"author\":{\"name\":\"redazionemodod\",\"@id\":\"https:\\\/\\\/www.desivero.com\\\/modod\\\/#\\\/schema\\\/person\\\/df159e918cb35b83b9ccf2ef95218751\"},\"headline\":\"Cosa sono le zone climatiche in Italia\",\"datePublished\":\"2024-01-26T13:40:48+00:00\",\"dateModified\":\"2024-01-26T13:40:49+00:00\",\"mainEntityOfPage\":{\"@id\":\"https:\\\/\\\/www.desivero.com\\\/modod\\\/zone-climatiche-accensione-riscaldamento\\\/\"},\"wordCount\":910,\"publisher\":{\"@id\":\"https:\\\/\\\/www.desivero.com\\\/modod\\\/#organization\"},\"image\":{\"@id\":\"https:\\\/\\\/www.desivero.com\\\/modod\\\/zone-climatiche-accensione-riscaldamento\\\/#primaryimage\"},\"thumbnailUrl\":\"https:\\\/\\\/www.desivero.com\\\/modod\\\/wp-content\\\/uploads\\\/2024\\\/01\\\/zone-climatiche.jpg\",\"articleSection\":[\"Tecnologia e how to\"],\"inLanguage\":\"it-IT\"},{\"@type\":\"ImageObject\",\"inLanguage\":\"it-IT\",\"@id\":\"https:\\\/\\\/www.desivero.com\\\/modod\\\/zone-climatiche-accensione-riscaldamento\\\/#primaryimage\",\"url\":\"https:\\\/\\\/www.desivero.com\\\/modod\\\/wp-content\\\/uploads\\\/2024\\\/01\\\/zone-climatiche.jpg\",\"contentUrl\":\"https:\\\/\\\/www.desivero.com\\\/modod\\\/wp-content\\\/uploads\\\/2024\\\/01\\\/zone-climatiche.jpg\",\"width\":1250,\"height\":833,\"caption\":\"zone climatiche\"},{\"@type\":\"BreadcrumbList\",\"@id\":\"https:\\\/\\\/www.desivero.com\\\/modod\\\/zone-climatiche-accensione-riscaldamento\\\/#breadcrumb\",\"itemListElement\":[{\"@type\":\"ListItem\",\"position\":1,\"name\":\"Home\",\"item\":\"https:\\\/\\\/www.desivero.com\\\/modod\\\/\"},{\"@type\":\"ListItem\",\"position\":2,\"name\":\"Tecnologia e how to\",\"item\":\"https:\\\/\\\/www.desivero.com\\\/modod\\\/category\\\/tecnologia-e-how-to\\\/\"},{\"@type\":\"ListItem\",\"position\":3,\"name\":\"Cosa sono le zone climatiche in Italia\"}]},{\"@type\":\"WebSite\",\"@id\":\"https:\\\/\\\/www.desivero.com\\\/modod\\\/#website\",\"url\":\"https:\\\/\\\/www.desivero.com\\\/modod\\\/\",\"name\":\"MODO D\",\"description\":\"\",\"publisher\":{\"@id\":\"https:\\\/\\\/www.desivero.com\\\/modod\\\/#organization\"},\"potentialAction\":[{\"@type\":\"SearchAction\",\"target\":{\"@type\":\"EntryPoint\",\"urlTemplate\":\"https:\\\/\\\/www.desivero.com\\\/modod\\\/?s={search_term_string}\"},\"query-input\":{\"@type\":\"PropertyValueSpecification\",\"valueRequired\":true,\"valueName\":\"search_term_string\"}}],\"inLanguage\":\"it-IT\"},{\"@type\":\"Organization\",\"@id\":\"https:\\\/\\\/www.desivero.com\\\/modod\\\/#organization\",\"name\":\"MODO D\",\"url\":\"https:\\\/\\\/www.desivero.com\\\/modod\\\/\",\"logo\":{\"@type\":\"ImageObject\",\"inLanguage\":\"it-IT\",\"@id\":\"https:\\\/\\\/www.desivero.com\\\/modod\\\/#\\\/schema\\\/logo\\\/image\\\/\",\"url\":\"https:\\\/\\\/www.desivero.com\\\/modod\\\/wp-content\\\/uploads\\\/2017\\\/06\\\/EXE_Modod_RGB-1.png\",\"contentUrl\":\"https:\\\/\\\/www.desivero.com\\\/modod\\\/wp-content\\\/uploads\\\/2017\\\/06\\\/EXE_Modod_RGB-1.png\",\"width\":1753,\"height\":503,\"caption\":\"MODO D\"},\"image\":{\"@id\":\"https:\\\/\\\/www.desivero.com\\\/modod\\\/#\\\/schema\\\/logo\\\/image\\\/\"},\"sameAs\":[\"https:\\\/\\\/www.facebook.com\\\/desiveroitalia\\\/\",\"https:\\\/\\\/x.com\\\/desiveroitalia\"]},{\"@type\":\"Person\",\"@id\":\"https:\\\/\\\/www.desivero.com\\\/modod\\\/#\\\/schema\\\/person\\\/df159e918cb35b83b9ccf2ef95218751\",\"name\":\"redazionemodod\",\"image\":{\"@type\":\"ImageObject\",\"inLanguage\":\"it-IT\",\"@id\":\"https:\\\/\\\/secure.gravatar.com\\\/avatar\\\/f4dee7a055e3b2abd6dc36d91366b760ad4c30f156b3b8add06a79d9e2a3b657?s=96&d=mm&r=g\",\"url\":\"https:\\\/\\\/secure.gravatar.com\\\/avatar\\\/f4dee7a055e3b2abd6dc36d91366b760ad4c30f156b3b8add06a79d9e2a3b657?s=96&d=mm&r=g\",\"contentUrl\":\"https:\\\/\\\/secure.gravatar.com\\\/avatar\\\/f4dee7a055e3b2abd6dc36d91366b760ad4c30f156b3b8add06a79d9e2a3b657?s=96&d=mm&r=g\",\"caption\":\"redazionemodod\"}}]}<\/script>\n<!-- \/ Yoast SEO plugin. -->","yoast_head_json":{"title":"Zone climatiche e accensione riscaldamento | Desivero","description":"Le zone, o fascie, cliamatiche in Italia sono determinate dai gradi giorno. Queste zone determinano il periodo di accensione del riscaldamento.","robots":{"index":"index","follow":"follow","max-snippet":"max-snippet:-1","max-image-preview":"max-image-preview:large","max-video-preview":"max-video-preview:-1"},"canonical":"https:\/\/www.desivero.com\/modod\/zone-climatiche-accensione-riscaldamento\/","og_locale":"it_IT","og_type":"article","og_title":"Zone climatiche e accensione riscaldamento | Desivero","og_description":"Le zone, o fascie, cliamatiche in Italia sono determinate dai gradi giorno. Queste zone determinano il periodo di accensione del riscaldamento.","og_url":"https:\/\/www.desivero.com\/modod\/zone-climatiche-accensione-riscaldamento\/","og_site_name":"MODO D","article_publisher":"https:\/\/www.facebook.com\/desiveroitalia\/","article_published_time":"2024-01-26T13:40:48+00:00","article_modified_time":"2024-01-26T13:40:49+00:00","og_image":[{"width":1250,"height":833,"url":"https:\/\/www.desivero.com\/modod\/wp-content\/uploads\/2024\/01\/zone-climatiche.jpg","type":"image\/jpeg"}],"author":"redazionemodod","twitter_card":"summary_large_image","twitter_creator":"@desiveroitalia","twitter_site":"@desiveroitalia","twitter_misc":{"Scritto da":"redazionemodod","Tempo di lettura stimato":"5 minuti"},"schema":{"@context":"https:\/\/schema.org","@graph":[{"@type":"Article","@id":"https:\/\/www.desivero.com\/modod\/zone-climatiche-accensione-riscaldamento\/#article","isPartOf":{"@id":"https:\/\/www.desivero.com\/modod\/zone-climatiche-accensione-riscaldamento\/"},"author":{"name":"redazionemodod","@id":"https:\/\/www.desivero.com\/modod\/#\/schema\/person\/df159e918cb35b83b9ccf2ef95218751"},"headline":"Cosa sono le zone climatiche in Italia","datePublished":"2024-01-26T13:40:48+00:00","dateModified":"2024-01-26T13:40:49+00:00","mainEntityOfPage":{"@id":"https:\/\/www.desivero.com\/modod\/zone-climatiche-accensione-riscaldamento\/"},"wordCount":910,"publisher":{"@id":"https:\/\/www.desivero.com\/modod\/#organization"},"image":{"@id":"https:\/\/www.desivero.com\/modod\/zone-climatiche-accensione-riscaldamento\/#primaryimage"},"thumbnailUrl":"https:\/\/www.desivero.com\/modod\/wp-content\/uploads\/2024\/01\/zone-climatiche.jpg","articleSection":["Tecnologia e how to"],"inLanguage":"it-IT"},{"@type":"ImageObject","inLanguage":"it-IT","@id":"https:\/\/www.desivero.com\/modod\/zone-climatiche-accensione-riscaldamento\/#primaryimage","url":"https:\/\/www.desivero.com\/modod\/wp-content\/uploads\/2024\/01\/zone-climatiche.jpg","contentUrl":"https:\/\/www.desivero.com\/modod\/wp-content\/uploads\/2024\/01\/zone-climatiche.jpg","width":1250,"height":833,"caption":"zone climatiche"},{"@type":"BreadcrumbList","@id":"https:\/\/www.desivero.com\/modod\/zone-climatiche-accensione-riscaldamento\/#breadcrumb","itemListElement":[{"@type":"ListItem","position":1,"name":"Home","item":"https:\/\/www.desivero.com\/modod\/"},{"@type":"ListItem","position":2,"name":"Tecnologia e how to","item":"https:\/\/www.desivero.com\/modod\/category\/tecnologia-e-how-to\/"},{"@type":"ListItem","position":3,"name":"Cosa sono le zone climatiche in Italia"}]},{"@type":"WebSite","@id":"https:\/\/www.desivero.com\/modod\/#website","url":"https:\/\/www.desivero.com\/modod\/","name":"MODO D","description":"","publisher":{"@id":"https:\/\/www.desivero.com\/modod\/#organization"},"potentialAction":[{"@type":"SearchAction","target":{"@type":"EntryPoint","urlTemplate":"https:\/\/www.desivero.com\/modod\/?s={search_term_string}"},"query-input":{"@type":"PropertyValueSpecification","valueRequired":true,"valueName":"search_term_string"}}],"inLanguage":"it-IT"},{"@type":"Organization","@id":"https:\/\/www.desivero.com\/modod\/#organization","name":"MODO D","url":"https:\/\/www.desivero.com\/modod\/","logo":{"@type":"ImageObject","inLanguage":"it-IT","@id":"https:\/\/www.desivero.com\/modod\/#\/schema\/logo\/image\/","url":"https:\/\/www.desivero.com\/modod\/wp-content\/uploads\/2017\/06\/EXE_Modod_RGB-1.png","contentUrl":"https:\/\/www.desivero.com\/modod\/wp-content\/uploads\/2017\/06\/EXE_Modod_RGB-1.png","width":1753,"height":503,"caption":"MODO D"},"image":{"@id":"https:\/\/www.desivero.com\/modod\/#\/schema\/logo\/image\/"},"sameAs":["https:\/\/www.facebook.com\/desiveroitalia\/","https:\/\/x.com\/desiveroitalia"]},{"@type":"Person","@id":"https:\/\/www.desivero.com\/modod\/#\/schema\/person\/df159e918cb35b83b9ccf2ef95218751","name":"redazionemodod","image":{"@type":"ImageObject","inLanguage":"it-IT","@id":"https:\/\/secure.gravatar.com\/avatar\/f4dee7a055e3b2abd6dc36d91366b760ad4c30f156b3b8add06a79d9e2a3b657?s=96&d=mm&r=g","url":"https:\/\/secure.gravatar.com\/avatar\/f4dee7a055e3b2abd6dc36d91366b760ad4c30f156b3b8add06a79d9e2a3b657?s=96&d=mm&r=g","contentUrl":"https:\/\/secure.gravatar.com\/avatar\/f4dee7a055e3b2abd6dc36d91366b760ad4c30f156b3b8add06a79d9e2a3b657?s=96&d=mm&r=g","caption":"redazionemodod"}}]}},"_links":{"self":[{"href":"https:\/\/www.desivero.com\/modod\/wp-json\/wp\/v2\/posts\/7783","targetHints":{"allow":["GET"]}}],"collection":[{"href":"https:\/\/www.desivero.com\/modod\/wp-json\/wp\/v2\/posts"}],"about":[{"href":"https:\/\/www.desivero.com\/modod\/wp-json\/wp\/v2\/types\/post"}],"author":[{"embeddable":true,"href":"https:\/\/www.desivero.com\/modod\/wp-json\/wp\/v2\/users\/8"}],"replies":[{"embeddable":true,"href":"https:\/\/www.desivero.com\/modod\/wp-json\/wp\/v2\/comments?post=7783"}],"version-history":[{"count":5,"href":"https:\/\/www.desivero.com\/modod\/wp-json\/wp\/v2\/posts\/7783\/revisions"}],"predecessor-version":[{"id":7789,"href":"https:\/\/www.desivero.com\/modod\/wp-json\/wp\/v2\/posts\/7783\/revisions\/7789"}],"wp:featuredmedia":[{"embeddable":true,"href":"https:\/\/www.desivero.com\/modod\/wp-json\/wp\/v2\/media\/7784"}],"wp:attachment":[{"href":"https:\/\/www.desivero.com\/modod\/wp-json\/wp\/v2\/media?parent=7783"}],"wp:term":[{"taxonomy":"category","embeddable":true,"href":"https:\/\/www.desivero.com\/modod\/wp-json\/wp\/v2\/categories?post=7783"},{"taxonomy":"post_tag","embeddable":true,"href":"https:\/\/www.desivero.com\/modod\/wp-json\/wp\/v2\/tags?post=7783"}],"curies":[{"name":"wp","href":"https:\/\/api.w.org\/{rel}","templated":true}]}}