{"id":7776,"date":"2024-01-23T12:28:33","date_gmt":"2024-01-23T11:28:33","guid":{"rendered":"https:\/\/www.desivero.com\/modod\/?p=7776"},"modified":"2024-01-23T12:28:34","modified_gmt":"2024-01-23T11:28:34","slug":"wc-disabili-come-sceglierlo","status":"publish","type":"post","link":"https:\/\/www.desivero.com\/modod\/wc-disabili-come-sceglierlo\/","title":{"rendered":"Guida alla scelta del WC per disabili"},"content":{"rendered":"\n<p>I <strong>WC per disabili<\/strong> sono progettati per facilitare l&#8217;utilizzo del bagno alle persone con mobilit\u00e0 ridotta. Questi sanitari presentano <strong>caratteristiche specifiche<\/strong> che li rendono pi\u00f9 accessibili e sicuri, come ad esempio un&#8217;altezza maggiore rispetto ai WC tradizionali e un&#8217;apertura frontale.<\/p>\n\n\n\n<p>Grazie alla loro struttura e alla presenza di un&#8217;apertura facilitata, realizzata tramite un&#8217;apertura a cerniera o a battente nella parte anteriore del WC, i vasi di questo tipo permettono alle persone in carrozzina di <strong>avvicinarsi al sanitario senza difficolt\u00e0<\/strong>. Questa soluzione consente inoltre di agevolare l&#8217;assistenza da parte di un caregiver.<\/p>\n\n\n\n<p>In questo approfondimento di <strong>Desivero<\/strong> vedremo dunque quali sono le caratteristiche imposte dalla legge che deve rispettare un WC per disabili, assieme a tutte le informazioni e i consigli per la <strong>scelta del modello giusto<\/strong>; non mancher\u00e0 neppure un focus sugli <strong>accessori fondamentali<\/strong> per renderlo ancora pi\u00f9 accessibile e confortevole.<\/p>\n\n\n\n<h2 class=\"wp-block-heading\">Misure a norma di legge<\/h2>\n\n\n\n<p>I WC per disabili devono rispettare le <strong>misure previste dalla normativa vigente<\/strong>. In Italia, le misure minime da rispettare sono le seguenti:<\/p>\n\n\n\n<ul class=\"wp-block-list\">\n<li>Altezza della seduta: 45-50 cm<\/li>\n\n\n\n<li>Distanza tra il bordo del WC e il muro: 75-80 cm<\/li>\n\n\n\n<li>Spazio libero di manovra davanti al WC: 150-170 cm di diametro<\/li>\n<\/ul>\n\n\n\n<p>Queste misure sono necessarie per <strong>garantire la massima sicurezza e comfort<\/strong> alle persone con disabilit\u00e0, agli anziani e a chiunque abbia difficolt\u00e0 nella mobilit\u00e0.<\/p>\n\n\n\n<p>In commercio sono comunque disponibili <strong>diversi modelli<\/strong>, ed \u00e8 quindi importante conoscere le varie tipologie per poter individuare il WC per disabili pi\u00f9 adatto alle caratteristiche del proprio bagno e alle esigenze specifiche di ogni utente.<\/p>\n\n\n\n<h2 class=\"wp-block-heading\">Quale tipologia scegliere<\/h2>\n\n\n\n<p>Come gi\u00e0 detto, esistono <strong>diverse tipologie di WC per disabili<\/strong>, che si differenziano per il tipo di fissaggio, la forma e le funzionalit\u00e0.<\/p>\n\n\n\n<p>Prima di tutto, nel catalogo online di Desivero dedicato a <a href=\"https:\/\/www.desivero.com\/shop\/sanitari-e-wc-per-disabili\" target=\"_blank\" rel=\"noreferrer noopener\">sanitari e WC per disabili<\/a> possiamo trovare i <strong>WC sospesi<\/strong>. Si tratta di quelli pi\u00f9 comuni per facilitare la quotidianit\u00e0 delle persone in carrozzina, caratterizzati dal&nbsp;fatto che il vaso \u00e8 fissato alla parete tramite supporti. Questa soluzione \u00e8 particolarmente consigliata per i bagni di piccole dimensioni, in quanto libera spazio sul pavimento.<\/p>\n\n\n\n<p>Abbiamo poi i pi\u00f9 classici <strong>WC a terra<\/strong>, per cui il vaso \u00e8 appoggiato direttamente sul pavimento. Questa soluzione \u00e8 pi\u00f9 economica dei WC sospesi, ma occupa pi\u00f9 spazio. Infine, una soluzione particolarmente comoda per le persone con mobilit\u00e0 ridotta \u00e8 rappresentata dai vasi con bidet incorporato. I <strong>WC per disabili con bidet incorporato<\/strong> consentono di effettuare la pulizia intima in un unico gesto, senza bisogno di spostarsi.<\/p>\n\n\n\n<h2 class=\"wp-block-heading\">Scelta degli accessori<\/h2>\n\n\n\n<p>Oltre al WC stesso, \u00e8 importante scegliere anche gli <strong>accessori giusti<\/strong> per renderlo ancora pi\u00f9 accessibile e sicuro ai soggetti con disabilit\u00e0 o a quelli pi\u00f9 anziani e con mobilit\u00e0 ridotta.<\/p>\n\n\n\n<p>Tra questi, pensiamo prima di tutto alla <a href=\"https:\/\/www.desivero.com\/shop\/sedili-wc-per-disabili\" target=\"_blank\" rel=\"noreferrer noopener\">sedia WC per disabili<\/a>, adattabili a diversi vasi WC e disponibili nella classica forma ovale o con l&#8217;apertura centrale che rende pi\u00f9 facile l&#8217;igiene personale. Tutti i sedili disponibili in catalogo sono&nbsp;<strong>facili da installare<\/strong>&nbsp;e&nbsp;<strong>fissare<\/strong>&nbsp;alla normale tavoletta del water e sono realizzati per sostenere anche pesi notevoli in totale comfort e sicurezza, favorendo la&nbsp;<strong>corretta postura<\/strong> del corpo e riducendo cos\u00ec il rischio di possibili incidenti.<\/p>\n\n\n\n<p>Per utilizzare un WC per disabili, il <strong>maniglione<\/strong> \u00e8 un altro accessorio fondamentale.&nbsp;I <a href=\"https:\/\/www.desivero.com\/shop\/maniglioni\" target=\"_blank\" rel=\"noreferrer noopener\">maniglioni per WC<\/a> sono disponibili in <strong>vari modelli e materiali<\/strong>, tra cui acciaio inox, alluminio e plastica. Possono essere fissati a parete o al pavimento, in base alle esigenze specifiche. Forniscono un punto di appoggio sicuro per alzarsi e sedersi sul WC, nonch\u00e9 per vestirsi e svestirsi. Sono inoltre utili per aiutare le persone con disabilit\u00e0 motorie a <strong>spostarsi in sicurezza<\/strong> all&#8217;interno del bagno<\/p>\n\n\n\n<p>La <strong>scelta di un WC per disabili<\/strong> \u00e8 quindi un&#8217;operazione importante che deve essere effettuata con cura. \u00c8 necessario considerare le <strong>esigenze dell&#8217;utente<\/strong> e le <strong>caratteristiche del bagno<\/strong> in cui il sanitario verr\u00e0 installato. Seguendo i consigli di questa guida, sar\u00e0 possibile scegliere il WC per disabili pi\u00f9 adatto alle proprie necessit\u00e0.<\/p>\n\n\n\n<div class=\"divider-wrap\"><div style=\"height: 25px;\" class=\"divider\"><\/div><\/div>[nectar_btn size=&#8221;small&#8221; open_new_tab=&#8221;true&#8221; button_style=&#8221;regular&#8221; button_color_2=&#8221;Accent-Color&#8221; icon_family=&#8221;none&#8221; url=&#8221;https:\/\/www.desivero.com\/shop\/accessori-e-sanitari-per-disabili&#8221; text=&#8221;DEVI SCEGLIERE\u00a0UN WC PER DISABILI? CONSIDERALO FATTO.&#8221;]\n\n\n[vc_row type=&#8221;in_container&#8221; full_screen_row_position=&#8221;middle&#8221; scene_position=&#8221;center&#8221; text_color=&#8221;dark&#8221; text_align=&#8221;left&#8221; id=&#8221;row-correlati&#8221; overlay_strength=&#8221;0.3&#8243;][vc_column column_padding=&#8221;no-extra-padding&#8221; column_padding_position=&#8221;all&#8221; background_color_opacity=&#8221;1&#8243; background_hover_color_opacity=&#8221;1&#8243; width=&#8221;1\/1&#8243; tablet_text_alignment=&#8221;default&#8221; phone_text_alignment=&#8221;default&#8221;]<div class=\"divider-wrap\"><div style=\"margin-top: 12px; width: 20%px; height: 1px; margin-bottom: 12px;\" data-width=\"20%\" data-animate=\"\" data-animation-delay=\"\" data-color=\"default\" class=\"divider-small-border\"><\/div><\/div>[vc_column_text]<span style=\"color: #99ccff;\">Articoli correlati<\/span>[\/vc_column_text]\n        <div class=\"row blog-recent columns-3\" data-style=\"minimal\">\n\n            \n                <div class=\"col span_4\">\n\n                    \n                        <div class=\"post-header\">\n                                                            <figure class=\"correlati-image\" style=\"background-image: url(https:\/\/www.desivero.com\/modod\/wp-content\/uploads\/2024\/09\/pdc.jpg)\">\n                                    <a href=\"https:\/\/www.desivero.com\/modod\/pompa-di-calore-efficienza-e-risparmio\/\"><\/a>\n                                <\/figure>\n                                                            <h3 class=\"title\"><a href=\"https:\/\/www.desivero.com\/modod\/pompa-di-calore-efficienza-e-risparmio\/\">Quanto e come risparmiare con la pompa di calore<\/a><\/h3>\n                            <span class=\"meta categoria-correlati pdd\">\n                <a href=\"https:\/\/www.desivero.com\/modod\/category\/benessere-e-ambiente\/\">Benessere e ambiente<\/a>                 <\/span>\n                        <\/div><!--\/post-header-->\n                        <p>La pompa di calore \u00e8 un tipo di impianto di riscaldamento molto efficiente e garantisce consumi ridotti: scopri come funziona e i vantaggi.<\/p>\n                        <span>Read More <i class=\"icon-button-arrow\"><\/i><\/span>\n\n                    \n                <\/div><!--\/col-->\n\n            \n                <div class=\"col span_4\">\n\n                    \n                        <div class=\"post-header\">\n                                                            <figure class=\"correlati-image\" style=\"background-image: url(https:\/\/www.desivero.com\/modod\/wp-content\/uploads\/2024\/11\/stop-caldaie.jpg)\">\n                                    <a href=\"https:\/\/www.desivero.com\/modod\/stop-caldaie-gas-direttiva-europea-case-green\/\"><\/a>\n                                <\/figure>\n                                                            <h3 class=\"title\"><a href=\"https:\/\/www.desivero.com\/modod\/stop-caldaie-gas-direttiva-europea-case-green\/\"><strong>Case Green e stop alle caldaie a gas: cosa cambia con la Direttiva Europea<\/strong><\/a><\/h3>\n                            <span class=\"meta categoria-correlati pdd\">\n                <a href=\"https:\/\/www.desivero.com\/modod\/category\/benessere-e-ambiente\/\">Benessere e ambiente<\/a>                 <\/span>\n                        <\/div><!--\/post-header-->\n                        <p>Case Green e stop alle caldaie a gas: scopri cosa prevede la direttiva europea e quali soluzioni alternative adottare per il riscaldamento.<\/p>\n                        <span>Read More <i class=\"icon-button-arrow\"><\/i><\/span>\n\n                    \n                <\/div><!--\/col-->\n\n            \n                <div class=\"col span_4\">\n\n                    \n                        <div class=\"post-header\">\n                                                            <figure class=\"correlati-image\" style=\"background-image: url(https:\/\/www.desivero.com\/modod\/wp-content\/uploads\/2024\/11\/bagno-camera.jpg)\">\n                                    <a href=\"https:\/\/www.desivero.com\/modod\/bagno-in-camera-ispirazioni-regole\/\"><\/a>\n                                <\/figure>\n                                                            <h3 class=\"title\"><a href=\"https:\/\/www.desivero.com\/modod\/bagno-in-camera-ispirazioni-regole\/\">Regole e consigli per arredare un bagno in camera<\/a><\/h3>\n                            <span class=\"meta categoria-correlati pdd\">\n                <a href=\"https:\/\/www.desivero.com\/modod\/category\/benessere-e-ambiente\/\">Benessere e ambiente<\/a>                 <\/span>\n                        <\/div><!--\/post-header-->\n                        <p>Scopri idee e consigli per realizzare un bagno in camera da letto, con tutte le regole da seguire per un progetto funzionale ed elegante.<\/p>\n                        <span>Read More <i class=\"icon-button-arrow\"><\/i><\/span>\n\n                    \n                <\/div><!--\/col-->\n\n            \n        <\/div><!--\/blog-recent-->\n\n        [\/vc_column][\/vc_row]\n","protected":false},"excerpt":{"rendered":"<p>I wc per disabili devono rispettare delle caratteristiche imposte dalla legge. In questa guida ti diamo tutte le informazioni e i consigli per la scelta.<\/p>\n","protected":false},"author":8,"featured_media":7777,"comment_status":"closed","ping_status":"closed","sticky":false,"template":"","format":"standard","meta":{"_acf_changed":false,"footnotes":""},"categories":[4],"tags":[],"class_list":{"0":"post-7776","1":"post","2":"type-post","3":"status-publish","4":"format-standard","5":"has-post-thumbnail","7":"category-benessere-e-ambiente"},"acf":[],"yoast_head":"<!-- This site is optimized with the Yoast SEO plugin v27.5 - https:\/\/yoast.com\/product\/yoast-seo-wordpress\/ -->\n<title>Wc per disabili: come sceglierlo | Desivero<\/title>\n<meta name=\"description\" content=\"I wc per disabili devono rispettare delle caratteristiche imposte dalla legge. In questa guida ti diamo tutte le informazioni e i consigli per la scelta.\" \/>\n<meta name=\"robots\" content=\"index, follow, max-snippet:-1, max-image-preview:large, max-video-preview:-1\" \/>\n<link rel=\"canonical\" href=\"https:\/\/www.desivero.com\/modod\/wc-disabili-come-sceglierlo\/\" \/>\n<meta property=\"og:locale\" content=\"it_IT\" \/>\n<meta property=\"og:type\" content=\"article\" \/>\n<meta property=\"og:title\" content=\"Wc per disabili: come sceglierlo | Desivero\" \/>\n<meta property=\"og:description\" content=\"I wc per disabili devono rispettare delle caratteristiche imposte dalla legge. In questa guida ti diamo tutte le informazioni e i consigli per la scelta.\" \/>\n<meta property=\"og:url\" content=\"https:\/\/www.desivero.com\/modod\/wc-disabili-come-sceglierlo\/\" \/>\n<meta property=\"og:site_name\" content=\"MODO D\" \/>\n<meta property=\"article:publisher\" content=\"https:\/\/www.facebook.com\/desiveroitalia\/\" \/>\n<meta property=\"article:published_time\" content=\"2024-01-23T11:28:33+00:00\" \/>\n<meta property=\"article:modified_time\" content=\"2024-01-23T11:28:34+00:00\" \/>\n<meta property=\"og:image\" content=\"https:\/\/www.desivero.com\/modod\/wp-content\/uploads\/2024\/01\/wc-disabili.jpg\" \/>\n\t<meta property=\"og:image:width\" content=\"1250\" \/>\n\t<meta property=\"og:image:height\" content=\"833\" \/>\n\t<meta property=\"og:image:type\" content=\"image\/jpeg\" \/>\n<meta name=\"author\" content=\"redazionemodod\" \/>\n<meta name=\"twitter:card\" content=\"summary_large_image\" \/>\n<meta name=\"twitter:creator\" content=\"@desiveroitalia\" \/>\n<meta name=\"twitter:site\" content=\"@desiveroitalia\" \/>\n<meta name=\"twitter:label1\" content=\"Scritto da\" \/>\n\t<meta name=\"twitter:data1\" content=\"redazionemodod\" \/>\n\t<meta name=\"twitter:label2\" content=\"Tempo di lettura stimato\" \/>\n\t<meta name=\"twitter:data2\" content=\"4 minuti\" \/>\n<script type=\"application\/ld+json\" class=\"yoast-schema-graph\">{\"@context\":\"https:\\\/\\\/schema.org\",\"@graph\":[{\"@type\":\"Article\",\"@id\":\"https:\\\/\\\/www.desivero.com\\\/modod\\\/wc-disabili-come-sceglierlo\\\/#article\",\"isPartOf\":{\"@id\":\"https:\\\/\\\/www.desivero.com\\\/modod\\\/wc-disabili-come-sceglierlo\\\/\"},\"author\":{\"name\":\"redazionemodod\",\"@id\":\"https:\\\/\\\/www.desivero.com\\\/modod\\\/#\\\/schema\\\/person\\\/df159e918cb35b83b9ccf2ef95218751\"},\"headline\":\"Guida alla scelta del WC per disabili\",\"datePublished\":\"2024-01-23T11:28:33+00:00\",\"dateModified\":\"2024-01-23T11:28:34+00:00\",\"mainEntityOfPage\":{\"@id\":\"https:\\\/\\\/www.desivero.com\\\/modod\\\/wc-disabili-come-sceglierlo\\\/\"},\"wordCount\":787,\"publisher\":{\"@id\":\"https:\\\/\\\/www.desivero.com\\\/modod\\\/#organization\"},\"image\":{\"@id\":\"https:\\\/\\\/www.desivero.com\\\/modod\\\/wc-disabili-come-sceglierlo\\\/#primaryimage\"},\"thumbnailUrl\":\"https:\\\/\\\/www.desivero.com\\\/modod\\\/wp-content\\\/uploads\\\/2024\\\/01\\\/wc-disabili.jpg\",\"articleSection\":[\"Benessere e ambiente\"],\"inLanguage\":\"it-IT\"},{\"@type\":\"ImageObject\",\"inLanguage\":\"it-IT\",\"@id\":\"https:\\\/\\\/www.desivero.com\\\/modod\\\/wc-disabili-come-sceglierlo\\\/#primaryimage\",\"url\":\"https:\\\/\\\/www.desivero.com\\\/modod\\\/wp-content\\\/uploads\\\/2024\\\/01\\\/wc-disabili.jpg\",\"contentUrl\":\"https:\\\/\\\/www.desivero.com\\\/modod\\\/wp-content\\\/uploads\\\/2024\\\/01\\\/wc-disabili.jpg\",\"width\":1250,\"height\":833,\"caption\":\"Wc per disabili\"},{\"@type\":\"BreadcrumbList\",\"@id\":\"https:\\\/\\\/www.desivero.com\\\/modod\\\/wc-disabili-come-sceglierlo\\\/#breadcrumb\",\"itemListElement\":[{\"@type\":\"ListItem\",\"position\":1,\"name\":\"Home\",\"item\":\"https:\\\/\\\/www.desivero.com\\\/modod\\\/\"},{\"@type\":\"ListItem\",\"position\":2,\"name\":\"Benessere e ambiente\",\"item\":\"https:\\\/\\\/www.desivero.com\\\/modod\\\/category\\\/benessere-e-ambiente\\\/\"},{\"@type\":\"ListItem\",\"position\":3,\"name\":\"Guida alla scelta del WC per disabili\"}]},{\"@type\":\"WebSite\",\"@id\":\"https:\\\/\\\/www.desivero.com\\\/modod\\\/#website\",\"url\":\"https:\\\/\\\/www.desivero.com\\\/modod\\\/\",\"name\":\"MODO D\",\"description\":\"\",\"publisher\":{\"@id\":\"https:\\\/\\\/www.desivero.com\\\/modod\\\/#organization\"},\"potentialAction\":[{\"@type\":\"SearchAction\",\"target\":{\"@type\":\"EntryPoint\",\"urlTemplate\":\"https:\\\/\\\/www.desivero.com\\\/modod\\\/?s={search_term_string}\"},\"query-input\":{\"@type\":\"PropertyValueSpecification\",\"valueRequired\":true,\"valueName\":\"search_term_string\"}}],\"inLanguage\":\"it-IT\"},{\"@type\":\"Organization\",\"@id\":\"https:\\\/\\\/www.desivero.com\\\/modod\\\/#organization\",\"name\":\"MODO D\",\"url\":\"https:\\\/\\\/www.desivero.com\\\/modod\\\/\",\"logo\":{\"@type\":\"ImageObject\",\"inLanguage\":\"it-IT\",\"@id\":\"https:\\\/\\\/www.desivero.com\\\/modod\\\/#\\\/schema\\\/logo\\\/image\\\/\",\"url\":\"https:\\\/\\\/www.desivero.com\\\/modod\\\/wp-content\\\/uploads\\\/2017\\\/06\\\/EXE_Modod_RGB-1.png\",\"contentUrl\":\"https:\\\/\\\/www.desivero.com\\\/modod\\\/wp-content\\\/uploads\\\/2017\\\/06\\\/EXE_Modod_RGB-1.png\",\"width\":1753,\"height\":503,\"caption\":\"MODO D\"},\"image\":{\"@id\":\"https:\\\/\\\/www.desivero.com\\\/modod\\\/#\\\/schema\\\/logo\\\/image\\\/\"},\"sameAs\":[\"https:\\\/\\\/www.facebook.com\\\/desiveroitalia\\\/\",\"https:\\\/\\\/x.com\\\/desiveroitalia\"]},{\"@type\":\"Person\",\"@id\":\"https:\\\/\\\/www.desivero.com\\\/modod\\\/#\\\/schema\\\/person\\\/df159e918cb35b83b9ccf2ef95218751\",\"name\":\"redazionemodod\",\"image\":{\"@type\":\"ImageObject\",\"inLanguage\":\"it-IT\",\"@id\":\"https:\\\/\\\/secure.gravatar.com\\\/avatar\\\/f4dee7a055e3b2abd6dc36d91366b760ad4c30f156b3b8add06a79d9e2a3b657?s=96&d=mm&r=g\",\"url\":\"https:\\\/\\\/secure.gravatar.com\\\/avatar\\\/f4dee7a055e3b2abd6dc36d91366b760ad4c30f156b3b8add06a79d9e2a3b657?s=96&d=mm&r=g\",\"contentUrl\":\"https:\\\/\\\/secure.gravatar.com\\\/avatar\\\/f4dee7a055e3b2abd6dc36d91366b760ad4c30f156b3b8add06a79d9e2a3b657?s=96&d=mm&r=g\",\"caption\":\"redazionemodod\"}}]}<\/script>\n<!-- \/ Yoast SEO plugin. -->","yoast_head_json":{"title":"Wc per disabili: come sceglierlo | Desivero","description":"I wc per disabili devono rispettare delle caratteristiche imposte dalla legge. In questa guida ti diamo tutte le informazioni e i consigli per la scelta.","robots":{"index":"index","follow":"follow","max-snippet":"max-snippet:-1","max-image-preview":"max-image-preview:large","max-video-preview":"max-video-preview:-1"},"canonical":"https:\/\/www.desivero.com\/modod\/wc-disabili-come-sceglierlo\/","og_locale":"it_IT","og_type":"article","og_title":"Wc per disabili: come sceglierlo | Desivero","og_description":"I wc per disabili devono rispettare delle caratteristiche imposte dalla legge. In questa guida ti diamo tutte le informazioni e i consigli per la scelta.","og_url":"https:\/\/www.desivero.com\/modod\/wc-disabili-come-sceglierlo\/","og_site_name":"MODO D","article_publisher":"https:\/\/www.facebook.com\/desiveroitalia\/","article_published_time":"2024-01-23T11:28:33+00:00","article_modified_time":"2024-01-23T11:28:34+00:00","og_image":[{"width":1250,"height":833,"url":"https:\/\/www.desivero.com\/modod\/wp-content\/uploads\/2024\/01\/wc-disabili.jpg","type":"image\/jpeg"}],"author":"redazionemodod","twitter_card":"summary_large_image","twitter_creator":"@desiveroitalia","twitter_site":"@desiveroitalia","twitter_misc":{"Scritto da":"redazionemodod","Tempo di lettura stimato":"4 minuti"},"schema":{"@context":"https:\/\/schema.org","@graph":[{"@type":"Article","@id":"https:\/\/www.desivero.com\/modod\/wc-disabili-come-sceglierlo\/#article","isPartOf":{"@id":"https:\/\/www.desivero.com\/modod\/wc-disabili-come-sceglierlo\/"},"author":{"name":"redazionemodod","@id":"https:\/\/www.desivero.com\/modod\/#\/schema\/person\/df159e918cb35b83b9ccf2ef95218751"},"headline":"Guida alla scelta del WC per disabili","datePublished":"2024-01-23T11:28:33+00:00","dateModified":"2024-01-23T11:28:34+00:00","mainEntityOfPage":{"@id":"https:\/\/www.desivero.com\/modod\/wc-disabili-come-sceglierlo\/"},"wordCount":787,"publisher":{"@id":"https:\/\/www.desivero.com\/modod\/#organization"},"image":{"@id":"https:\/\/www.desivero.com\/modod\/wc-disabili-come-sceglierlo\/#primaryimage"},"thumbnailUrl":"https:\/\/www.desivero.com\/modod\/wp-content\/uploads\/2024\/01\/wc-disabili.jpg","articleSection":["Benessere e ambiente"],"inLanguage":"it-IT"},{"@type":"ImageObject","inLanguage":"it-IT","@id":"https:\/\/www.desivero.com\/modod\/wc-disabili-come-sceglierlo\/#primaryimage","url":"https:\/\/www.desivero.com\/modod\/wp-content\/uploads\/2024\/01\/wc-disabili.jpg","contentUrl":"https:\/\/www.desivero.com\/modod\/wp-content\/uploads\/2024\/01\/wc-disabili.jpg","width":1250,"height":833,"caption":"Wc per disabili"},{"@type":"BreadcrumbList","@id":"https:\/\/www.desivero.com\/modod\/wc-disabili-come-sceglierlo\/#breadcrumb","itemListElement":[{"@type":"ListItem","position":1,"name":"Home","item":"https:\/\/www.desivero.com\/modod\/"},{"@type":"ListItem","position":2,"name":"Benessere e ambiente","item":"https:\/\/www.desivero.com\/modod\/category\/benessere-e-ambiente\/"},{"@type":"ListItem","position":3,"name":"Guida alla scelta del WC per disabili"}]},{"@type":"WebSite","@id":"https:\/\/www.desivero.com\/modod\/#website","url":"https:\/\/www.desivero.com\/modod\/","name":"MODO D","description":"","publisher":{"@id":"https:\/\/www.desivero.com\/modod\/#organization"},"potentialAction":[{"@type":"SearchAction","target":{"@type":"EntryPoint","urlTemplate":"https:\/\/www.desivero.com\/modod\/?s={search_term_string}"},"query-input":{"@type":"PropertyValueSpecification","valueRequired":true,"valueName":"search_term_string"}}],"inLanguage":"it-IT"},{"@type":"Organization","@id":"https:\/\/www.desivero.com\/modod\/#organization","name":"MODO D","url":"https:\/\/www.desivero.com\/modod\/","logo":{"@type":"ImageObject","inLanguage":"it-IT","@id":"https:\/\/www.desivero.com\/modod\/#\/schema\/logo\/image\/","url":"https:\/\/www.desivero.com\/modod\/wp-content\/uploads\/2017\/06\/EXE_Modod_RGB-1.png","contentUrl":"https:\/\/www.desivero.com\/modod\/wp-content\/uploads\/2017\/06\/EXE_Modod_RGB-1.png","width":1753,"height":503,"caption":"MODO D"},"image":{"@id":"https:\/\/www.desivero.com\/modod\/#\/schema\/logo\/image\/"},"sameAs":["https:\/\/www.facebook.com\/desiveroitalia\/","https:\/\/x.com\/desiveroitalia"]},{"@type":"Person","@id":"https:\/\/www.desivero.com\/modod\/#\/schema\/person\/df159e918cb35b83b9ccf2ef95218751","name":"redazionemodod","image":{"@type":"ImageObject","inLanguage":"it-IT","@id":"https:\/\/secure.gravatar.com\/avatar\/f4dee7a055e3b2abd6dc36d91366b760ad4c30f156b3b8add06a79d9e2a3b657?s=96&d=mm&r=g","url":"https:\/\/secure.gravatar.com\/avatar\/f4dee7a055e3b2abd6dc36d91366b760ad4c30f156b3b8add06a79d9e2a3b657?s=96&d=mm&r=g","contentUrl":"https:\/\/secure.gravatar.com\/avatar\/f4dee7a055e3b2abd6dc36d91366b760ad4c30f156b3b8add06a79d9e2a3b657?s=96&d=mm&r=g","caption":"redazionemodod"}}]}},"_links":{"self":[{"href":"https:\/\/www.desivero.com\/modod\/wp-json\/wp\/v2\/posts\/7776","targetHints":{"allow":["GET"]}}],"collection":[{"href":"https:\/\/www.desivero.com\/modod\/wp-json\/wp\/v2\/posts"}],"about":[{"href":"https:\/\/www.desivero.com\/modod\/wp-json\/wp\/v2\/types\/post"}],"author":[{"embeddable":true,"href":"https:\/\/www.desivero.com\/modod\/wp-json\/wp\/v2\/users\/8"}],"replies":[{"embeddable":true,"href":"https:\/\/www.desivero.com\/modod\/wp-json\/wp\/v2\/comments?post=7776"}],"version-history":[{"count":4,"href":"https:\/\/www.desivero.com\/modod\/wp-json\/wp\/v2\/posts\/7776\/revisions"}],"predecessor-version":[{"id":7782,"href":"https:\/\/www.desivero.com\/modod\/wp-json\/wp\/v2\/posts\/7776\/revisions\/7782"}],"wp:featuredmedia":[{"embeddable":true,"href":"https:\/\/www.desivero.com\/modod\/wp-json\/wp\/v2\/media\/7777"}],"wp:attachment":[{"href":"https:\/\/www.desivero.com\/modod\/wp-json\/wp\/v2\/media?parent=7776"}],"wp:term":[{"taxonomy":"category","embeddable":true,"href":"https:\/\/www.desivero.com\/modod\/wp-json\/wp\/v2\/categories?post=7776"},{"taxonomy":"post_tag","embeddable":true,"href":"https:\/\/www.desivero.com\/modod\/wp-json\/wp\/v2\/tags?post=7776"}],"curies":[{"name":"wp","href":"https:\/\/api.w.org\/{rel}","templated":true}]}}