{"id":6759,"date":"2022-12-14T10:00:24","date_gmt":"2022-12-14T09:00:24","guid":{"rendered":"https:\/\/www.desivero.com\/modod\/?p=6759"},"modified":"2022-12-14T10:00:25","modified_gmt":"2022-12-14T09:00:25","slug":"bagni-da-montagna-come-scegliere-accessori","status":"publish","type":"post","link":"https:\/\/www.desivero.com\/modod\/bagni-da-montagna-come-scegliere-accessori\/","title":{"rendered":"Come scegliere l&#8217;arredamento di un bagno di montagna"},"content":{"rendered":"\n<p>Chi ha appena realizzato il sogno di acquistare una <strong>seconda casa in montagna<\/strong>, si ritrover\u00e0 ora a dover progettare gli arredi del suo rifugio dalla frenesia metropolitana; compresi quelli del <strong>bagno<\/strong>, che negli anni \u00e8 diventato sempre di pi\u00f9 un luogo in cui estetica e funzionalit\u00e0 si esprimono al meglio per regalarci momenti di puro relax.<\/p>\n\n\n\n<p>In questo articolo di <strong>Desivero<\/strong> scopriremo quindi <strong>come arredare nel modo giusto i bagni di montagna<\/strong>: giocando con <a href=\"https:\/\/www.desivero.com\/shop\/mobili-di-design-per-il-bagno?marca=DESIVERO+DESIGN\" target=\"_blank\" rel=\"noreferrer noopener\">arredo<\/a> e <a href=\"https:\/\/www.desivero.com\/shop\/accessoristica-da-bagno\" target=\"_blank\" rel=\"noreferrer noopener\">accessori<\/a> disponibili in catalogo, andremo a progettare un ambiente che vuole restituire il giusto equilibrio tra le tendenze pi\u00f9 moderne e l\u2019atmosfera pi\u00f9 calorosa e rustica tipica della montagna.<\/p>\n\n\n\n<h2 class=\"wp-block-heading\">Bagni da montagna: come organizzare gli spazi<\/h2>\n\n\n\n<p>Come per qualsiasi altro progetto di arredo, anche per i bagni di montagna dovremmo prima di tutto tenere conto delle <strong>esigenze specifiche<\/strong> di chi li andr\u00e0 a utilizzare. Per una seconda casa, come quelle di villeggiatura, le necessit\u00e0 di spazi e funzioni sono leggermente diverse, perch\u00e9 si tratta di <strong>abitazioni utilizzate in modo stagionale<\/strong> e non continuativo.<\/p>\n\n\n\n<p>Generalmente, i bagni da montagna presentano <strong>metrature pi\u00f9 piccole<\/strong> rispetto a quelli degli appartamenti di citt\u00e0, per concedere pi\u00f9 spazio alle altre stanze. Trattandosi di ambienti contenuti e <strong>spesso mansardati<\/strong>, l&#8217;organizzazione degli spazi dovr\u00e0 quindi essere attenta e ragionata, e orientata a soddisfare i bisogni degli abitanti della casa. Ci\u00f2 significa partire dalle priorit\u00e0 per poter stabilire <strong>a quale funzione del bagno sar\u00e0 destinato pi\u00f9 spazio<\/strong>.<\/p>\n\n\n\n<p>Per progettare il bagno della casa di montagna baster\u00e0 cos\u00ec porsi alcune domande fondamentali. Dopo un&#8217;intensa giornata sulle piste da sci, preferiamo rilassarci in una elegante <a href=\"https:\/\/www.desivero.com\/shop\/vasche-da-bagno\" target=\"_blank\" rel=\"noreferrer noopener\">vasca da bagno di design<\/a> o ritrovare vigore sotto il getto di una pratica <a href=\"https:\/\/www.desivero.com\/shop\/doccia\" target=\"_blank\" rel=\"noreferrer noopener\">doccia aperta<\/a>? Quanto spazio vogliamo riservare ai mobili per riporre la biancheria e i prodotti per la cura di capelli e corpo? La nostra \u00e8 una famiglia numerosa? Tutti quesiti importanti, e che <strong>influenzano di molto la scelta di mobili, sanitari e accessori<\/strong> che siano comodi per tutti e che lascino sempre spazio per muoversi liberamente all&#8217;interno del nostro bagno da montagna.<\/p>\n\n\n\n<h2 class=\"wp-block-heading\">Come scegliere gli accessori per l&#8217;arredo di un bagno da montagna<\/h2>\n\n\n\n<p>Prima di dedicarci all&#8217;arredo del bagno di montagna, esploriamo insieme i <strong>migliori accessori<\/strong> per impreziosire e valorizzare gli spazi a disposizione. Vere e proprie finezze che conferiranno al bagno un tocco in pi\u00f9, e tutta la calda magia delle case di montagna. Per l&#8217;<a href=\"https:\/\/www.desivero.com\/shop\/lampade-e-specchi-da-bagno\" target=\"_blank\" rel=\"noreferrer noopener\"><strong>illuminazione<\/strong><\/a>, scegliamo delle <strong>applique<\/strong> da applicare sulle pareti, perfette per illuminare angoli bui e piccoli spazi. Le luci devono essere <strong>soft e molto naturali<\/strong> per mantenere un mood rilassato, magari puntando su LED nascosti lungo le scaffalature o su <a href=\"https:\/\/www.desivero.com\/colombo-design-led-mirrors-b20640-specchio-retroilluminato-100x80-alluminio-codice-prod-b20640-2190005486\" target=\"_blank\" rel=\"noreferrer noopener\">specchiere con LED integrati<\/a>.<\/p>\n\n\n\n<p>Nei bagni di montagna non pu\u00f2 mancare neppure una <strong>burn door<\/strong>, vale a dire quel serramento che richiama lo stile rustico dei fienili e delle fattorie, da abbinare ad accessori fatti di materiali come <strong>legno, ferro e intrecciati<\/strong>. Pensiamo a ceste portaoggetti, mensole in legno e portarotoli, anche in un elegante <strong>metallo nero <\/strong>per uno stile pi\u00f9 moderno. Per chi non ha paura di osare, l&#8217;accessoristica <a href=\"https:\/\/www.desivero.com\/shop\/accessoristica-da-bagno\" target=\"_blank\" rel=\"noreferrer noopener\">scelta su Desivero<\/a> pu\u00f2 sposarsi con <a href=\"https:\/\/www.desivero.com\/shop\/rubinetteria-da-bagno\" target=\"_blank\" rel=\"noreferrer noopener\"><strong>rubinetteria in acciaio o in ottone scuro<\/strong><\/a>, da richiamare con i porta asciugamani e con gli altri complementi d&#8217;arredo.&nbsp;<\/p>\n\n\n\n<h2 class=\"wp-block-heading\">Come arredare un bagno da montagna<\/h2>\n\n\n\n<p>Le tendenze del momento, anche per quanto riguarda l&#8217;arredamento dei bagni di montagna, suggeriscono di puntare su sanitari e mobili dallo <strong>stile moderno e minimale<\/strong>. Il tipico arredo del bagno da montagna predilige l&#8217;incontro tra linee semplici e materiali di recupero, assieme a <strong>rivestimenti in materie prime naturali<\/strong> poco trattate, che richiamano il legame con i monti e il fascino di questi luoghi. Via libera quindi al <strong>legno<\/strong> per pavimenti e rivestimenti, da abbinare magari a <strong>piatti doccia effetto pietra<\/strong> e a docce walk-in, ma anche a <strong>sanitari coordinati dalle dimensioni compatte<\/strong>.<\/p>\n\n\n\n<p>Nell&#8217;<a href=\"https:\/\/www.desivero.com\/shop\/mobili-di-design-per-il-bagno?marca=DESIVERO+DESIGN\" target=\"_blank\" rel=\"noreferrer noopener\">eShop Desivero<\/a> sono disponibili poi tanti mobili per il bagno della casa di montagna assieme belli, capienti e funzionali. Scegliendoli, potremo sfruttarne la composizione combinando sia l&#8217;altezza che la profondit\u00e0 dei <strong>mobili di design da terra o sospesi<\/strong>, oppure ancora dare un tocco originale alle pareti montando delle <strong>mensole<\/strong> e dei <strong>pensili<\/strong> lontani dal mobile principale. Se in casa siamo in tanti e il bagno \u00e8 solo uno, un&#8217;ottima idea \u00e8 quella di optare per un <a href=\"https:\/\/www.desivero.com\/d-code-lavabodoppio-1-foro-120x49-2160001427\" target=\"_blank\" rel=\"noreferrer noopener\"><strong>doppio lavabo<\/strong><\/a>, per le coppie invece meglio un <strong>lavabo freestanding<\/strong> di design, dall&#8217;ingombro pi\u00f9 contenuto.\u00a0\u00a0<\/p>\n\n\n\n<div class=\"divider-wrap\"><div style=\"height: 25px;\" class=\"divider\"><\/div><\/div>[nectar_btn size=&#8221;small&#8221; open_new_tab=&#8221;true&#8221; button_style=&#8221;regular&#8221; button_color_2=&#8221;Accent-Color&#8221; icon_family=&#8221;none&#8221; url=&#8221;https:\/\/www.desivero.com\/shop\/mobili-di-design-per-il-bagno?marca=DESIVERO+DESIGN&#8221; text=&#8221;DEVI SCEGLIERE GLI ARREDI PER IL BAGNO? CONSIDERALO FATTO.&#8221;]  <\/p>\n\n\n[vc_row type=&#8221;in_container&#8221; full_screen_row_position=&#8221;middle&#8221; scene_position=&#8221;center&#8221; text_color=&#8221;dark&#8221; text_align=&#8221;left&#8221; id=&#8221;row-correlati&#8221; overlay_strength=&#8221;0.3&#8243;][vc_column column_padding=&#8221;no-extra-padding&#8221; column_padding_position=&#8221;all&#8221; background_color_opacity=&#8221;1&#8243; background_hover_color_opacity=&#8221;1&#8243; width=&#8221;1\/1&#8243; tablet_text_alignment=&#8221;default&#8221; phone_text_alignment=&#8221;default&#8221;]<div class=\"divider-wrap\"><div style=\"margin-top: 12px; width: 20%px; height: 1px; margin-bottom: 12px;\" data-width=\"20%\" data-animate=\"\" data-animation-delay=\"\" data-color=\"default\" class=\"divider-small-border\"><\/div><\/div>[vc_column_text]<span style=\"color: #99ccff;\">Articoli correlati<\/span>[\/vc_column_text]\n        <div class=\"row blog-recent columns-3\" data-style=\"minimal\">\n\n            \n                <div class=\"col span_4\">\n\n                    \n                        <div class=\"post-header\">\n                                                            <figure class=\"correlati-image\" style=\"background-image: url(https:\/\/www.desivero.com\/modod\/wp-content\/uploads\/2024\/11\/specchio-bagno.jpg)\">\n                                    <a href=\"https:\/\/www.desivero.com\/modod\/specchio-bagno-come-scegliere\/\"><\/a>\n                                <\/figure>\n                                                            <h3 class=\"title\"><a href=\"https:\/\/www.desivero.com\/modod\/specchio-bagno-come-scegliere\/\">Come scegliere il giusto specchio per il tuo bagno<\/a><\/h3>\n                            <span class=\"meta categoria-correlati pdd\">\n                <a href=\"https:\/\/www.desivero.com\/modod\/category\/ispirazioni-e-tendenze\/\">Ispirazioni e tendenze<\/a>                 <\/span>\n                        <\/div><!--\/post-header-->\n                        <p>Scegli lo specchio perfetto per il tuo bagno: da quelli con luce integrata a quelli di design. Scopri i migliori modelli e consigli utili.<\/p>\n                        <span>Read More <i class=\"icon-button-arrow\"><\/i><\/span>\n\n                    \n                <\/div><!--\/col-->\n\n            \n                <div class=\"col span_4\">\n\n                    \n                        <div class=\"post-header\">\n                                                            <figure class=\"correlati-image\" style=\"background-image: url(https:\/\/www.desivero.com\/modod\/wp-content\/uploads\/2024\/11\/rubinetto-cascata.jpg)\">\n                                    <a href=\"https:\/\/www.desivero.com\/modod\/rubinetti-cascata-cosa-sono-pregi-difetti\/\"><\/a>\n                                <\/figure>\n                                                            <h3 class=\"title\"><a href=\"https:\/\/www.desivero.com\/modod\/rubinetti-cascata-cosa-sono-pregi-difetti\/\"><strong>Rubinetti a cascata: guida completa su funzionamento, vantaggi e stile<\/strong><\/a><\/h3>\n                            <span class=\"meta categoria-correlati pdd\">\n                <a href=\"https:\/\/www.desivero.com\/modod\/category\/ispirazioni-e-tendenze\/\">Ispirazioni e tendenze<\/a>                 <\/span>\n                        <\/div><!--\/post-header-->\n                        <p>Rubinetti a cascata: tutto ci\u00f2 che devi sapere su funzionalit\u00e0, estetica, vantaggi e svantaggi. Ideali per vasche e lavabi dal tocco moderno.<\/p>\n                        <span>Read More <i class=\"icon-button-arrow\"><\/i><\/span>\n\n                    \n                <\/div><!--\/col-->\n\n            \n                <div class=\"col span_4\">\n\n                    \n                        <div class=\"post-header\">\n                                                            <figure class=\"correlati-image\" style=\"background-image: url(https:\/\/www.desivero.com\/modod\/wp-content\/uploads\/2024\/09\/1.jpg)\">\n                                    <a href=\"https:\/\/www.desivero.com\/modod\/le-migliori-pompe-di-calore-classifica-2026\/\"><\/a>\n                                <\/figure>\n                                                            <h3 class=\"title\"><a href=\"https:\/\/www.desivero.com\/modod\/le-migliori-pompe-di-calore-classifica-2026\/\">Le migliori pompe di calore: classifica 2026<\/a><\/h3>\n                            <span class=\"meta categoria-correlati pdd\">\n                <a href=\"https:\/\/www.desivero.com\/modod\/category\/ispirazioni-e-tendenze\/\">Ispirazioni e tendenze<\/a>                 <\/span>\n                        <\/div><!--\/post-header-->\n                        <p>Confronta i migliori marchi di pompe di calore, come Mitsubishi, Vaillant e Daikin, per trovare l&#8217;opzione pi\u00f9 adatta alle tue esigenze.<\/p>\n                        <span>Read More <i class=\"icon-button-arrow\"><\/i><\/span>\n\n                    \n                <\/div><!--\/col-->\n\n            \n        <\/div><!--\/blog-recent-->\n\n        [\/vc_column][\/vc_row]\n","protected":false},"excerpt":{"rendered":"<p>Desideri arredare il tuo bagno nella casa in montagna? Scopri allora come scegliere gli accessori per l&#8217;arredo del tuo bagno in montagna.<\/p>\n","protected":false},"author":8,"featured_media":6760,"comment_status":"closed","ping_status":"closed","sticky":false,"template":"","format":"standard","meta":{"_acf_changed":false,"footnotes":""},"categories":[2],"tags":[],"class_list":{"0":"post-6759","1":"post","2":"type-post","3":"status-publish","4":"format-standard","5":"has-post-thumbnail","7":"category-ispirazioni-e-tendenze"},"acf":[],"yoast_head":"<!-- This site is optimized with the Yoast SEO plugin v27.5 - https:\/\/yoast.com\/product\/yoast-seo-wordpress\/ -->\n<title>Bagni da montagna: come scegliere gli accessori | Desivero<\/title>\n<meta name=\"description\" content=\"Desideri arredare il tuo bagno nella casa in montagna? Scopri allora come scegliere gli accessori per l&#039;arredo del tuo bagno in montagna.\" \/>\n<meta name=\"robots\" content=\"index, follow, max-snippet:-1, max-image-preview:large, max-video-preview:-1\" \/>\n<link rel=\"canonical\" href=\"https:\/\/www.desivero.com\/modod\/bagni-da-montagna-come-scegliere-accessori\/\" \/>\n<meta property=\"og:locale\" content=\"it_IT\" \/>\n<meta property=\"og:type\" content=\"article\" \/>\n<meta property=\"og:title\" content=\"Bagni da montagna: come scegliere gli accessori | Desivero\" \/>\n<meta property=\"og:description\" content=\"Desideri arredare il tuo bagno nella casa in montagna? Scopri allora come scegliere gli accessori per l&#039;arredo del tuo bagno in montagna.\" \/>\n<meta property=\"og:url\" content=\"https:\/\/www.desivero.com\/modod\/bagni-da-montagna-come-scegliere-accessori\/\" \/>\n<meta property=\"og:site_name\" content=\"MODO D\" \/>\n<meta property=\"article:publisher\" content=\"https:\/\/www.facebook.com\/desiveroitalia\/\" \/>\n<meta property=\"article:published_time\" content=\"2022-12-14T09:00:24+00:00\" \/>\n<meta property=\"article:modified_time\" content=\"2022-12-14T09:00:25+00:00\" \/>\n<meta property=\"og:image\" content=\"https:\/\/www.desivero.com\/modod\/wp-content\/uploads\/2022\/12\/bagno-da-montagna.jpg\" \/>\n\t<meta property=\"og:image:width\" content=\"1250\" \/>\n\t<meta property=\"og:image:height\" content=\"833\" \/>\n\t<meta property=\"og:image:type\" content=\"image\/jpeg\" \/>\n<meta name=\"author\" content=\"redazionemodod\" \/>\n<meta name=\"twitter:card\" content=\"summary_large_image\" \/>\n<meta name=\"twitter:creator\" content=\"@desiveroitalia\" \/>\n<meta name=\"twitter:site\" content=\"@desiveroitalia\" \/>\n<meta name=\"twitter:label1\" content=\"Scritto da\" \/>\n\t<meta name=\"twitter:data1\" content=\"redazionemodod\" \/>\n\t<meta name=\"twitter:label2\" content=\"Tempo di lettura stimato\" \/>\n\t<meta name=\"twitter:data2\" content=\"5 minuti\" \/>\n<script type=\"application\/ld+json\" class=\"yoast-schema-graph\">{\"@context\":\"https:\\\/\\\/schema.org\",\"@graph\":[{\"@type\":\"Article\",\"@id\":\"https:\\\/\\\/www.desivero.com\\\/modod\\\/bagni-da-montagna-come-scegliere-accessori\\\/#article\",\"isPartOf\":{\"@id\":\"https:\\\/\\\/www.desivero.com\\\/modod\\\/bagni-da-montagna-come-scegliere-accessori\\\/\"},\"author\":{\"name\":\"redazionemodod\",\"@id\":\"https:\\\/\\\/www.desivero.com\\\/modod\\\/#\\\/schema\\\/person\\\/df159e918cb35b83b9ccf2ef95218751\"},\"headline\":\"Come scegliere l&#8217;arredamento di un bagno di montagna\",\"datePublished\":\"2022-12-14T09:00:24+00:00\",\"dateModified\":\"2022-12-14T09:00:25+00:00\",\"mainEntityOfPage\":{\"@id\":\"https:\\\/\\\/www.desivero.com\\\/modod\\\/bagni-da-montagna-come-scegliere-accessori\\\/\"},\"wordCount\":859,\"publisher\":{\"@id\":\"https:\\\/\\\/www.desivero.com\\\/modod\\\/#organization\"},\"image\":{\"@id\":\"https:\\\/\\\/www.desivero.com\\\/modod\\\/bagni-da-montagna-come-scegliere-accessori\\\/#primaryimage\"},\"thumbnailUrl\":\"https:\\\/\\\/www.desivero.com\\\/modod\\\/wp-content\\\/uploads\\\/2022\\\/12\\\/bagno-da-montagna.jpg\",\"articleSection\":[\"Ispirazioni e tendenze\"],\"inLanguage\":\"it-IT\"},{\"@type\":\"ImageObject\",\"inLanguage\":\"it-IT\",\"@id\":\"https:\\\/\\\/www.desivero.com\\\/modod\\\/bagni-da-montagna-come-scegliere-accessori\\\/#primaryimage\",\"url\":\"https:\\\/\\\/www.desivero.com\\\/modod\\\/wp-content\\\/uploads\\\/2022\\\/12\\\/bagno-da-montagna.jpg\",\"contentUrl\":\"https:\\\/\\\/www.desivero.com\\\/modod\\\/wp-content\\\/uploads\\\/2022\\\/12\\\/bagno-da-montagna.jpg\",\"width\":1250,\"height\":833,\"caption\":\"Bagno da montagna\"},{\"@type\":\"BreadcrumbList\",\"@id\":\"https:\\\/\\\/www.desivero.com\\\/modod\\\/bagni-da-montagna-come-scegliere-accessori\\\/#breadcrumb\",\"itemListElement\":[{\"@type\":\"ListItem\",\"position\":1,\"name\":\"Home\",\"item\":\"https:\\\/\\\/www.desivero.com\\\/modod\\\/\"},{\"@type\":\"ListItem\",\"position\":2,\"name\":\"Ispirazioni e tendenze\",\"item\":\"https:\\\/\\\/www.desivero.com\\\/modod\\\/category\\\/ispirazioni-e-tendenze\\\/\"},{\"@type\":\"ListItem\",\"position\":3,\"name\":\"Come scegliere l&#8217;arredamento di un bagno di montagna\"}]},{\"@type\":\"WebSite\",\"@id\":\"https:\\\/\\\/www.desivero.com\\\/modod\\\/#website\",\"url\":\"https:\\\/\\\/www.desivero.com\\\/modod\\\/\",\"name\":\"MODO D\",\"description\":\"\",\"publisher\":{\"@id\":\"https:\\\/\\\/www.desivero.com\\\/modod\\\/#organization\"},\"potentialAction\":[{\"@type\":\"SearchAction\",\"target\":{\"@type\":\"EntryPoint\",\"urlTemplate\":\"https:\\\/\\\/www.desivero.com\\\/modod\\\/?s={search_term_string}\"},\"query-input\":{\"@type\":\"PropertyValueSpecification\",\"valueRequired\":true,\"valueName\":\"search_term_string\"}}],\"inLanguage\":\"it-IT\"},{\"@type\":\"Organization\",\"@id\":\"https:\\\/\\\/www.desivero.com\\\/modod\\\/#organization\",\"name\":\"MODO D\",\"url\":\"https:\\\/\\\/www.desivero.com\\\/modod\\\/\",\"logo\":{\"@type\":\"ImageObject\",\"inLanguage\":\"it-IT\",\"@id\":\"https:\\\/\\\/www.desivero.com\\\/modod\\\/#\\\/schema\\\/logo\\\/image\\\/\",\"url\":\"https:\\\/\\\/www.desivero.com\\\/modod\\\/wp-content\\\/uploads\\\/2017\\\/06\\\/EXE_Modod_RGB-1.png\",\"contentUrl\":\"https:\\\/\\\/www.desivero.com\\\/modod\\\/wp-content\\\/uploads\\\/2017\\\/06\\\/EXE_Modod_RGB-1.png\",\"width\":1753,\"height\":503,\"caption\":\"MODO D\"},\"image\":{\"@id\":\"https:\\\/\\\/www.desivero.com\\\/modod\\\/#\\\/schema\\\/logo\\\/image\\\/\"},\"sameAs\":[\"https:\\\/\\\/www.facebook.com\\\/desiveroitalia\\\/\",\"https:\\\/\\\/x.com\\\/desiveroitalia\"]},{\"@type\":\"Person\",\"@id\":\"https:\\\/\\\/www.desivero.com\\\/modod\\\/#\\\/schema\\\/person\\\/df159e918cb35b83b9ccf2ef95218751\",\"name\":\"redazionemodod\",\"image\":{\"@type\":\"ImageObject\",\"inLanguage\":\"it-IT\",\"@id\":\"https:\\\/\\\/secure.gravatar.com\\\/avatar\\\/f4dee7a055e3b2abd6dc36d91366b760ad4c30f156b3b8add06a79d9e2a3b657?s=96&d=mm&r=g\",\"url\":\"https:\\\/\\\/secure.gravatar.com\\\/avatar\\\/f4dee7a055e3b2abd6dc36d91366b760ad4c30f156b3b8add06a79d9e2a3b657?s=96&d=mm&r=g\",\"contentUrl\":\"https:\\\/\\\/secure.gravatar.com\\\/avatar\\\/f4dee7a055e3b2abd6dc36d91366b760ad4c30f156b3b8add06a79d9e2a3b657?s=96&d=mm&r=g\",\"caption\":\"redazionemodod\"}}]}<\/script>\n<!-- \/ Yoast SEO plugin. -->","yoast_head_json":{"title":"Bagni da montagna: come scegliere gli accessori | Desivero","description":"Desideri arredare il tuo bagno nella casa in montagna? Scopri allora come scegliere gli accessori per l'arredo del tuo bagno in montagna.","robots":{"index":"index","follow":"follow","max-snippet":"max-snippet:-1","max-image-preview":"max-image-preview:large","max-video-preview":"max-video-preview:-1"},"canonical":"https:\/\/www.desivero.com\/modod\/bagni-da-montagna-come-scegliere-accessori\/","og_locale":"it_IT","og_type":"article","og_title":"Bagni da montagna: come scegliere gli accessori | Desivero","og_description":"Desideri arredare il tuo bagno nella casa in montagna? Scopri allora come scegliere gli accessori per l'arredo del tuo bagno in montagna.","og_url":"https:\/\/www.desivero.com\/modod\/bagni-da-montagna-come-scegliere-accessori\/","og_site_name":"MODO D","article_publisher":"https:\/\/www.facebook.com\/desiveroitalia\/","article_published_time":"2022-12-14T09:00:24+00:00","article_modified_time":"2022-12-14T09:00:25+00:00","og_image":[{"width":1250,"height":833,"url":"https:\/\/www.desivero.com\/modod\/wp-content\/uploads\/2022\/12\/bagno-da-montagna.jpg","type":"image\/jpeg"}],"author":"redazionemodod","twitter_card":"summary_large_image","twitter_creator":"@desiveroitalia","twitter_site":"@desiveroitalia","twitter_misc":{"Scritto da":"redazionemodod","Tempo di lettura stimato":"5 minuti"},"schema":{"@context":"https:\/\/schema.org","@graph":[{"@type":"Article","@id":"https:\/\/www.desivero.com\/modod\/bagni-da-montagna-come-scegliere-accessori\/#article","isPartOf":{"@id":"https:\/\/www.desivero.com\/modod\/bagni-da-montagna-come-scegliere-accessori\/"},"author":{"name":"redazionemodod","@id":"https:\/\/www.desivero.com\/modod\/#\/schema\/person\/df159e918cb35b83b9ccf2ef95218751"},"headline":"Come scegliere l&#8217;arredamento di un bagno di montagna","datePublished":"2022-12-14T09:00:24+00:00","dateModified":"2022-12-14T09:00:25+00:00","mainEntityOfPage":{"@id":"https:\/\/www.desivero.com\/modod\/bagni-da-montagna-come-scegliere-accessori\/"},"wordCount":859,"publisher":{"@id":"https:\/\/www.desivero.com\/modod\/#organization"},"image":{"@id":"https:\/\/www.desivero.com\/modod\/bagni-da-montagna-come-scegliere-accessori\/#primaryimage"},"thumbnailUrl":"https:\/\/www.desivero.com\/modod\/wp-content\/uploads\/2022\/12\/bagno-da-montagna.jpg","articleSection":["Ispirazioni e tendenze"],"inLanguage":"it-IT"},{"@type":"ImageObject","inLanguage":"it-IT","@id":"https:\/\/www.desivero.com\/modod\/bagni-da-montagna-come-scegliere-accessori\/#primaryimage","url":"https:\/\/www.desivero.com\/modod\/wp-content\/uploads\/2022\/12\/bagno-da-montagna.jpg","contentUrl":"https:\/\/www.desivero.com\/modod\/wp-content\/uploads\/2022\/12\/bagno-da-montagna.jpg","width":1250,"height":833,"caption":"Bagno da montagna"},{"@type":"BreadcrumbList","@id":"https:\/\/www.desivero.com\/modod\/bagni-da-montagna-come-scegliere-accessori\/#breadcrumb","itemListElement":[{"@type":"ListItem","position":1,"name":"Home","item":"https:\/\/www.desivero.com\/modod\/"},{"@type":"ListItem","position":2,"name":"Ispirazioni e tendenze","item":"https:\/\/www.desivero.com\/modod\/category\/ispirazioni-e-tendenze\/"},{"@type":"ListItem","position":3,"name":"Come scegliere l&#8217;arredamento di un bagno di montagna"}]},{"@type":"WebSite","@id":"https:\/\/www.desivero.com\/modod\/#website","url":"https:\/\/www.desivero.com\/modod\/","name":"MODO D","description":"","publisher":{"@id":"https:\/\/www.desivero.com\/modod\/#organization"},"potentialAction":[{"@type":"SearchAction","target":{"@type":"EntryPoint","urlTemplate":"https:\/\/www.desivero.com\/modod\/?s={search_term_string}"},"query-input":{"@type":"PropertyValueSpecification","valueRequired":true,"valueName":"search_term_string"}}],"inLanguage":"it-IT"},{"@type":"Organization","@id":"https:\/\/www.desivero.com\/modod\/#organization","name":"MODO D","url":"https:\/\/www.desivero.com\/modod\/","logo":{"@type":"ImageObject","inLanguage":"it-IT","@id":"https:\/\/www.desivero.com\/modod\/#\/schema\/logo\/image\/","url":"https:\/\/www.desivero.com\/modod\/wp-content\/uploads\/2017\/06\/EXE_Modod_RGB-1.png","contentUrl":"https:\/\/www.desivero.com\/modod\/wp-content\/uploads\/2017\/06\/EXE_Modod_RGB-1.png","width":1753,"height":503,"caption":"MODO D"},"image":{"@id":"https:\/\/www.desivero.com\/modod\/#\/schema\/logo\/image\/"},"sameAs":["https:\/\/www.facebook.com\/desiveroitalia\/","https:\/\/x.com\/desiveroitalia"]},{"@type":"Person","@id":"https:\/\/www.desivero.com\/modod\/#\/schema\/person\/df159e918cb35b83b9ccf2ef95218751","name":"redazionemodod","image":{"@type":"ImageObject","inLanguage":"it-IT","@id":"https:\/\/secure.gravatar.com\/avatar\/f4dee7a055e3b2abd6dc36d91366b760ad4c30f156b3b8add06a79d9e2a3b657?s=96&d=mm&r=g","url":"https:\/\/secure.gravatar.com\/avatar\/f4dee7a055e3b2abd6dc36d91366b760ad4c30f156b3b8add06a79d9e2a3b657?s=96&d=mm&r=g","contentUrl":"https:\/\/secure.gravatar.com\/avatar\/f4dee7a055e3b2abd6dc36d91366b760ad4c30f156b3b8add06a79d9e2a3b657?s=96&d=mm&r=g","caption":"redazionemodod"}}]}},"_links":{"self":[{"href":"https:\/\/www.desivero.com\/modod\/wp-json\/wp\/v2\/posts\/6759","targetHints":{"allow":["GET"]}}],"collection":[{"href":"https:\/\/www.desivero.com\/modod\/wp-json\/wp\/v2\/posts"}],"about":[{"href":"https:\/\/www.desivero.com\/modod\/wp-json\/wp\/v2\/types\/post"}],"author":[{"embeddable":true,"href":"https:\/\/www.desivero.com\/modod\/wp-json\/wp\/v2\/users\/8"}],"replies":[{"embeddable":true,"href":"https:\/\/www.desivero.com\/modod\/wp-json\/wp\/v2\/comments?post=6759"}],"version-history":[{"count":2,"href":"https:\/\/www.desivero.com\/modod\/wp-json\/wp\/v2\/posts\/6759\/revisions"}],"predecessor-version":[{"id":6762,"href":"https:\/\/www.desivero.com\/modod\/wp-json\/wp\/v2\/posts\/6759\/revisions\/6762"}],"wp:featuredmedia":[{"embeddable":true,"href":"https:\/\/www.desivero.com\/modod\/wp-json\/wp\/v2\/media\/6760"}],"wp:attachment":[{"href":"https:\/\/www.desivero.com\/modod\/wp-json\/wp\/v2\/media?parent=6759"}],"wp:term":[{"taxonomy":"category","embeddable":true,"href":"https:\/\/www.desivero.com\/modod\/wp-json\/wp\/v2\/categories?post=6759"},{"taxonomy":"post_tag","embeddable":true,"href":"https:\/\/www.desivero.com\/modod\/wp-json\/wp\/v2\/tags?post=6759"}],"curies":[{"name":"wp","href":"https:\/\/api.w.org\/{rel}","templated":true}]}}