{"id":6640,"date":"2022-08-31T09:36:38","date_gmt":"2022-08-31T07:36:38","guid":{"rendered":"https:\/\/www.desivero.com\/modod\/?p=6640"},"modified":"2022-08-31T09:36:39","modified_gmt":"2022-08-31T07:36:39","slug":"idee-lavanderia-come-arredarla-progettarla","status":"publish","type":"post","link":"https:\/\/www.desivero.com\/modod\/idee-lavanderia-come-arredarla-progettarla\/","title":{"rendered":"Come arredare una lavanderia in casa"},"content":{"rendered":"\n<p>Spesso siamo portati a pensare che il <strong>locale lavanderia in casa<\/strong> sia un lusso riservato a pochi, e un ambiente da poter progettare solo nelle abitazioni pi\u00f9 grandi. In realt\u00e0, anche chi vive in spazi ristretti potrebbe realizzare un angolo riservato alla lavanderia o a riporre gli attrezzi per le pulizie. Oggi, quindi, creare e organizzare una lavanderia domestica \u00e8 un&#8217;esigenza sempre pi\u00f9 diffusa, e che mette a nostra disposizione <strong>ordine<\/strong>, <strong>praticit\u00e0<\/strong> e, assieme, un certo livello di <strong>ricerca estetica<\/strong>.<\/p>\n\n\n\n<p>Proprio per questo, <strong>Desivero<\/strong> espone nel suo <a href=\"https:\/\/www.desivero.com\/shop\/zona-lavanderia\" target=\"_blank\" rel=\"noreferrer noopener\">catalogo online<\/a> tante <strong>idee lavanderia<\/strong> diverse, per adattarsi alle esigenze di ogni nucleo familiare, e di ogni tipo di dimora. In pi\u00f9, in questo articolo esploreremo qualche consiglio per arredare una lavanderia, cos\u00ec da creare un ambiente davvero funzionale e bello da vedere, <strong>tenendo conto degli spazi a nostra disposizione<\/strong>. Il locale lavanderia potr\u00e0 essere realizzato in una stanza dedicata oppure in un angolo o in un piccolo vano della casa, come pu\u00f2 essere un sottoscala, il bagno o un ripostiglio.<\/p>\n\n\n\n<h2 class=\"wp-block-heading\">Come scegliere il mobile per lavanderia<\/h2>\n\n\n\n<p>Prima di esplorare le tante idee lavanderia presenti nel <a href=\"https:\/\/www.desivero.com\/shop\/zona-lavanderia\" target=\"_blank\" rel=\"noreferrer noopener\">catalogo di Desivero<\/a> per piccoli o grandi spazi, \u00e8 bene fissare i fondamentali. S\u00ec perch\u00e9, per progettare una lavanderia in casa, abbiamo bisogno di alcuni elementi che non possono di certo mancare. Il primo \u00e8 senza dubbio la <strong>lavatrice<\/strong>, accompagnata da uno stendibiancheria e dei<strong> cesti portabiancheria<\/strong>, senza dimenticare <strong>asse da stiro<\/strong>, <strong>asciugatrice<\/strong>, qualche mensola e un <strong>mobile lavatoio<\/strong> &#8211; classico, ad angolo, oppure <a href=\"https:\/\/www.desivero.com\/ideal-standard-lago-lavatoio-incasso-61x50-beu-mobile-non-incluso-codice-prod-j089200-bianco-europa-2190004691\" target=\"_blank\" rel=\"noreferrer noopener\">con piano di scolo<\/a> per lavare a mano o pre-trattare piccoli capi.<\/p>\n\n\n\n<p>Quest&#8217;ultimo, in particolare, \u00e8 disponibile in diverse tipologie e dimensioni, per essere installato all&#8217;occorrenza in bagni grandi e piccoli. La regola d&#8217;oro per valutare quale sia il <strong>mobile lavatoio giusto<\/strong> \u00e8 di <strong>considerare lo spazio a nostra disposizione<\/strong>. Il modello pi\u00f9 classico, indicato per una vera e propria stanza adibita alla lavanderia o per uno spazio apposito nel proprio bagno, \u00e8 il cosiddetto<strong> lavatoio d&#8217;appoggio<\/strong>, montato su un mobile o su un ripiano. Pensiamo ai prodotti <strong>Galassia<\/strong> per il nuovo progetto di industrial design <a href=\"https:\/\/www.desivero.com\/galassia-meg11-lavatoio-65x45-bianco-lucido-fissaggi-inclusi-codice-prod-5403-bianco-lucido-2160008469\" target=\"_blank\" rel=\"noreferrer noopener\"><strong>MEG11<\/strong><\/a>, caratterizzato da forme e segni che evidenziano l\u2019emozionalit\u00e0 e la poetica dell&#8217;arredo lavanderia.<\/p>\n\n\n\n<p>Nel caso, invece, lo <strong>spazio sia pi\u00f9 piccolo<\/strong>, \u00e8 preferibile selezionare <strong>prodotti che si sviluppano solo in altezza<\/strong> &#8211; come i mobili per lavanderia a due ante &#8211; oppure un mobile lavanderia che contenga la lavatrice, l&#8217;eventuale asciugatrice e tutto ci\u00f2 che ci occorre. Per quanto riguarda i materiali, invece, la <strong>ceramica<\/strong> \u00e8 il pi\u00f9 adatto, oltre che quello pi\u00f9 utilizzato. Naturale, considerando che ci troviamo di fronte ad un materiale resistente e igienico, che sa adattarsi anche al resto dell\u2019arredamento del nostro bagno. Esempio in tale senso \u00e8 il <a href=\"https:\/\/www.desivero.com\/galassia-iside-lavatoio-60x50-bianco-codice-prod-2001-bianco-2160002096\" target=\"_blank\" rel=\"noreferrer noopener\">lavatoio <strong>Iside<\/strong><\/a>, dalle forme classiche e il mood nostalgico.<\/p>\n\n\n\n<h2 class=\"wp-block-heading\">I fondamentali per una lavanderia piccola<\/h2>\n\n\n\n<p>Se la nostra casa \u00e8 piccola, dovremo sforzarci maggiormente in fase di progettazione e cercare l&#8217;angolo giusto in cui posizionare le <a href=\"https:\/\/www.desivero.com\/shop\/zona-lavanderia\" target=\"_blank\" rel=\"noreferrer noopener\">idee lavanderia<\/a> di Desivero. L&#8217;obiettivo \u00e8 quello di dare vita ad un <strong>piccolo angolo fatto a regola d&#8217;arte<\/strong>, che sappia regalare un impatto visivo degno di nota e una fruibilit\u00e0 ad alti livelli. In particolare, ci serviranno <strong>almeno 60 cm x 60 per l&#8217;ingombro della lavatrice<\/strong>, ai quali aggiungere l&#8217;altezza media dell&#8217;elettrodomestico di 80 cm; in pi\u00f9, consideriamo <strong>almeno 60 cm o 70 davanti alla lavatrice e\/o asciugatrice<\/strong>, per poter svolgere senza alcun problema le attivit\u00e0 di carico e scarico. Di conseguenza, in un ambiente compreso tra 1,5 e 3 mq potremo realizzare un angolo ideale che accoglier\u00e0 l&#8217;essenziale, comprese quelle asciugatrici ultra slim recentemente tanto diffuse.<\/p>\n\n\n\n<h2 class=\"wp-block-heading\">Come arredare una lavanderia grande<\/h2>\n\n\n\n<p>Quando lo spazio a nostra disposizione \u00e8 grande, i limiti di arredo per le idee lavanderia si fanno molto meno stringenti. In questi ambienti, per un tocco di classe, non possono di certo mancare i <a href=\"https:\/\/www.desivero.com\/scelto-da-desivero-colonna-frida-porta-lavatr-c-ripiani-super-4-ante-l-70-h-210-p-70-acero-bco-codice-prod-dsv17818-2190001934\" target=\"_blank\" rel=\"noreferrer noopener\"><strong>mobili per inserimento di lavatrici e asciugatrici<\/strong><\/a>, che vengono occultati grazie alla <strong>sovrapposizione verticale degli elettrodomestici<\/strong>. Elettrodomestici che, per via dell&#8217;ambiente pi\u00f9 ampio, dovrebbero essere tutti presenti per garantirci di lavare, asciugare e stirare il bucato in un&#8217;unica stanza.<\/p>\n\n\n\n<p>Anche in locali lavanderia dedicati e pi\u00f9 ampi, \u00e8 comunque buona norma\u00a0<strong>organizzare lo spazio<\/strong> in modo tale da poter tenere sempre ordinato, sistemando gli elettrodomestici\u00a0e tutto il necessario in modo che sia facile da utilizzare, riporre e pulire. Infine, dedichiamo un angolo a uno o pi\u00f9 <a href=\"https:\/\/www.desivero.com\/scelto-da-desivero-cesto-portabiancheria-h-34-x-lavat-basic-codice-prod-dsv13473-2180006667\" target=\"_blank\" rel=\"noreferrer noopener\"><strong>cesti portabiancheria<\/strong><\/a>, cos\u00ec da ricreare in casa le stesse comodit\u00e0 di una lavanderia professionale.<\/p>\n\n\n\n<div class=\"divider-wrap\"><div style=\"height: 25px;\" class=\"divider\"><\/div><\/div>[nectar_btn size=&#8221;small&#8221; open_new_tab=&#8221;true&#8221; button_style=&#8221;regular&#8221; button_color_2=&#8221;Accent-Color&#8221; icon_family=&#8221;none&#8221; url=&#8221;https:\/\/www.desivero.com\/shop\/zona-lavanderia&#8221; text=&#8221;DEVI ARREDARE UNA LAVANDERIA IN CASA? CONSIDERALO FATTO.&#8221;]       <\/p>\n\n\n[vc_row type=&#8221;in_container&#8221; full_screen_row_position=&#8221;middle&#8221; scene_position=&#8221;center&#8221; text_color=&#8221;dark&#8221; text_align=&#8221;left&#8221; id=&#8221;row-correlati&#8221; overlay_strength=&#8221;0.3&#8243;][vc_column column_padding=&#8221;no-extra-padding&#8221; column_padding_position=&#8221;all&#8221; background_color_opacity=&#8221;1&#8243; background_hover_color_opacity=&#8221;1&#8243; width=&#8221;1\/1&#8243; tablet_text_alignment=&#8221;default&#8221; phone_text_alignment=&#8221;default&#8221;]<div class=\"divider-wrap\"><div style=\"margin-top: 12px; width: 20%px; height: 1px; margin-bottom: 12px;\" data-width=\"20%\" data-animate=\"\" data-animation-delay=\"\" data-color=\"default\" class=\"divider-small-border\"><\/div><\/div>[vc_column_text]<span style=\"color: #99ccff;\">Articoli correlati<\/span>[\/vc_column_text]\n        <div class=\"row blog-recent columns-3\" data-style=\"minimal\">\n\n            \n                <div class=\"col span_4\">\n\n                    \n                        <div class=\"post-header\">\n                                                            <figure class=\"correlati-image\" style=\"background-image: url(https:\/\/www.desivero.com\/modod\/wp-content\/uploads\/2024\/11\/specchio-bagno.jpg)\">\n                                    <a href=\"https:\/\/www.desivero.com\/modod\/specchio-bagno-come-scegliere\/\"><\/a>\n                                <\/figure>\n                                                            <h3 class=\"title\"><a href=\"https:\/\/www.desivero.com\/modod\/specchio-bagno-come-scegliere\/\">Come scegliere il giusto specchio per il tuo bagno<\/a><\/h3>\n                            <span class=\"meta categoria-correlati pdd\">\n                <a href=\"https:\/\/www.desivero.com\/modod\/category\/ispirazioni-e-tendenze\/\">Ispirazioni e tendenze<\/a>                 <\/span>\n                        <\/div><!--\/post-header-->\n                        <p>Scegli lo specchio perfetto per il tuo bagno: da quelli con luce integrata a quelli di design. Scopri i migliori modelli e consigli utili.<\/p>\n                        <span>Read More <i class=\"icon-button-arrow\"><\/i><\/span>\n\n                    \n                <\/div><!--\/col-->\n\n            \n                <div class=\"col span_4\">\n\n                    \n                        <div class=\"post-header\">\n                                                            <figure class=\"correlati-image\" style=\"background-image: url(https:\/\/www.desivero.com\/modod\/wp-content\/uploads\/2024\/11\/rubinetto-cascata.jpg)\">\n                                    <a href=\"https:\/\/www.desivero.com\/modod\/rubinetti-cascata-cosa-sono-pregi-difetti\/\"><\/a>\n                                <\/figure>\n                                                            <h3 class=\"title\"><a href=\"https:\/\/www.desivero.com\/modod\/rubinetti-cascata-cosa-sono-pregi-difetti\/\"><strong>Rubinetti a cascata: guida completa su funzionamento, vantaggi e stile<\/strong><\/a><\/h3>\n                            <span class=\"meta categoria-correlati pdd\">\n                <a href=\"https:\/\/www.desivero.com\/modod\/category\/ispirazioni-e-tendenze\/\">Ispirazioni e tendenze<\/a>                 <\/span>\n                        <\/div><!--\/post-header-->\n                        <p>Rubinetti a cascata: tutto ci\u00f2 che devi sapere su funzionalit\u00e0, estetica, vantaggi e svantaggi. Ideali per vasche e lavabi dal tocco moderno.<\/p>\n                        <span>Read More <i class=\"icon-button-arrow\"><\/i><\/span>\n\n                    \n                <\/div><!--\/col-->\n\n            \n                <div class=\"col span_4\">\n\n                    \n                        <div class=\"post-header\">\n                                                            <figure class=\"correlati-image\" style=\"background-image: url(https:\/\/www.desivero.com\/modod\/wp-content\/uploads\/2024\/09\/1.jpg)\">\n                                    <a href=\"https:\/\/www.desivero.com\/modod\/le-migliori-pompe-di-calore-classifica-2026\/\"><\/a>\n                                <\/figure>\n                                                            <h3 class=\"title\"><a href=\"https:\/\/www.desivero.com\/modod\/le-migliori-pompe-di-calore-classifica-2026\/\">Le migliori pompe di calore: classifica 2026<\/a><\/h3>\n                            <span class=\"meta categoria-correlati pdd\">\n                <a href=\"https:\/\/www.desivero.com\/modod\/category\/ispirazioni-e-tendenze\/\">Ispirazioni e tendenze<\/a>                 <\/span>\n                        <\/div><!--\/post-header-->\n                        <p>Confronta i migliori marchi di pompe di calore, come Mitsubishi, Vaillant e Daikin, per trovare l&#8217;opzione pi\u00f9 adatta alle tue esigenze.<\/p>\n                        <span>Read More <i class=\"icon-button-arrow\"><\/i><\/span>\n\n                    \n                <\/div><!--\/col-->\n\n            \n        <\/div><!--\/blog-recent-->\n\n        [\/vc_column][\/vc_row]\n","protected":false},"excerpt":{"rendered":"<p>Se hai la fortuna di avere un locale lavanderia in casa, anche piccolo, devi capire come arredarlo in modo funzionale: ecco alcuni consigli.<\/p>\n","protected":false},"author":8,"featured_media":6641,"comment_status":"closed","ping_status":"closed","sticky":false,"template":"","format":"standard","meta":{"_acf_changed":false,"footnotes":""},"categories":[2],"tags":[],"class_list":{"0":"post-6640","1":"post","2":"type-post","3":"status-publish","4":"format-standard","5":"has-post-thumbnail","7":"category-ispirazioni-e-tendenze"},"acf":[],"yoast_head":"<!-- This site is optimized with the Yoast SEO plugin v27.5 - https:\/\/yoast.com\/product\/yoast-seo-wordpress\/ -->\n<title>Idee per lavanderia: come arredarla e progettarla | Desivero<\/title>\n<meta name=\"description\" content=\"Se hai la fortuna di avere un locale lavanderia in casa, anche piccolo, devi capire come arredarlo in modo funzionale: ecco alcuni consigli.\" \/>\n<meta name=\"robots\" content=\"index, follow, max-snippet:-1, max-image-preview:large, max-video-preview:-1\" \/>\n<link rel=\"canonical\" href=\"https:\/\/www.desivero.com\/modod\/idee-lavanderia-come-arredarla-progettarla\/\" \/>\n<meta property=\"og:locale\" content=\"it_IT\" \/>\n<meta property=\"og:type\" content=\"article\" \/>\n<meta property=\"og:title\" content=\"Idee per lavanderia: come arredarla e progettarla | Desivero\" \/>\n<meta property=\"og:description\" content=\"Se hai la fortuna di avere un locale lavanderia in casa, anche piccolo, devi capire come arredarlo in modo funzionale: ecco alcuni consigli.\" \/>\n<meta property=\"og:url\" content=\"https:\/\/www.desivero.com\/modod\/idee-lavanderia-come-arredarla-progettarla\/\" \/>\n<meta property=\"og:site_name\" content=\"MODO D\" \/>\n<meta property=\"article:publisher\" content=\"https:\/\/www.facebook.com\/desiveroitalia\/\" \/>\n<meta property=\"article:published_time\" content=\"2022-08-31T07:36:38+00:00\" \/>\n<meta property=\"article:modified_time\" content=\"2022-08-31T07:36:39+00:00\" \/>\n<meta property=\"og:image\" content=\"https:\/\/www.desivero.com\/modod\/wp-content\/uploads\/2022\/08\/idee-lavanderia.jpg\" \/>\n\t<meta property=\"og:image:width\" content=\"1217\" \/>\n\t<meta property=\"og:image:height\" content=\"811\" \/>\n\t<meta property=\"og:image:type\" content=\"image\/jpeg\" \/>\n<meta name=\"author\" content=\"redazionemodod\" \/>\n<meta name=\"twitter:card\" content=\"summary_large_image\" \/>\n<meta name=\"twitter:creator\" content=\"@desiveroitalia\" \/>\n<meta name=\"twitter:site\" content=\"@desiveroitalia\" \/>\n<meta name=\"twitter:label1\" content=\"Scritto da\" \/>\n\t<meta name=\"twitter:data1\" content=\"redazionemodod\" \/>\n\t<meta name=\"twitter:label2\" content=\"Tempo di lettura stimato\" \/>\n\t<meta name=\"twitter:data2\" content=\"5 minuti\" \/>\n<script type=\"application\/ld+json\" class=\"yoast-schema-graph\">{\"@context\":\"https:\\\/\\\/schema.org\",\"@graph\":[{\"@type\":\"Article\",\"@id\":\"https:\\\/\\\/www.desivero.com\\\/modod\\\/idee-lavanderia-come-arredarla-progettarla\\\/#article\",\"isPartOf\":{\"@id\":\"https:\\\/\\\/www.desivero.com\\\/modod\\\/idee-lavanderia-come-arredarla-progettarla\\\/\"},\"author\":{\"name\":\"redazionemodod\",\"@id\":\"https:\\\/\\\/www.desivero.com\\\/modod\\\/#\\\/schema\\\/person\\\/df159e918cb35b83b9ccf2ef95218751\"},\"headline\":\"Come arredare una lavanderia in casa\",\"datePublished\":\"2022-08-31T07:36:38+00:00\",\"dateModified\":\"2022-08-31T07:36:39+00:00\",\"mainEntityOfPage\":{\"@id\":\"https:\\\/\\\/www.desivero.com\\\/modod\\\/idee-lavanderia-come-arredarla-progettarla\\\/\"},\"wordCount\":856,\"publisher\":{\"@id\":\"https:\\\/\\\/www.desivero.com\\\/modod\\\/#organization\"},\"image\":{\"@id\":\"https:\\\/\\\/www.desivero.com\\\/modod\\\/idee-lavanderia-come-arredarla-progettarla\\\/#primaryimage\"},\"thumbnailUrl\":\"https:\\\/\\\/www.desivero.com\\\/modod\\\/wp-content\\\/uploads\\\/2022\\\/08\\\/idee-lavanderia.jpg\",\"articleSection\":[\"Ispirazioni e tendenze\"],\"inLanguage\":\"it-IT\"},{\"@type\":\"ImageObject\",\"inLanguage\":\"it-IT\",\"@id\":\"https:\\\/\\\/www.desivero.com\\\/modod\\\/idee-lavanderia-come-arredarla-progettarla\\\/#primaryimage\",\"url\":\"https:\\\/\\\/www.desivero.com\\\/modod\\\/wp-content\\\/uploads\\\/2022\\\/08\\\/idee-lavanderia.jpg\",\"contentUrl\":\"https:\\\/\\\/www.desivero.com\\\/modod\\\/wp-content\\\/uploads\\\/2022\\\/08\\\/idee-lavanderia.jpg\",\"width\":1217,\"height\":811,\"caption\":\"Idee per la lavanderia in casa\"},{\"@type\":\"BreadcrumbList\",\"@id\":\"https:\\\/\\\/www.desivero.com\\\/modod\\\/idee-lavanderia-come-arredarla-progettarla\\\/#breadcrumb\",\"itemListElement\":[{\"@type\":\"ListItem\",\"position\":1,\"name\":\"Home\",\"item\":\"https:\\\/\\\/www.desivero.com\\\/modod\\\/\"},{\"@type\":\"ListItem\",\"position\":2,\"name\":\"Ispirazioni e tendenze\",\"item\":\"https:\\\/\\\/www.desivero.com\\\/modod\\\/category\\\/ispirazioni-e-tendenze\\\/\"},{\"@type\":\"ListItem\",\"position\":3,\"name\":\"Come arredare una lavanderia in casa\"}]},{\"@type\":\"WebSite\",\"@id\":\"https:\\\/\\\/www.desivero.com\\\/modod\\\/#website\",\"url\":\"https:\\\/\\\/www.desivero.com\\\/modod\\\/\",\"name\":\"MODO D\",\"description\":\"\",\"publisher\":{\"@id\":\"https:\\\/\\\/www.desivero.com\\\/modod\\\/#organization\"},\"potentialAction\":[{\"@type\":\"SearchAction\",\"target\":{\"@type\":\"EntryPoint\",\"urlTemplate\":\"https:\\\/\\\/www.desivero.com\\\/modod\\\/?s={search_term_string}\"},\"query-input\":{\"@type\":\"PropertyValueSpecification\",\"valueRequired\":true,\"valueName\":\"search_term_string\"}}],\"inLanguage\":\"it-IT\"},{\"@type\":\"Organization\",\"@id\":\"https:\\\/\\\/www.desivero.com\\\/modod\\\/#organization\",\"name\":\"MODO D\",\"url\":\"https:\\\/\\\/www.desivero.com\\\/modod\\\/\",\"logo\":{\"@type\":\"ImageObject\",\"inLanguage\":\"it-IT\",\"@id\":\"https:\\\/\\\/www.desivero.com\\\/modod\\\/#\\\/schema\\\/logo\\\/image\\\/\",\"url\":\"https:\\\/\\\/www.desivero.com\\\/modod\\\/wp-content\\\/uploads\\\/2017\\\/06\\\/EXE_Modod_RGB-1.png\",\"contentUrl\":\"https:\\\/\\\/www.desivero.com\\\/modod\\\/wp-content\\\/uploads\\\/2017\\\/06\\\/EXE_Modod_RGB-1.png\",\"width\":1753,\"height\":503,\"caption\":\"MODO D\"},\"image\":{\"@id\":\"https:\\\/\\\/www.desivero.com\\\/modod\\\/#\\\/schema\\\/logo\\\/image\\\/\"},\"sameAs\":[\"https:\\\/\\\/www.facebook.com\\\/desiveroitalia\\\/\",\"https:\\\/\\\/x.com\\\/desiveroitalia\"]},{\"@type\":\"Person\",\"@id\":\"https:\\\/\\\/www.desivero.com\\\/modod\\\/#\\\/schema\\\/person\\\/df159e918cb35b83b9ccf2ef95218751\",\"name\":\"redazionemodod\",\"image\":{\"@type\":\"ImageObject\",\"inLanguage\":\"it-IT\",\"@id\":\"https:\\\/\\\/secure.gravatar.com\\\/avatar\\\/f4dee7a055e3b2abd6dc36d91366b760ad4c30f156b3b8add06a79d9e2a3b657?s=96&d=mm&r=g\",\"url\":\"https:\\\/\\\/secure.gravatar.com\\\/avatar\\\/f4dee7a055e3b2abd6dc36d91366b760ad4c30f156b3b8add06a79d9e2a3b657?s=96&d=mm&r=g\",\"contentUrl\":\"https:\\\/\\\/secure.gravatar.com\\\/avatar\\\/f4dee7a055e3b2abd6dc36d91366b760ad4c30f156b3b8add06a79d9e2a3b657?s=96&d=mm&r=g\",\"caption\":\"redazionemodod\"}}]}<\/script>\n<!-- \/ Yoast SEO plugin. -->","yoast_head_json":{"title":"Idee per lavanderia: come arredarla e progettarla | Desivero","description":"Se hai la fortuna di avere un locale lavanderia in casa, anche piccolo, devi capire come arredarlo in modo funzionale: ecco alcuni consigli.","robots":{"index":"index","follow":"follow","max-snippet":"max-snippet:-1","max-image-preview":"max-image-preview:large","max-video-preview":"max-video-preview:-1"},"canonical":"https:\/\/www.desivero.com\/modod\/idee-lavanderia-come-arredarla-progettarla\/","og_locale":"it_IT","og_type":"article","og_title":"Idee per lavanderia: come arredarla e progettarla | Desivero","og_description":"Se hai la fortuna di avere un locale lavanderia in casa, anche piccolo, devi capire come arredarlo in modo funzionale: ecco alcuni consigli.","og_url":"https:\/\/www.desivero.com\/modod\/idee-lavanderia-come-arredarla-progettarla\/","og_site_name":"MODO D","article_publisher":"https:\/\/www.facebook.com\/desiveroitalia\/","article_published_time":"2022-08-31T07:36:38+00:00","article_modified_time":"2022-08-31T07:36:39+00:00","og_image":[{"width":1217,"height":811,"url":"https:\/\/www.desivero.com\/modod\/wp-content\/uploads\/2022\/08\/idee-lavanderia.jpg","type":"image\/jpeg"}],"author":"redazionemodod","twitter_card":"summary_large_image","twitter_creator":"@desiveroitalia","twitter_site":"@desiveroitalia","twitter_misc":{"Scritto da":"redazionemodod","Tempo di lettura stimato":"5 minuti"},"schema":{"@context":"https:\/\/schema.org","@graph":[{"@type":"Article","@id":"https:\/\/www.desivero.com\/modod\/idee-lavanderia-come-arredarla-progettarla\/#article","isPartOf":{"@id":"https:\/\/www.desivero.com\/modod\/idee-lavanderia-come-arredarla-progettarla\/"},"author":{"name":"redazionemodod","@id":"https:\/\/www.desivero.com\/modod\/#\/schema\/person\/df159e918cb35b83b9ccf2ef95218751"},"headline":"Come arredare una lavanderia in casa","datePublished":"2022-08-31T07:36:38+00:00","dateModified":"2022-08-31T07:36:39+00:00","mainEntityOfPage":{"@id":"https:\/\/www.desivero.com\/modod\/idee-lavanderia-come-arredarla-progettarla\/"},"wordCount":856,"publisher":{"@id":"https:\/\/www.desivero.com\/modod\/#organization"},"image":{"@id":"https:\/\/www.desivero.com\/modod\/idee-lavanderia-come-arredarla-progettarla\/#primaryimage"},"thumbnailUrl":"https:\/\/www.desivero.com\/modod\/wp-content\/uploads\/2022\/08\/idee-lavanderia.jpg","articleSection":["Ispirazioni e tendenze"],"inLanguage":"it-IT"},{"@type":"ImageObject","inLanguage":"it-IT","@id":"https:\/\/www.desivero.com\/modod\/idee-lavanderia-come-arredarla-progettarla\/#primaryimage","url":"https:\/\/www.desivero.com\/modod\/wp-content\/uploads\/2022\/08\/idee-lavanderia.jpg","contentUrl":"https:\/\/www.desivero.com\/modod\/wp-content\/uploads\/2022\/08\/idee-lavanderia.jpg","width":1217,"height":811,"caption":"Idee per la lavanderia in casa"},{"@type":"BreadcrumbList","@id":"https:\/\/www.desivero.com\/modod\/idee-lavanderia-come-arredarla-progettarla\/#breadcrumb","itemListElement":[{"@type":"ListItem","position":1,"name":"Home","item":"https:\/\/www.desivero.com\/modod\/"},{"@type":"ListItem","position":2,"name":"Ispirazioni e tendenze","item":"https:\/\/www.desivero.com\/modod\/category\/ispirazioni-e-tendenze\/"},{"@type":"ListItem","position":3,"name":"Come arredare una lavanderia in casa"}]},{"@type":"WebSite","@id":"https:\/\/www.desivero.com\/modod\/#website","url":"https:\/\/www.desivero.com\/modod\/","name":"MODO D","description":"","publisher":{"@id":"https:\/\/www.desivero.com\/modod\/#organization"},"potentialAction":[{"@type":"SearchAction","target":{"@type":"EntryPoint","urlTemplate":"https:\/\/www.desivero.com\/modod\/?s={search_term_string}"},"query-input":{"@type":"PropertyValueSpecification","valueRequired":true,"valueName":"search_term_string"}}],"inLanguage":"it-IT"},{"@type":"Organization","@id":"https:\/\/www.desivero.com\/modod\/#organization","name":"MODO D","url":"https:\/\/www.desivero.com\/modod\/","logo":{"@type":"ImageObject","inLanguage":"it-IT","@id":"https:\/\/www.desivero.com\/modod\/#\/schema\/logo\/image\/","url":"https:\/\/www.desivero.com\/modod\/wp-content\/uploads\/2017\/06\/EXE_Modod_RGB-1.png","contentUrl":"https:\/\/www.desivero.com\/modod\/wp-content\/uploads\/2017\/06\/EXE_Modod_RGB-1.png","width":1753,"height":503,"caption":"MODO D"},"image":{"@id":"https:\/\/www.desivero.com\/modod\/#\/schema\/logo\/image\/"},"sameAs":["https:\/\/www.facebook.com\/desiveroitalia\/","https:\/\/x.com\/desiveroitalia"]},{"@type":"Person","@id":"https:\/\/www.desivero.com\/modod\/#\/schema\/person\/df159e918cb35b83b9ccf2ef95218751","name":"redazionemodod","image":{"@type":"ImageObject","inLanguage":"it-IT","@id":"https:\/\/secure.gravatar.com\/avatar\/f4dee7a055e3b2abd6dc36d91366b760ad4c30f156b3b8add06a79d9e2a3b657?s=96&d=mm&r=g","url":"https:\/\/secure.gravatar.com\/avatar\/f4dee7a055e3b2abd6dc36d91366b760ad4c30f156b3b8add06a79d9e2a3b657?s=96&d=mm&r=g","contentUrl":"https:\/\/secure.gravatar.com\/avatar\/f4dee7a055e3b2abd6dc36d91366b760ad4c30f156b3b8add06a79d9e2a3b657?s=96&d=mm&r=g","caption":"redazionemodod"}}]}},"_links":{"self":[{"href":"https:\/\/www.desivero.com\/modod\/wp-json\/wp\/v2\/posts\/6640","targetHints":{"allow":["GET"]}}],"collection":[{"href":"https:\/\/www.desivero.com\/modod\/wp-json\/wp\/v2\/posts"}],"about":[{"href":"https:\/\/www.desivero.com\/modod\/wp-json\/wp\/v2\/types\/post"}],"author":[{"embeddable":true,"href":"https:\/\/www.desivero.com\/modod\/wp-json\/wp\/v2\/users\/8"}],"replies":[{"embeddable":true,"href":"https:\/\/www.desivero.com\/modod\/wp-json\/wp\/v2\/comments?post=6640"}],"version-history":[{"count":3,"href":"https:\/\/www.desivero.com\/modod\/wp-json\/wp\/v2\/posts\/6640\/revisions"}],"predecessor-version":[{"id":6677,"href":"https:\/\/www.desivero.com\/modod\/wp-json\/wp\/v2\/posts\/6640\/revisions\/6677"}],"wp:featuredmedia":[{"embeddable":true,"href":"https:\/\/www.desivero.com\/modod\/wp-json\/wp\/v2\/media\/6641"}],"wp:attachment":[{"href":"https:\/\/www.desivero.com\/modod\/wp-json\/wp\/v2\/media?parent=6640"}],"wp:term":[{"taxonomy":"category","embeddable":true,"href":"https:\/\/www.desivero.com\/modod\/wp-json\/wp\/v2\/categories?post=6640"},{"taxonomy":"post_tag","embeddable":true,"href":"https:\/\/www.desivero.com\/modod\/wp-json\/wp\/v2\/tags?post=6640"}],"curies":[{"name":"wp","href":"https:\/\/api.w.org\/{rel}","templated":true}]}}