{"id":6417,"date":"2022-02-10T09:28:18","date_gmt":"2022-02-10T08:28:18","guid":{"rendered":"https:\/\/www.desivero.com\/modod\/?p=6417"},"modified":"2022-02-10T09:28:18","modified_gmt":"2022-02-10T08:28:18","slug":"polveri-sottili-cosa-sono-come-evitarle-casa","status":"publish","type":"post","link":"https:\/\/www.desivero.com\/modod\/polveri-sottili-cosa-sono-come-evitarle-casa\/","title":{"rendered":"Cosa sono le polveri sottili e danni per la salute"},"content":{"rendered":"\n<p>L&#8217;inquinamento dovuto alle <strong>polveri sottili<\/strong> \u00e8 ad oggi riconosciuto come uno dei principali e pi\u00f9 agguerriti fattori di rischio per la salute della popolazione mondiale. Nonostante il nome faccia pensare ad un agente innocuo, in realt\u00e0 possono essere descritte come un killer subdolo e silenzioso, che riesce ad insinuarsi tanto all&#8217;esterno quanto indoor &#8211; ad esempio <strong>all&#8217;interno di case e uffici<\/strong> &#8211; grazie alle sue ridotte dimensioni. Si tratta di un particolato finissimo, per la maggior parte prodotto dall&#8217;inquinamento, in grado di rimanere a lungo nell&#8217;aria, percorrere lunghe distanze e <strong>accumularsi nei polmoni<\/strong>. Proprio per questo, pu\u00f2 avere un effetto sulle vie aeree, cuore e vasi sanguigni. Cerchiamo allora di capire cosa sono le polveri sottili, gli effetti sulla nostra salute e soprattutto i rimedi a cui possiamo affidarci per eliminarle dalla nostra abitazione.<\/p>\n\n\n\n<h2 class=\"wp-block-heading\">Cosa sono le polveri sottili<\/h2>\n\n\n\n<p>Per dare una definizione di polveri sottili, non dobbiamo fare altro che pensare ad un insieme di sostanze, particelle e materiali pi\u00f9 in generale sospesi in aria che derivano sia da <strong>sorgenti naturali<\/strong> che dall&#8217;<strong>attivit\u00e0 dell&#8217;uomo<\/strong>. Negli anni gli esperti hanno utilizzato diversi termini per descriverle, come PM10, PM1, o <strong>particolati<\/strong>, coniati per indicare per l&#8217;appunto le diverse polveri nocive che sono presenti nell&#8217;aria che respiriamo ogni giorno. Per quanto riguarda la nomenclatura, PM sta naturalmente per Particulate Matter o Materia Particolata, vale a dire <strong>particelle di dimensioni molto piccole<\/strong>; il numero, invece, si riferisce alla dimensione in micron delle particelle stesse, con le PM1 si rappresentano quelle pi\u00f9 dannose per il benessere dell&#8217;uomo.<\/p>\n\n\n\n<p>Come gi\u00e0 accennato, l&#8217;origine delle polveri sottili \u00e8 da ricercare tanto in fonti naturali quanto in quelle antropiche, che sono state quindi generate dall&#8217;intervento umano. Come facilmente intuibile, \u00e8 proprio l&#8217;attivit\u00e0 umana ad innescare principalmente la creazione di particolati: pensiamo ai <strong>motori di scoppio dell&#8217;automobile<\/strong>, agli <strong>impianti di riscaldamento<\/strong> &#8211; come caldaie, camini e stufe &#8211; alle <strong>centrali termiche<\/strong>, ai <strong><em>processi industriali<\/em><\/strong>, edilizi e minerari, senza dimenticare gli <strong>allevamenti intensivi<\/strong> responsabili dell&#8217;immissione nell&#8217;atmosfera di nitrato e solfato d&#8217;ammonio.&nbsp;<\/p>\n\n\n\n<p>In generale, quasi tutte le attivit\u00e0 produttive sono responsabili dell&#8217;emissione di polveri sottili, poich\u00e9 qualsiasi attivit\u00e0 che prevede un processo di <strong>combustione<\/strong> va a liberare PM di ogni tipo nell&#8217;aria, sia all&#8217;interno che all&#8217;esterno. Spostandoci poi sulle fonti naturali, dobbiamo citare l&#8217;<strong>attivit\u00e0 vulcanica<\/strong>, gli <strong>incendi boschivi<\/strong> e l&#8217;<strong>erosione terrestre<\/strong>. Fra le polveri pi\u00f9 diffuse, l&#8217;Organizzazione Mondiale della Sanit\u00e0 elenca ammonio, idrocarburi policiclici aromatici, nitrati, solfati, fuliggine, carbonio, e tutta una serie di metalli come cadmio, rame e nichel. Non solo, nell&#8217;atmosfera terrestre si verificano frequentemente reazioni chimiche nocive che creano particelle secondarie &#8211; e altrettanto pericolose! -, come ad esempio l&#8217;ossido di azoto e l&#8217;anidride solforosa.<\/p>\n\n\n\n<h2 class=\"wp-block-heading\">Polveri sottili in casa: pericoli per la salute<\/h2>\n\n\n\n<p>Quello delle polveri sottili in casa \u00e8 un problema sempre pi\u00f9 reale, soprattutto in tempi moderni come i nostri. D&#8217;altronde all&#8217;interno si \u00e8 inevitabilmente esposti a particolati di diverso tipo che penetrano facilmente nei nostri polmoni e possono raggiungere il cuore e i polmoni, e andare cos\u00ec a determinare patologie come aritmie cardiache, infarti, asma o bronchite. L&#8217;impatto preciso delle particelle di polvere dipende, tra le altre cose, <strong>dalla quantit\u00e0 e dal tipo di polvere<\/strong> che abbiamo respirato, cos\u00ec come <strong>dal tempo<\/strong> pi\u00f9 o meno prolungato in cui vi siamo esposti.&nbsp;<\/p>\n\n\n\n<p>Tra gli <strong>effetti immediati<\/strong> dovuti all&#8217;inalazione, abbiamo irritazione agli occhi, naso e gola, stanchezza, mal di testa, problemi respiratori e addirittura bassa concentrazione. Esistono comunque <strong>effetti pi\u00f9 gravi<\/strong>, legati ad un contatto pi\u00f9 intenso o prolungato con le polveri. Diversi studi hanno infatti dimostrato, ad esempio, un&#8217;associazione tra le concentrazioni di PM10 e un aumento ingente della mortalit\u00e0 e dei ricoveri ospedalieri dovuti a malattie cardiache e respiratorie. Attualmente, le stesse ricerche dimostrano che su tutto il territorio europeo si registrano <strong>oltre 500mila decessi a causa dell&#8217;inquinamento atmosferico<\/strong>. Tutti possono essere colpiti, soprattutto indoor, ma le categorie pi\u00f9 a rischio restano donne in attesa, bambini e lavoratori.<\/p>\n\n\n\n<h2 class=\"wp-block-heading\">Come eliminare le polveri sottili in casa<\/h2>\n\n\n\n<p>Se \u00e8 vero che prevenire \u00e8 meglio che curare, \u00e8 bene sapere come poter eliminare le polveri sottili dalle nostre case. Nelle nostre abitazioni spesso c&#8217;\u00e8 pi\u00f9 inquinamento che all&#8217;esterno, soprattutto per chi vive in citt\u00e0 molto grandi, e il consiglio pi\u00f9 comune prevede di <strong>aerare le stanze<\/strong> almeno per un&#8217;ora al giorno aprendo le finestre, al mattino, quando si fanno le pulizie e quando si cucina. In pi\u00f9 \u00e8 molto utile <strong>rimuovere frequentemente la polvere<\/strong> dalle superfici, usando strumenti in grado di catturarla. Pi\u00f9 in generale, un altro consiglio utile \u00e8 quello di <strong>evitare il pi\u00f9 possibile l&#8217;utilizzo di sostanze chimiche aggressive<\/strong>.<\/p>\n\n\n\n<p>In realt\u00e0 tutto questo potrebbe non bastare e si fa urgente l&#8217;impiego di un <strong>impianto di purificazione<\/strong> come quelli integrati nei <a href=\"https:\/\/www.desivero.com\/brand\/haier\" target=\"_blank\" rel=\"noreferrer noopener\"><strong>condizionatori Haier<\/strong><\/a>. <strong>All-In-Jade<\/strong>, tra questi, \u00e8 assolutamente all&#8217;avanguardia, perch\u00e9 unisce in un solo macchinario un impianto di condizionamento e un sistema di purificazione, cos\u00ec da rinfrescare l&#8217;aria in casa &#8211; o in un ufficio &#8211; e pulirla, <strong>anche contemporaneamente<\/strong>. <a href=\"https:\/\/www.desivero.com\/haier-condizionatore-monosplit-con-purificatore-jade-9000-btu-1u25jejfra-as25jbjhra-w-codice-prod-1u25jejfra-as25jbjhra-w-2190001247\" target=\"_blank\" rel=\"noreferrer noopener\">Haier All-In-Jade<\/a> \u00e8 dotato di <strong>Purificatore IFD<\/strong>, un dispositivo in grado di depurare l&#8217;aria, appunto, dagli agenti inquinanti presenti negli spazi chiusi, favorendo l&#8217;eliminazione di pollini, batteri, spore e muffe fino a 0,3 micron, che corrisponde al diametro di particelle e particolato PM10 e PM2,5.<\/p>\n\n\n\n<div class=\"divider-wrap\"><div style=\"height: 25px;\" class=\"divider\"><\/div><\/div>[nectar_btn size=&#8221;small&#8221; open_new_tab=&#8221;true&#8221; button_style=&#8221;regular&#8221; button_color_2=&#8221;Accent-Color&#8221; icon_family=&#8221;none&#8221; url=&#8221;https:\/\/www.desivero.com\/shop-in-shop\/haier&#8221; text=&#8221;DEVI SCEGLIERE\u00a0UN\u00a0CONDIZIONATORE HAIER PER LA CASA? CONSIDERALO FATTO.&#8221;]\n\n\n[vc_row type=&#8221;in_container&#8221; full_screen_row_position=&#8221;middle&#8221; scene_position=&#8221;center&#8221; text_color=&#8221;dark&#8221; text_align=&#8221;left&#8221; id=&#8221;row-correlati&#8221; overlay_strength=&#8221;0.3&#8243;][vc_column column_padding=&#8221;no-extra-padding&#8221; column_padding_position=&#8221;all&#8221; background_color_opacity=&#8221;1&#8243; background_hover_color_opacity=&#8221;1&#8243; width=&#8221;1\/1&#8243; tablet_text_alignment=&#8221;default&#8221; phone_text_alignment=&#8221;default&#8221;]<div class=\"divider-wrap\"><div style=\"margin-top: 12px; width: 20%px; height: 1px; margin-bottom: 12px;\" data-width=\"20%\" data-animate=\"\" data-animation-delay=\"\" data-color=\"default\" class=\"divider-small-border\"><\/div><\/div>[vc_column_text]<span style=\"color: #99ccff;\">Articoli correlati<\/span>[\/vc_column_text]\n        <div class=\"row blog-recent columns-3\" data-style=\"minimal\">\n\n            \n                <div class=\"col span_4\">\n\n                    \n                        <div class=\"post-header\">\n                                                            <figure class=\"correlati-image\" style=\"background-image: url(https:\/\/www.desivero.com\/modod\/wp-content\/uploads\/2023\/09\/simboli-telecomando-condizionatore-haier.jpg)\">\n                                    <a href=\"https:\/\/www.desivero.com\/modod\/simboli-telecomando-condizionatore-haier\/\"><\/a>\n                                <\/figure>\n                                                            <h3 class=\"title\"><a href=\"https:\/\/www.desivero.com\/modod\/simboli-telecomando-condizionatore-haier\/\">Telecomandi dei condizionatori Haier: tutti i simboli<\/a><\/h3>\n                            <span class=\"meta categoria-correlati pdd\">\n                <a href=\"https:\/\/www.desivero.com\/modod\/category\/l-esperto-consiglia\/\">L'esperto consiglia<\/a>                 <\/span>\n                        <\/div><!--\/post-header-->\n                        <p>Scopri a cosa corrispondono tutti i simboli presenti sui telecomandi dei condizionatori Haier e come usarli per regolare la temperatura.<\/p>\n                        <span>Read More <i class=\"icon-button-arrow\"><\/i><\/span>\n\n                    \n                <\/div><!--\/col-->\n\n            \n                <div class=\"col span_4\">\n\n                    \n                        <div class=\"post-header\">\n                                                            <figure class=\"correlati-image\" style=\"background-image: url(https:\/\/www.desivero.com\/modod\/wp-content\/uploads\/2021\/03\/condizionatori-wifi.jpg)\">\n                                    <a href=\"https:\/\/www.desivero.com\/modod\/condizionatori-smart-tecnologia-haier-wifi\/\"><\/a>\n                                <\/figure>\n                                                            <h3 class=\"title\"><a href=\"https:\/\/www.desivero.com\/modod\/condizionatori-smart-tecnologia-haier-wifi\/\">Tutti i vantaggi di un condizionatore smart<\/a><\/h3>\n                            <span class=\"meta categoria-correlati pdd\">\n                <a href=\"https:\/\/www.desivero.com\/modod\/category\/l-esperto-consiglia\/\">L'esperto consiglia<\/a>                 <\/span>\n                        <\/div><!--\/post-header-->\n                        <p>Scopri come funzionano i climatizzatori smart con funzioni WiFi: tutti i vantaggi di un condizionatore connesso e i migliori modelli Haier.<\/p>\n                        <span>Read More <i class=\"icon-button-arrow\"><\/i><\/span>\n\n                    \n                <\/div><!--\/col-->\n\n            \n                <div class=\"col span_4\">\n\n                    \n                        <div class=\"post-header\">\n                                                            <figure class=\"correlati-image\" style=\"background-image: url(https:\/\/www.desivero.com\/modod\/wp-content\/uploads\/2023\/06\/quanto-consuma-condizionatore-dual-split.jpg)\">\n                                    <a href=\"https:\/\/www.desivero.com\/modod\/quanto-consuma-condizionatore-dual-split\/\"><\/a>\n                                <\/figure>\n                                                            <h3 class=\"title\"><a href=\"https:\/\/www.desivero.com\/modod\/quanto-consuma-condizionatore-dual-split\/\">Condizionatore dual split: quanto consuma?<\/a><\/h3>\n                            <span class=\"meta categoria-correlati pdd\">\n                <a href=\"https:\/\/www.desivero.com\/modod\/category\/l-esperto-consiglia\/\">L'esperto consiglia<\/a>                 <\/span>\n                        <\/div><!--\/post-header-->\n                        <p>Desideri sapere quanto consuma un condizionatore dual split? Leggi la nostra guida completa per conoscere tutti i dettagli in merito.<\/p>\n                        <span>Read More <i class=\"icon-button-arrow\"><\/i><\/span>\n\n                    \n                <\/div><!--\/col-->\n\n            \n        <\/div><!--\/blog-recent-->\n\n        [\/vc_column][\/vc_row]\n","protected":false},"excerpt":{"rendered":"<p>Scopri come funzionano i sistemi di purificazione dei condizionatori Haier contro le polveri sottili<\/p>\n","protected":false},"author":8,"featured_media":6419,"comment_status":"closed","ping_status":"closed","sticky":false,"template":"","format":"standard","meta":{"_acf_changed":false,"footnotes":""},"categories":[11],"tags":[],"class_list":{"0":"post-6417","1":"post","2":"type-post","3":"status-publish","4":"format-standard","5":"has-post-thumbnail","7":"category-l-esperto-consiglia"},"acf":[],"yoast_head":"<!-- This site is optimized with the Yoast SEO plugin v27.5 - https:\/\/yoast.com\/product\/yoast-seo-wordpress\/ -->\n<title>Polveri sottili: cosa sono e come evitarle in casa | Desivero<\/title>\n<meta name=\"description\" content=\"Le polveri sottili sono un particolato molto fine che pu\u00f2 essere dannoso per la salute: scopri come evitarlo con i condizionatori Haier.\" \/>\n<meta name=\"robots\" content=\"index, follow, max-snippet:-1, max-image-preview:large, max-video-preview:-1\" \/>\n<link rel=\"canonical\" href=\"https:\/\/www.desivero.com\/modod\/polveri-sottili-cosa-sono-come-evitarle-casa\/\" \/>\n<meta property=\"og:locale\" content=\"it_IT\" \/>\n<meta property=\"og:type\" content=\"article\" \/>\n<meta property=\"og:title\" content=\"Polveri sottili: cosa sono e come evitarle in casa | Desivero\" \/>\n<meta property=\"og:description\" content=\"Le polveri sottili sono un particolato molto fine che pu\u00f2 essere dannoso per la salute: scopri come evitarlo con i condizionatori Haier.\" \/>\n<meta property=\"og:url\" content=\"https:\/\/www.desivero.com\/modod\/polveri-sottili-cosa-sono-come-evitarle-casa\/\" \/>\n<meta property=\"og:site_name\" content=\"MODO D\" \/>\n<meta property=\"article:publisher\" content=\"https:\/\/www.facebook.com\/desiveroitalia\/\" \/>\n<meta property=\"article:published_time\" content=\"2022-02-10T08:28:18+00:00\" \/>\n<meta property=\"og:image\" content=\"https:\/\/www.desivero.com\/modod\/wp-content\/uploads\/2022\/02\/polveri-sottili.jpg\" \/>\n\t<meta property=\"og:image:width\" content=\"1200\" \/>\n\t<meta property=\"og:image:height\" content=\"641\" \/>\n\t<meta property=\"og:image:type\" content=\"image\/jpeg\" \/>\n<meta name=\"author\" content=\"redazionemodod\" \/>\n<meta name=\"twitter:card\" content=\"summary_large_image\" \/>\n<meta name=\"twitter:creator\" content=\"@desiveroitalia\" \/>\n<meta name=\"twitter:site\" content=\"@desiveroitalia\" \/>\n<meta name=\"twitter:label1\" content=\"Scritto da\" \/>\n\t<meta name=\"twitter:data1\" content=\"redazionemodod\" \/>\n\t<meta name=\"twitter:label2\" content=\"Tempo di lettura stimato\" \/>\n\t<meta name=\"twitter:data2\" content=\"5 minuti\" \/>\n<script type=\"application\/ld+json\" class=\"yoast-schema-graph\">{\"@context\":\"https:\\\/\\\/schema.org\",\"@graph\":[{\"@type\":\"Article\",\"@id\":\"https:\\\/\\\/www.desivero.com\\\/modod\\\/polveri-sottili-cosa-sono-come-evitarle-casa\\\/#article\",\"isPartOf\":{\"@id\":\"https:\\\/\\\/www.desivero.com\\\/modod\\\/polveri-sottili-cosa-sono-come-evitarle-casa\\\/\"},\"author\":{\"name\":\"redazionemodod\",\"@id\":\"https:\\\/\\\/www.desivero.com\\\/modod\\\/#\\\/schema\\\/person\\\/df159e918cb35b83b9ccf2ef95218751\"},\"headline\":\"Cosa sono le polveri sottili e danni per la salute\",\"datePublished\":\"2022-02-10T08:28:18+00:00\",\"mainEntityOfPage\":{\"@id\":\"https:\\\/\\\/www.desivero.com\\\/modod\\\/polveri-sottili-cosa-sono-come-evitarle-casa\\\/\"},\"wordCount\":1020,\"publisher\":{\"@id\":\"https:\\\/\\\/www.desivero.com\\\/modod\\\/#organization\"},\"image\":{\"@id\":\"https:\\\/\\\/www.desivero.com\\\/modod\\\/polveri-sottili-cosa-sono-come-evitarle-casa\\\/#primaryimage\"},\"thumbnailUrl\":\"https:\\\/\\\/www.desivero.com\\\/modod\\\/wp-content\\\/uploads\\\/2022\\\/02\\\/polveri-sottili.jpg\",\"articleSection\":[\"L'esperto consiglia\"],\"inLanguage\":\"it-IT\"},{\"@type\":\"ImageObject\",\"inLanguage\":\"it-IT\",\"@id\":\"https:\\\/\\\/www.desivero.com\\\/modod\\\/polveri-sottili-cosa-sono-come-evitarle-casa\\\/#primaryimage\",\"url\":\"https:\\\/\\\/www.desivero.com\\\/modod\\\/wp-content\\\/uploads\\\/2022\\\/02\\\/polveri-sottili.jpg\",\"contentUrl\":\"https:\\\/\\\/www.desivero.com\\\/modod\\\/wp-content\\\/uploads\\\/2022\\\/02\\\/polveri-sottili.jpg\",\"width\":1200,\"height\":641,\"caption\":\"Cosa sono le polveri sottili\"},{\"@type\":\"BreadcrumbList\",\"@id\":\"https:\\\/\\\/www.desivero.com\\\/modod\\\/polveri-sottili-cosa-sono-come-evitarle-casa\\\/#breadcrumb\",\"itemListElement\":[{\"@type\":\"ListItem\",\"position\":1,\"name\":\"Home\",\"item\":\"https:\\\/\\\/www.desivero.com\\\/modod\\\/\"},{\"@type\":\"ListItem\",\"position\":2,\"name\":\"L'esperto consiglia\",\"item\":\"https:\\\/\\\/www.desivero.com\\\/modod\\\/category\\\/l-esperto-consiglia\\\/\"},{\"@type\":\"ListItem\",\"position\":3,\"name\":\"Cosa sono le polveri sottili e danni per la salute\"}]},{\"@type\":\"WebSite\",\"@id\":\"https:\\\/\\\/www.desivero.com\\\/modod\\\/#website\",\"url\":\"https:\\\/\\\/www.desivero.com\\\/modod\\\/\",\"name\":\"MODO D\",\"description\":\"\",\"publisher\":{\"@id\":\"https:\\\/\\\/www.desivero.com\\\/modod\\\/#organization\"},\"potentialAction\":[{\"@type\":\"SearchAction\",\"target\":{\"@type\":\"EntryPoint\",\"urlTemplate\":\"https:\\\/\\\/www.desivero.com\\\/modod\\\/?s={search_term_string}\"},\"query-input\":{\"@type\":\"PropertyValueSpecification\",\"valueRequired\":true,\"valueName\":\"search_term_string\"}}],\"inLanguage\":\"it-IT\"},{\"@type\":\"Organization\",\"@id\":\"https:\\\/\\\/www.desivero.com\\\/modod\\\/#organization\",\"name\":\"MODO D\",\"url\":\"https:\\\/\\\/www.desivero.com\\\/modod\\\/\",\"logo\":{\"@type\":\"ImageObject\",\"inLanguage\":\"it-IT\",\"@id\":\"https:\\\/\\\/www.desivero.com\\\/modod\\\/#\\\/schema\\\/logo\\\/image\\\/\",\"url\":\"https:\\\/\\\/www.desivero.com\\\/modod\\\/wp-content\\\/uploads\\\/2017\\\/06\\\/EXE_Modod_RGB-1.png\",\"contentUrl\":\"https:\\\/\\\/www.desivero.com\\\/modod\\\/wp-content\\\/uploads\\\/2017\\\/06\\\/EXE_Modod_RGB-1.png\",\"width\":1753,\"height\":503,\"caption\":\"MODO D\"},\"image\":{\"@id\":\"https:\\\/\\\/www.desivero.com\\\/modod\\\/#\\\/schema\\\/logo\\\/image\\\/\"},\"sameAs\":[\"https:\\\/\\\/www.facebook.com\\\/desiveroitalia\\\/\",\"https:\\\/\\\/x.com\\\/desiveroitalia\"]},{\"@type\":\"Person\",\"@id\":\"https:\\\/\\\/www.desivero.com\\\/modod\\\/#\\\/schema\\\/person\\\/df159e918cb35b83b9ccf2ef95218751\",\"name\":\"redazionemodod\",\"image\":{\"@type\":\"ImageObject\",\"inLanguage\":\"it-IT\",\"@id\":\"https:\\\/\\\/secure.gravatar.com\\\/avatar\\\/f4dee7a055e3b2abd6dc36d91366b760ad4c30f156b3b8add06a79d9e2a3b657?s=96&d=mm&r=g\",\"url\":\"https:\\\/\\\/secure.gravatar.com\\\/avatar\\\/f4dee7a055e3b2abd6dc36d91366b760ad4c30f156b3b8add06a79d9e2a3b657?s=96&d=mm&r=g\",\"contentUrl\":\"https:\\\/\\\/secure.gravatar.com\\\/avatar\\\/f4dee7a055e3b2abd6dc36d91366b760ad4c30f156b3b8add06a79d9e2a3b657?s=96&d=mm&r=g\",\"caption\":\"redazionemodod\"}}]}<\/script>\n<!-- \/ Yoast SEO plugin. -->","yoast_head_json":{"title":"Polveri sottili: cosa sono e come evitarle in casa | Desivero","description":"Le polveri sottili sono un particolato molto fine che pu\u00f2 essere dannoso per la salute: scopri come evitarlo con i condizionatori Haier.","robots":{"index":"index","follow":"follow","max-snippet":"max-snippet:-1","max-image-preview":"max-image-preview:large","max-video-preview":"max-video-preview:-1"},"canonical":"https:\/\/www.desivero.com\/modod\/polveri-sottili-cosa-sono-come-evitarle-casa\/","og_locale":"it_IT","og_type":"article","og_title":"Polveri sottili: cosa sono e come evitarle in casa | Desivero","og_description":"Le polveri sottili sono un particolato molto fine che pu\u00f2 essere dannoso per la salute: scopri come evitarlo con i condizionatori Haier.","og_url":"https:\/\/www.desivero.com\/modod\/polveri-sottili-cosa-sono-come-evitarle-casa\/","og_site_name":"MODO D","article_publisher":"https:\/\/www.facebook.com\/desiveroitalia\/","article_published_time":"2022-02-10T08:28:18+00:00","og_image":[{"width":1200,"height":641,"url":"https:\/\/www.desivero.com\/modod\/wp-content\/uploads\/2022\/02\/polveri-sottili.jpg","type":"image\/jpeg"}],"author":"redazionemodod","twitter_card":"summary_large_image","twitter_creator":"@desiveroitalia","twitter_site":"@desiveroitalia","twitter_misc":{"Scritto da":"redazionemodod","Tempo di lettura stimato":"5 minuti"},"schema":{"@context":"https:\/\/schema.org","@graph":[{"@type":"Article","@id":"https:\/\/www.desivero.com\/modod\/polveri-sottili-cosa-sono-come-evitarle-casa\/#article","isPartOf":{"@id":"https:\/\/www.desivero.com\/modod\/polveri-sottili-cosa-sono-come-evitarle-casa\/"},"author":{"name":"redazionemodod","@id":"https:\/\/www.desivero.com\/modod\/#\/schema\/person\/df159e918cb35b83b9ccf2ef95218751"},"headline":"Cosa sono le polveri sottili e danni per la salute","datePublished":"2022-02-10T08:28:18+00:00","mainEntityOfPage":{"@id":"https:\/\/www.desivero.com\/modod\/polveri-sottili-cosa-sono-come-evitarle-casa\/"},"wordCount":1020,"publisher":{"@id":"https:\/\/www.desivero.com\/modod\/#organization"},"image":{"@id":"https:\/\/www.desivero.com\/modod\/polveri-sottili-cosa-sono-come-evitarle-casa\/#primaryimage"},"thumbnailUrl":"https:\/\/www.desivero.com\/modod\/wp-content\/uploads\/2022\/02\/polveri-sottili.jpg","articleSection":["L'esperto consiglia"],"inLanguage":"it-IT"},{"@type":"ImageObject","inLanguage":"it-IT","@id":"https:\/\/www.desivero.com\/modod\/polveri-sottili-cosa-sono-come-evitarle-casa\/#primaryimage","url":"https:\/\/www.desivero.com\/modod\/wp-content\/uploads\/2022\/02\/polveri-sottili.jpg","contentUrl":"https:\/\/www.desivero.com\/modod\/wp-content\/uploads\/2022\/02\/polveri-sottili.jpg","width":1200,"height":641,"caption":"Cosa sono le polveri sottili"},{"@type":"BreadcrumbList","@id":"https:\/\/www.desivero.com\/modod\/polveri-sottili-cosa-sono-come-evitarle-casa\/#breadcrumb","itemListElement":[{"@type":"ListItem","position":1,"name":"Home","item":"https:\/\/www.desivero.com\/modod\/"},{"@type":"ListItem","position":2,"name":"L'esperto consiglia","item":"https:\/\/www.desivero.com\/modod\/category\/l-esperto-consiglia\/"},{"@type":"ListItem","position":3,"name":"Cosa sono le polveri sottili e danni per la salute"}]},{"@type":"WebSite","@id":"https:\/\/www.desivero.com\/modod\/#website","url":"https:\/\/www.desivero.com\/modod\/","name":"MODO D","description":"","publisher":{"@id":"https:\/\/www.desivero.com\/modod\/#organization"},"potentialAction":[{"@type":"SearchAction","target":{"@type":"EntryPoint","urlTemplate":"https:\/\/www.desivero.com\/modod\/?s={search_term_string}"},"query-input":{"@type":"PropertyValueSpecification","valueRequired":true,"valueName":"search_term_string"}}],"inLanguage":"it-IT"},{"@type":"Organization","@id":"https:\/\/www.desivero.com\/modod\/#organization","name":"MODO D","url":"https:\/\/www.desivero.com\/modod\/","logo":{"@type":"ImageObject","inLanguage":"it-IT","@id":"https:\/\/www.desivero.com\/modod\/#\/schema\/logo\/image\/","url":"https:\/\/www.desivero.com\/modod\/wp-content\/uploads\/2017\/06\/EXE_Modod_RGB-1.png","contentUrl":"https:\/\/www.desivero.com\/modod\/wp-content\/uploads\/2017\/06\/EXE_Modod_RGB-1.png","width":1753,"height":503,"caption":"MODO D"},"image":{"@id":"https:\/\/www.desivero.com\/modod\/#\/schema\/logo\/image\/"},"sameAs":["https:\/\/www.facebook.com\/desiveroitalia\/","https:\/\/x.com\/desiveroitalia"]},{"@type":"Person","@id":"https:\/\/www.desivero.com\/modod\/#\/schema\/person\/df159e918cb35b83b9ccf2ef95218751","name":"redazionemodod","image":{"@type":"ImageObject","inLanguage":"it-IT","@id":"https:\/\/secure.gravatar.com\/avatar\/f4dee7a055e3b2abd6dc36d91366b760ad4c30f156b3b8add06a79d9e2a3b657?s=96&d=mm&r=g","url":"https:\/\/secure.gravatar.com\/avatar\/f4dee7a055e3b2abd6dc36d91366b760ad4c30f156b3b8add06a79d9e2a3b657?s=96&d=mm&r=g","contentUrl":"https:\/\/secure.gravatar.com\/avatar\/f4dee7a055e3b2abd6dc36d91366b760ad4c30f156b3b8add06a79d9e2a3b657?s=96&d=mm&r=g","caption":"redazionemodod"}}]}},"_links":{"self":[{"href":"https:\/\/www.desivero.com\/modod\/wp-json\/wp\/v2\/posts\/6417","targetHints":{"allow":["GET"]}}],"collection":[{"href":"https:\/\/www.desivero.com\/modod\/wp-json\/wp\/v2\/posts"}],"about":[{"href":"https:\/\/www.desivero.com\/modod\/wp-json\/wp\/v2\/types\/post"}],"author":[{"embeddable":true,"href":"https:\/\/www.desivero.com\/modod\/wp-json\/wp\/v2\/users\/8"}],"replies":[{"embeddable":true,"href":"https:\/\/www.desivero.com\/modod\/wp-json\/wp\/v2\/comments?post=6417"}],"version-history":[{"count":3,"href":"https:\/\/www.desivero.com\/modod\/wp-json\/wp\/v2\/posts\/6417\/revisions"}],"predecessor-version":[{"id":6421,"href":"https:\/\/www.desivero.com\/modod\/wp-json\/wp\/v2\/posts\/6417\/revisions\/6421"}],"wp:featuredmedia":[{"embeddable":true,"href":"https:\/\/www.desivero.com\/modod\/wp-json\/wp\/v2\/media\/6419"}],"wp:attachment":[{"href":"https:\/\/www.desivero.com\/modod\/wp-json\/wp\/v2\/media?parent=6417"}],"wp:term":[{"taxonomy":"category","embeddable":true,"href":"https:\/\/www.desivero.com\/modod\/wp-json\/wp\/v2\/categories?post=6417"},{"taxonomy":"post_tag","embeddable":true,"href":"https:\/\/www.desivero.com\/modod\/wp-json\/wp\/v2\/tags?post=6417"}],"curies":[{"name":"wp","href":"https:\/\/api.w.org\/{rel}","templated":true}]}}