{"id":6110,"date":"2021-08-11T13:00:00","date_gmt":"2021-08-11T11:00:00","guid":{"rendered":"https:\/\/www.desivero.com\/modod\/?p=6110"},"modified":"2021-07-27T13:06:16","modified_gmt":"2021-07-27T11:06:16","slug":"i-condizionatori-haier-piu-silenziosi","status":"publish","type":"post","link":"https:\/\/www.desivero.com\/modod\/i-condizionatori-haier-piu-silenziosi\/","title":{"rendered":"I condizionatori Haier pi\u00f9 silenziosi"},"content":{"rendered":"\n<p>I <strong>climatizzatori Haier<\/strong>, multinazionale leader del mercato dei grandi elettrodomestici, non sono all\u2019avanguardia soltanto per il design, le tecnologie di purificazione dell\u2019aria o per le modalit\u00e0 di controllo intelligente e a distanza, grazie al Wi-Fi, ma soprattutto perch\u00e9 ti garantiscono un comfort termico, consumi ridotti e piena efficienza con l\u2019impatto acustico tra i pi\u00f9 bassi del settore.<\/p>\n\n\n\n<p>Tutta la tecnologia e l\u2019innovazione per i climatizzatori di casa e ufficio con i livelli pi\u00f9 bassi di rumorosit\u00e0. Scopriamo insieme quali sono i <strong>livelli di rumorosit\u00e0<\/strong> di tutti i modelli di condizionatori Haier, <a href=\"https:\/\/www.desivero.com\/shop-in-shop\/haier\">disponibili anche sul sito di Desivero<\/a>, e perch\u00e9 sono perfetti da tenere accesi persino durante le afose notti d\u2019estate in citt\u00e0.<\/p>\n\n\n\n<h2 class=\"wp-block-heading\">I livelli di silenziosit\u00e0 dei condizionatori Haier<\/h2>\n\n\n\n<p>Cominciamo dalla <a href=\"https:\/\/www.desivero.com\/shop\/condizionatori-fissi\/HAIER__JADE\">linea Haier All-In-Jade<\/a> e dal suo avanzato <strong>filtro di purificazione IFD<\/strong> in grado di eliminare il 99.9% delle impurit\u00e0 normalmente presenti nell\u2019aria. Haier Jade monta inoltre un\u2019innovativa tecnologia inverter con i controlli intelligenti TFLM, PID e A-PAM. Tutto questo funziona con un livello di rumorosit\u00e0 tra i pi\u00f9 bassi del mercato: soltanto <strong>15 decibel di efficienza<\/strong>, comfort termico e purificazione dell\u2019aria. Il massimo risultato con il minimo del fastidio.<\/p>\n\n\n\n<p>Con soli 16 decibel di rumorosit\u00e0 troviamo poi la <a href=\"https:\/\/www.desivero.com\/shop\/condizionatori-fissi\/HAIER__FLEXIS+PLUS\">linea Haier Flexis Plus<\/a>, dotata di sensore di movimento intelligente che rileva la presenza di persone all\u2019interno dell\u2019ambiente in cui \u00e8 installata fino a 8 metri di distanza e regola di conseguenza getto dell\u2019aria per garantire la temperatura desiderata ai massimi livelli di comfort. Garantisce la migliore tecnologia e anche stile, grazie al design accattivante disponibile in bianco, nero o grigio antracite. I modelli Haier Flexis Plus implementano anche l\u2019innovativo sistema di purificazione dell\u2019aria con <a href=\"https:\/\/www.desivero.com\/modod\/come-funziona-la-sanificazione-tramite-raggi-uv-c\/\">lampada UV-C LED<\/a> e i sistemi Steri-Clean 56 \u00b0C, Self-Clean e Self-Hygiene.<\/p>\n\n\n\n<p>Un&#8217;altra linea di climatizzatori Haier \u00e8 <a href=\"https:\/\/www.desivero.com\/shop\/condizionatori-fissi\/HAIER__IES+PLUS\">IES Plus<\/a>, acronimo che condensa i termini \u201cinstallazione, efficienza, silenziosit\u00e0\u201d. Con una rumorosit\u00e0 di <strong>soli 19 decibel<\/strong> la linea Haier IES Plus \u00e8 stata progettata per facilitare ogni aspetto dell\u2019utilizzo di un condizionatore, a partire dalla sua installazione grazie al sistema Easy Clip, che condivide con Jade e Flexis Plus, che permette di fissare lo split al muro senza doverla sorreggere e lasciare cos\u00ec entrambe le mani libere per il collegamento dei tubi.<\/p>\n\n\n\n<p>Con Haier IES Plus poi avrai tutte le altre funzionalit\u00e0 presenti in Jade e Flexis Plus: dal controllo intelligente dei consumi alla gestione da remoto tramite Wi-Fi, alla diffusione in 3D del getto d\u2019aria. IES Plus combina anche le classiche <strong>funzionalit\u00e0 di purificazione e igienizzazione dell\u2019aria<\/strong> (Steri-Clean, Self-Clean e Self-Hygiene), l\u2019Eco-Sensor per la rilevazione delle persone all\u2019interno della casa nonch\u00e9 l\u2019esclusivo sistema di sterilizzazione Nano-Acqua, acqua ionizzata che viene sprigionata attraverso il getto dell\u2019aria per un\u2019umidificazione ottimale e per l\u2019eliminazione chirurgica dei batteri presenti nell\u2019aria domestica.<\/p>\n\n\n\n<h2 class=\"wp-block-heading\">Condizionatori Haier: perfetti anche durante la notte<\/h2>\n\n\n\n<p>L\u2019efficienza energetica di tutti i modelli di condizionatori Haier vi permette di <strong>dormire sonni tranquilli<\/strong>. Con livelli di rumorosit\u00e0 cos\u00ec bassi, tra i pi\u00f9 bassi del mercato a parit\u00e0 di prestazioni, non vi accorgerete nemmeno che sono in funzione. Un rumore tra i 10 e i 20 decibel corrisponde a un bisbiglio o a un fruscio di foglie nel bosco. Insomma, un rumore talmente leggero che non potr\u00e0 disturbare il sonno di adulti e bambini.<\/p>\n\n\n\n<p>Un\u2019ulteriore garanzia per il sonno \u00e8 data dall\u2019Eco-Sensor, sensore di movimento che modella il suo funzionamento in base alla presenza o meno di persone, che render\u00e0 il getto dell\u2019aria efficace ma \u201cindolore\u201d per tutta la durata del vostro sonno. Ecco perch\u00e9 i condizionatori Haier sono perfetti anche durante la notte.<\/p>\n\n\n\n<div class=\"divider-wrap\"><div style=\"height: 25px;\" class=\"divider\"><\/div><\/div>[nectar_btn size=&#8221;small&#8221; open_new_tab=&#8221;true&#8221; button_style=&#8221;regular&#8221; button_color_2=&#8221;Accent-Color&#8221; icon_family=&#8221;none&#8221; url=&#8221;https:\/\/www.desivero.com\/shop-in-shop\/haier&#8221; text=&#8221;DEVI SCEGLIERE\u00a0UN CONDIZIONATORE HAIER? CONSIDERALO FATTO.&#8221;]\n\n\n[vc_row type=&#8221;in_container&#8221; full_screen_row_position=&#8221;middle&#8221; scene_position=&#8221;center&#8221; text_color=&#8221;dark&#8221; text_align=&#8221;left&#8221; id=&#8221;row-correlati&#8221; overlay_strength=&#8221;0.3&#8243;][vc_column column_padding=&#8221;no-extra-padding&#8221; column_padding_position=&#8221;all&#8221; background_color_opacity=&#8221;1&#8243; background_hover_color_opacity=&#8221;1&#8243; width=&#8221;1\/1&#8243; tablet_text_alignment=&#8221;default&#8221; phone_text_alignment=&#8221;default&#8221;]<div class=\"divider-wrap\"><div style=\"margin-top: 12px; width: 20%px; height: 1px; margin-bottom: 12px;\" data-width=\"20%\" data-animate=\"\" data-animation-delay=\"\" data-color=\"default\" class=\"divider-small-border\"><\/div><\/div>[vc_column_text]<span style=\"color: #99ccff;\">Articoli correlati<\/span>[\/vc_column_text]\n        <div class=\"row blog-recent columns-3\" data-style=\"minimal\">\n\n            \n                <div class=\"col span_4\">\n\n                    \n                        <div class=\"post-header\">\n                                                            <figure class=\"correlati-image\" style=\"background-image: url(https:\/\/www.desivero.com\/modod\/wp-content\/uploads\/2023\/09\/simboli-telecomando-condizionatore-haier.jpg)\">\n                                    <a href=\"https:\/\/www.desivero.com\/modod\/simboli-telecomando-condizionatore-haier\/\"><\/a>\n                                <\/figure>\n                                                            <h3 class=\"title\"><a href=\"https:\/\/www.desivero.com\/modod\/simboli-telecomando-condizionatore-haier\/\">Telecomandi dei condizionatori Haier: tutti i simboli<\/a><\/h3>\n                            <span class=\"meta categoria-correlati pdd\">\n                <a href=\"https:\/\/www.desivero.com\/modod\/category\/l-esperto-consiglia\/\">L'esperto consiglia<\/a>                 <\/span>\n                        <\/div><!--\/post-header-->\n                        <p>Scopri a cosa corrispondono tutti i simboli presenti sui telecomandi dei condizionatori Haier e come usarli per regolare la temperatura.<\/p>\n                        <span>Read More <i class=\"icon-button-arrow\"><\/i><\/span>\n\n                    \n                <\/div><!--\/col-->\n\n            \n                <div class=\"col span_4\">\n\n                    \n                        <div class=\"post-header\">\n                                                            <figure class=\"correlati-image\" style=\"background-image: url(https:\/\/www.desivero.com\/modod\/wp-content\/uploads\/2021\/03\/condizionatori-wifi.jpg)\">\n                                    <a href=\"https:\/\/www.desivero.com\/modod\/condizionatori-smart-tecnologia-haier-wifi\/\"><\/a>\n                                <\/figure>\n                                                            <h3 class=\"title\"><a href=\"https:\/\/www.desivero.com\/modod\/condizionatori-smart-tecnologia-haier-wifi\/\">Tutti i vantaggi di un condizionatore smart<\/a><\/h3>\n                            <span class=\"meta categoria-correlati pdd\">\n                <a href=\"https:\/\/www.desivero.com\/modod\/category\/l-esperto-consiglia\/\">L'esperto consiglia<\/a>                 <\/span>\n                        <\/div><!--\/post-header-->\n                        <p>Scopri come funzionano i climatizzatori smart con funzioni WiFi: tutti i vantaggi di un condizionatore connesso e i migliori modelli Haier.<\/p>\n                        <span>Read More <i class=\"icon-button-arrow\"><\/i><\/span>\n\n                    \n                <\/div><!--\/col-->\n\n            \n                <div class=\"col span_4\">\n\n                    \n                        <div class=\"post-header\">\n                                                            <figure class=\"correlati-image\" style=\"background-image: url(https:\/\/www.desivero.com\/modod\/wp-content\/uploads\/2023\/06\/quanto-consuma-condizionatore-dual-split.jpg)\">\n                                    <a href=\"https:\/\/www.desivero.com\/modod\/quanto-consuma-condizionatore-dual-split\/\"><\/a>\n                                <\/figure>\n                                                            <h3 class=\"title\"><a href=\"https:\/\/www.desivero.com\/modod\/quanto-consuma-condizionatore-dual-split\/\">Condizionatore dual split: quanto consuma?<\/a><\/h3>\n                            <span class=\"meta categoria-correlati pdd\">\n                <a href=\"https:\/\/www.desivero.com\/modod\/category\/l-esperto-consiglia\/\">L'esperto consiglia<\/a>                 <\/span>\n                        <\/div><!--\/post-header-->\n                        <p>Desideri sapere quanto consuma un condizionatore dual split? Leggi la nostra guida completa per conoscere tutti i dettagli in merito.<\/p>\n                        <span>Read More <i class=\"icon-button-arrow\"><\/i><\/span>\n\n                    \n                <\/div><!--\/col-->\n\n            \n        <\/div><!--\/blog-recent-->\n\n        [\/vc_column][\/vc_row]\n","protected":false},"excerpt":{"rendered":"<p>Scopri i livelli di rumorosit\u00e0 dei condizionatori Haier, tra i pi\u00f9 bassi sul mercato<\/p>\n","protected":false},"author":8,"featured_media":6111,"comment_status":"closed","ping_status":"closed","sticky":false,"template":"","format":"standard","meta":{"_acf_changed":false,"footnotes":""},"categories":[11],"tags":[],"class_list":{"0":"post-6110","1":"post","2":"type-post","3":"status-publish","4":"format-standard","5":"has-post-thumbnail","7":"category-l-esperto-consiglia"},"acf":[],"yoast_head":"<!-- This site is optimized with the Yoast SEO plugin v27.5 - https:\/\/yoast.com\/product\/yoast-seo-wordpress\/ -->\n<title>Condizionatori silenziosi: riposo garantito con Haier | Desivero<\/title>\n<meta name=\"description\" content=\"Con i condizionatori fissi Haier non dovrai preoccuparti del rumore: scopri quali sono i livelli di decibel raggiunti da questi climatizzatori silenziosi\" \/>\n<meta name=\"robots\" content=\"index, follow, max-snippet:-1, max-image-preview:large, max-video-preview:-1\" \/>\n<link rel=\"canonical\" href=\"https:\/\/www.desivero.com\/modod\/i-condizionatori-haier-piu-silenziosi\/\" \/>\n<meta property=\"og:locale\" content=\"it_IT\" \/>\n<meta property=\"og:type\" content=\"article\" \/>\n<meta property=\"og:title\" content=\"Condizionatori silenziosi: riposo garantito con Haier | Desivero\" \/>\n<meta property=\"og:description\" content=\"Con i condizionatori fissi Haier non dovrai preoccuparti del rumore: scopri quali sono i livelli di decibel raggiunti da questi climatizzatori silenziosi\" \/>\n<meta property=\"og:url\" content=\"https:\/\/www.desivero.com\/modod\/i-condizionatori-haier-piu-silenziosi\/\" \/>\n<meta property=\"og:site_name\" content=\"MODO D\" \/>\n<meta property=\"article:publisher\" content=\"https:\/\/www.facebook.com\/desiveroitalia\/\" \/>\n<meta property=\"article:published_time\" content=\"2021-08-11T11:00:00+00:00\" \/>\n<meta property=\"og:image\" content=\"https:\/\/www.desivero.com\/modod\/wp-content\/uploads\/2021\/07\/condizionatori-silenziosi.jpg\" \/>\n\t<meta property=\"og:image:width\" content=\"1250\" \/>\n\t<meta property=\"og:image:height\" content=\"668\" \/>\n\t<meta property=\"og:image:type\" content=\"image\/jpeg\" \/>\n<meta name=\"author\" content=\"redazionemodod\" \/>\n<meta name=\"twitter:card\" content=\"summary_large_image\" \/>\n<meta name=\"twitter:creator\" content=\"@desiveroitalia\" \/>\n<meta name=\"twitter:site\" content=\"@desiveroitalia\" \/>\n<meta name=\"twitter:label1\" content=\"Scritto da\" \/>\n\t<meta name=\"twitter:data1\" content=\"redazionemodod\" \/>\n\t<meta name=\"twitter:label2\" content=\"Tempo di lettura stimato\" \/>\n\t<meta name=\"twitter:data2\" content=\"4 minuti\" \/>\n<script type=\"application\/ld+json\" class=\"yoast-schema-graph\">{\"@context\":\"https:\\\/\\\/schema.org\",\"@graph\":[{\"@type\":\"Article\",\"@id\":\"https:\\\/\\\/www.desivero.com\\\/modod\\\/i-condizionatori-haier-piu-silenziosi\\\/#article\",\"isPartOf\":{\"@id\":\"https:\\\/\\\/www.desivero.com\\\/modod\\\/i-condizionatori-haier-piu-silenziosi\\\/\"},\"author\":{\"name\":\"redazionemodod\",\"@id\":\"https:\\\/\\\/www.desivero.com\\\/modod\\\/#\\\/schema\\\/person\\\/df159e918cb35b83b9ccf2ef95218751\"},\"headline\":\"I condizionatori Haier pi\u00f9 silenziosi\",\"datePublished\":\"2021-08-11T11:00:00+00:00\",\"mainEntityOfPage\":{\"@id\":\"https:\\\/\\\/www.desivero.com\\\/modod\\\/i-condizionatori-haier-piu-silenziosi\\\/\"},\"wordCount\":723,\"publisher\":{\"@id\":\"https:\\\/\\\/www.desivero.com\\\/modod\\\/#organization\"},\"image\":{\"@id\":\"https:\\\/\\\/www.desivero.com\\\/modod\\\/i-condizionatori-haier-piu-silenziosi\\\/#primaryimage\"},\"thumbnailUrl\":\"https:\\\/\\\/www.desivero.com\\\/modod\\\/wp-content\\\/uploads\\\/2021\\\/07\\\/condizionatori-silenziosi.jpg\",\"articleSection\":[\"L'esperto consiglia\"],\"inLanguage\":\"it-IT\"},{\"@type\":\"ImageObject\",\"inLanguage\":\"it-IT\",\"@id\":\"https:\\\/\\\/www.desivero.com\\\/modod\\\/i-condizionatori-haier-piu-silenziosi\\\/#primaryimage\",\"url\":\"https:\\\/\\\/www.desivero.com\\\/modod\\\/wp-content\\\/uploads\\\/2021\\\/07\\\/condizionatori-silenziosi.jpg\",\"contentUrl\":\"https:\\\/\\\/www.desivero.com\\\/modod\\\/wp-content\\\/uploads\\\/2021\\\/07\\\/condizionatori-silenziosi.jpg\",\"width\":1250,\"height\":668,\"caption\":\"condizionatori silenziosi\"},{\"@type\":\"BreadcrumbList\",\"@id\":\"https:\\\/\\\/www.desivero.com\\\/modod\\\/i-condizionatori-haier-piu-silenziosi\\\/#breadcrumb\",\"itemListElement\":[{\"@type\":\"ListItem\",\"position\":1,\"name\":\"Home\",\"item\":\"https:\\\/\\\/www.desivero.com\\\/modod\\\/\"},{\"@type\":\"ListItem\",\"position\":2,\"name\":\"L'esperto consiglia\",\"item\":\"https:\\\/\\\/www.desivero.com\\\/modod\\\/category\\\/l-esperto-consiglia\\\/\"},{\"@type\":\"ListItem\",\"position\":3,\"name\":\"I condizionatori Haier pi\u00f9 silenziosi\"}]},{\"@type\":\"WebSite\",\"@id\":\"https:\\\/\\\/www.desivero.com\\\/modod\\\/#website\",\"url\":\"https:\\\/\\\/www.desivero.com\\\/modod\\\/\",\"name\":\"MODO D\",\"description\":\"\",\"publisher\":{\"@id\":\"https:\\\/\\\/www.desivero.com\\\/modod\\\/#organization\"},\"potentialAction\":[{\"@type\":\"SearchAction\",\"target\":{\"@type\":\"EntryPoint\",\"urlTemplate\":\"https:\\\/\\\/www.desivero.com\\\/modod\\\/?s={search_term_string}\"},\"query-input\":{\"@type\":\"PropertyValueSpecification\",\"valueRequired\":true,\"valueName\":\"search_term_string\"}}],\"inLanguage\":\"it-IT\"},{\"@type\":\"Organization\",\"@id\":\"https:\\\/\\\/www.desivero.com\\\/modod\\\/#organization\",\"name\":\"MODO D\",\"url\":\"https:\\\/\\\/www.desivero.com\\\/modod\\\/\",\"logo\":{\"@type\":\"ImageObject\",\"inLanguage\":\"it-IT\",\"@id\":\"https:\\\/\\\/www.desivero.com\\\/modod\\\/#\\\/schema\\\/logo\\\/image\\\/\",\"url\":\"https:\\\/\\\/www.desivero.com\\\/modod\\\/wp-content\\\/uploads\\\/2017\\\/06\\\/EXE_Modod_RGB-1.png\",\"contentUrl\":\"https:\\\/\\\/www.desivero.com\\\/modod\\\/wp-content\\\/uploads\\\/2017\\\/06\\\/EXE_Modod_RGB-1.png\",\"width\":1753,\"height\":503,\"caption\":\"MODO D\"},\"image\":{\"@id\":\"https:\\\/\\\/www.desivero.com\\\/modod\\\/#\\\/schema\\\/logo\\\/image\\\/\"},\"sameAs\":[\"https:\\\/\\\/www.facebook.com\\\/desiveroitalia\\\/\",\"https:\\\/\\\/x.com\\\/desiveroitalia\"]},{\"@type\":\"Person\",\"@id\":\"https:\\\/\\\/www.desivero.com\\\/modod\\\/#\\\/schema\\\/person\\\/df159e918cb35b83b9ccf2ef95218751\",\"name\":\"redazionemodod\",\"image\":{\"@type\":\"ImageObject\",\"inLanguage\":\"it-IT\",\"@id\":\"https:\\\/\\\/secure.gravatar.com\\\/avatar\\\/f4dee7a055e3b2abd6dc36d91366b760ad4c30f156b3b8add06a79d9e2a3b657?s=96&d=mm&r=g\",\"url\":\"https:\\\/\\\/secure.gravatar.com\\\/avatar\\\/f4dee7a055e3b2abd6dc36d91366b760ad4c30f156b3b8add06a79d9e2a3b657?s=96&d=mm&r=g\",\"contentUrl\":\"https:\\\/\\\/secure.gravatar.com\\\/avatar\\\/f4dee7a055e3b2abd6dc36d91366b760ad4c30f156b3b8add06a79d9e2a3b657?s=96&d=mm&r=g\",\"caption\":\"redazionemodod\"}}]}<\/script>\n<!-- \/ Yoast SEO plugin. -->","yoast_head_json":{"title":"Condizionatori silenziosi: riposo garantito con Haier | Desivero","description":"Con i condizionatori fissi Haier non dovrai preoccuparti del rumore: scopri quali sono i livelli di decibel raggiunti da questi climatizzatori silenziosi","robots":{"index":"index","follow":"follow","max-snippet":"max-snippet:-1","max-image-preview":"max-image-preview:large","max-video-preview":"max-video-preview:-1"},"canonical":"https:\/\/www.desivero.com\/modod\/i-condizionatori-haier-piu-silenziosi\/","og_locale":"it_IT","og_type":"article","og_title":"Condizionatori silenziosi: riposo garantito con Haier | Desivero","og_description":"Con i condizionatori fissi Haier non dovrai preoccuparti del rumore: scopri quali sono i livelli di decibel raggiunti da questi climatizzatori silenziosi","og_url":"https:\/\/www.desivero.com\/modod\/i-condizionatori-haier-piu-silenziosi\/","og_site_name":"MODO D","article_publisher":"https:\/\/www.facebook.com\/desiveroitalia\/","article_published_time":"2021-08-11T11:00:00+00:00","og_image":[{"width":1250,"height":668,"url":"https:\/\/www.desivero.com\/modod\/wp-content\/uploads\/2021\/07\/condizionatori-silenziosi.jpg","type":"image\/jpeg"}],"author":"redazionemodod","twitter_card":"summary_large_image","twitter_creator":"@desiveroitalia","twitter_site":"@desiveroitalia","twitter_misc":{"Scritto da":"redazionemodod","Tempo di lettura stimato":"4 minuti"},"schema":{"@context":"https:\/\/schema.org","@graph":[{"@type":"Article","@id":"https:\/\/www.desivero.com\/modod\/i-condizionatori-haier-piu-silenziosi\/#article","isPartOf":{"@id":"https:\/\/www.desivero.com\/modod\/i-condizionatori-haier-piu-silenziosi\/"},"author":{"name":"redazionemodod","@id":"https:\/\/www.desivero.com\/modod\/#\/schema\/person\/df159e918cb35b83b9ccf2ef95218751"},"headline":"I condizionatori Haier pi\u00f9 silenziosi","datePublished":"2021-08-11T11:00:00+00:00","mainEntityOfPage":{"@id":"https:\/\/www.desivero.com\/modod\/i-condizionatori-haier-piu-silenziosi\/"},"wordCount":723,"publisher":{"@id":"https:\/\/www.desivero.com\/modod\/#organization"},"image":{"@id":"https:\/\/www.desivero.com\/modod\/i-condizionatori-haier-piu-silenziosi\/#primaryimage"},"thumbnailUrl":"https:\/\/www.desivero.com\/modod\/wp-content\/uploads\/2021\/07\/condizionatori-silenziosi.jpg","articleSection":["L'esperto consiglia"],"inLanguage":"it-IT"},{"@type":"ImageObject","inLanguage":"it-IT","@id":"https:\/\/www.desivero.com\/modod\/i-condizionatori-haier-piu-silenziosi\/#primaryimage","url":"https:\/\/www.desivero.com\/modod\/wp-content\/uploads\/2021\/07\/condizionatori-silenziosi.jpg","contentUrl":"https:\/\/www.desivero.com\/modod\/wp-content\/uploads\/2021\/07\/condizionatori-silenziosi.jpg","width":1250,"height":668,"caption":"condizionatori silenziosi"},{"@type":"BreadcrumbList","@id":"https:\/\/www.desivero.com\/modod\/i-condizionatori-haier-piu-silenziosi\/#breadcrumb","itemListElement":[{"@type":"ListItem","position":1,"name":"Home","item":"https:\/\/www.desivero.com\/modod\/"},{"@type":"ListItem","position":2,"name":"L'esperto consiglia","item":"https:\/\/www.desivero.com\/modod\/category\/l-esperto-consiglia\/"},{"@type":"ListItem","position":3,"name":"I condizionatori Haier pi\u00f9 silenziosi"}]},{"@type":"WebSite","@id":"https:\/\/www.desivero.com\/modod\/#website","url":"https:\/\/www.desivero.com\/modod\/","name":"MODO D","description":"","publisher":{"@id":"https:\/\/www.desivero.com\/modod\/#organization"},"potentialAction":[{"@type":"SearchAction","target":{"@type":"EntryPoint","urlTemplate":"https:\/\/www.desivero.com\/modod\/?s={search_term_string}"},"query-input":{"@type":"PropertyValueSpecification","valueRequired":true,"valueName":"search_term_string"}}],"inLanguage":"it-IT"},{"@type":"Organization","@id":"https:\/\/www.desivero.com\/modod\/#organization","name":"MODO D","url":"https:\/\/www.desivero.com\/modod\/","logo":{"@type":"ImageObject","inLanguage":"it-IT","@id":"https:\/\/www.desivero.com\/modod\/#\/schema\/logo\/image\/","url":"https:\/\/www.desivero.com\/modod\/wp-content\/uploads\/2017\/06\/EXE_Modod_RGB-1.png","contentUrl":"https:\/\/www.desivero.com\/modod\/wp-content\/uploads\/2017\/06\/EXE_Modod_RGB-1.png","width":1753,"height":503,"caption":"MODO D"},"image":{"@id":"https:\/\/www.desivero.com\/modod\/#\/schema\/logo\/image\/"},"sameAs":["https:\/\/www.facebook.com\/desiveroitalia\/","https:\/\/x.com\/desiveroitalia"]},{"@type":"Person","@id":"https:\/\/www.desivero.com\/modod\/#\/schema\/person\/df159e918cb35b83b9ccf2ef95218751","name":"redazionemodod","image":{"@type":"ImageObject","inLanguage":"it-IT","@id":"https:\/\/secure.gravatar.com\/avatar\/f4dee7a055e3b2abd6dc36d91366b760ad4c30f156b3b8add06a79d9e2a3b657?s=96&d=mm&r=g","url":"https:\/\/secure.gravatar.com\/avatar\/f4dee7a055e3b2abd6dc36d91366b760ad4c30f156b3b8add06a79d9e2a3b657?s=96&d=mm&r=g","contentUrl":"https:\/\/secure.gravatar.com\/avatar\/f4dee7a055e3b2abd6dc36d91366b760ad4c30f156b3b8add06a79d9e2a3b657?s=96&d=mm&r=g","caption":"redazionemodod"}}]}},"_links":{"self":[{"href":"https:\/\/www.desivero.com\/modod\/wp-json\/wp\/v2\/posts\/6110","targetHints":{"allow":["GET"]}}],"collection":[{"href":"https:\/\/www.desivero.com\/modod\/wp-json\/wp\/v2\/posts"}],"about":[{"href":"https:\/\/www.desivero.com\/modod\/wp-json\/wp\/v2\/types\/post"}],"author":[{"embeddable":true,"href":"https:\/\/www.desivero.com\/modod\/wp-json\/wp\/v2\/users\/8"}],"replies":[{"embeddable":true,"href":"https:\/\/www.desivero.com\/modod\/wp-json\/wp\/v2\/comments?post=6110"}],"version-history":[{"count":2,"href":"https:\/\/www.desivero.com\/modod\/wp-json\/wp\/v2\/posts\/6110\/revisions"}],"predecessor-version":[{"id":6113,"href":"https:\/\/www.desivero.com\/modod\/wp-json\/wp\/v2\/posts\/6110\/revisions\/6113"}],"wp:featuredmedia":[{"embeddable":true,"href":"https:\/\/www.desivero.com\/modod\/wp-json\/wp\/v2\/media\/6111"}],"wp:attachment":[{"href":"https:\/\/www.desivero.com\/modod\/wp-json\/wp\/v2\/media?parent=6110"}],"wp:term":[{"taxonomy":"category","embeddable":true,"href":"https:\/\/www.desivero.com\/modod\/wp-json\/wp\/v2\/categories?post=6110"},{"taxonomy":"post_tag","embeddable":true,"href":"https:\/\/www.desivero.com\/modod\/wp-json\/wp\/v2\/tags?post=6110"}],"curies":[{"name":"wp","href":"https:\/\/api.w.org\/{rel}","templated":true}]}}