{"id":6003,"date":"2021-07-14T15:01:00","date_gmt":"2021-07-14T13:01:00","guid":{"rendered":"https:\/\/www.desivero.com\/modod\/?p=6003"},"modified":"2021-07-13T10:02:10","modified_gmt":"2021-07-13T08:02:10","slug":"i-migliori-condizionatori-haier-tutte-le-linee","status":"publish","type":"post","link":"https:\/\/www.desivero.com\/modod\/i-migliori-condizionatori-haier-tutte-le-linee\/","title":{"rendered":"I migliori condizionatori Haier: tutte le linee"},"content":{"rendered":"\n<p>Il gruppo Haier \u00e8 presente sul mercato da oltre 35 anni e ha sempre avuto, fin dalle sue origini, un particolare orientamento verso la ricerca e la tecnologia, che lo ha portato a essere uno dei leader indiscussi del settore. Non per nulla \u00e8 da molti anni in testa alla classifica dei brand produttori di grandi elettrodomestici, stilata annualmente da Euromonitor International, uno degli istituti per le ricerche di mercato pi\u00f9 autorevoli al mondo.<\/p>\n\n\n\n<p>Tra i prodotti su cui Haier investe, al fine di offrire al consumatore delle soluzioni sempre all&#8217;avanguardia e in linea con le nuove esigenze, ci sono sicuramente i <a href=\"https:\/\/www.desivero.com\/shop\/condizionatori-fissi?marca=HAIER\">condizionatori<\/a>. Indispensabili per garantire un ambiente confortevole in casa o in ufficio, i condizionatori possono essere monosplit o multisplit, tradizionali o inverter, a pompa di calore o meno, senza perdere di vista le nuove tecnologie di purificazione dell\u2019aria e neppure le esigenze pi\u00f9 puramente estetiche e di design.<\/p>\n\n\n\n<p>Orientarsi in questa vasta offerta potrebbe non essere semplice, vediamo quindi le caratteristiche delle migliori linee di condizionatori Haier. Tutte le <a href=\"https:\/\/www.desivero.com\/shop-in-shop\/haier\">soluzioni Haier proposte su Desivero<\/a> rientrano inoltre nell\u2019estensione di garanzia a cinque anni: non resta che scegliere la linea pi\u00f9 adatta alle proprie esigenze!<\/p>\n\n\n\n<h2 class=\"wp-block-heading\">Haier Jade: caratteristiche<\/h2>\n\n\n\n<p>L\u2019inquinamento \u00e8 certamente un grosso problema, soprattutto nelle grandi citt\u00e0. Non tutti per\u00f2 sanno che l\u2019aria all\u2019interno dei luoghi chiusi, come casa e ufficio, \u00e8 addirittura pi\u00f9 inquinata di quella all\u2019esterno. Questo dipende da molti fattori, come i solventi organici, l\u2019anidride carbonica prodotta da forno e fornelli, ma anche la semplice polvere o il fumo passivo.<\/p>\n\n\n\n<p>Per ovviare a questo problema occorre certamente arieggiare i locali quotidianamente, per almeno un\u2019ora, ma questo potrebbe non bastare. <strong>Haier <\/strong><strong>All-In-Jade<\/strong> \u00e8 un sistema all\u2019avanguardia che permette di avere, in un solo colpo, un condizionatore e un <a href=\"https:\/\/www.desivero.com\/modod\/come-avere-aria-pulita-in-casa-con-i-condizionatori-haier\/\">sistema di purificazione dell\u2019aria<\/a> che elimina il 99.9% delle impurit\u00e0.&nbsp;Il filtro, correttamente mantenuto, elimina quasi completamente batteri, muffe, spore, pollini e le polveri sottili e, quando \u00e8 sporco, pu\u00f2 essere tranquillamente lavato senza necessit\u00e0 di sostituirlo.<\/p>\n\n\n\n<p>Haier Jade utilizza inoltre una <strong>tecnologia inverter avanzata<\/strong>, integrando alla normale tecnologia inverter i controlli TLFM, PID e A-PAM, per ottenere un controllo intelligente del proprio apparecchio. Un altro notevole plus di Haier Jade \u00e8 la sua silenziosit\u00e0: con i suoi 15 decibel, rinfresca e purifica l\u2019ambiente senza causare il minimo fastidio.&nbsp;<\/p>\n\n\n\n<h2 class=\"wp-block-heading\">Haier Flexis Plus: caratteristiche<\/h2>\n\n\n\n<p><strong>Flexis Plus di Haier<\/strong> \u00e8 una linea pensata appositamente per raffrescare e purificare l\u2019aria di casa. In particolare, \u00e8 dotata di un sensore di movimento che rileva la presenza di persone nella stanza con una distanza di rilevamento fino a 8 metri e, di conseguenza, regola automaticamente l\u2019intensit\u00e0 del getto di aria.<\/p>\n\n\n\n<p>Flexis Plus integra a questa tecnologia anche la funzione di purificazione dell\u2019aria, attraverso la presenza di una <a href=\"https:\/\/www.desivero.com\/modod\/come-funziona-la-sanificazione-tramite-raggi-uv-c\/\">lampada UV-C LED<\/a> e dei sistemi Steri-Clean 56 \u00b0C, Self-Clean e Self-Hygiene. Un elemento molto interessante in ottica arredamento e design e che linea Flexis Plus \u00e8 disponibile in pi\u00f9 varianti di colore: bianco, nero e grigio antracite, per una scelta ancora pi\u00f9 personalizzata. Insomma, con Flexis Plus si coniugano tecnologia, benessere e stile.&nbsp;<\/p>\n\n\n\n<h2 class=\"wp-block-heading\">Haier IES Plus: caratteristiche<\/h2>\n\n\n\n<p>Quando il nome dice tutto: <strong>IES Plus<\/strong> \u00e8 un acronimo che sta per \u201cinstallazione, efficienza, silenziosit\u00e0\u201d.&nbsp;Questa linea di condizionatori Haier \u00e8 perfetta per l\u2019ambito residenziale ed \u00e8 stata progettata per semplificare l\u2019opera dell\u2019installatore, dalla possibilit\u00e0 di rimozione del pannello inferiore al sistema Easy Clip, presente anche su Jade e Flexis Plus, che permette di fissare l\u2019unit\u00e0 interna al muro durante la fase di collegamento dei tubi, senza doverla sorreggere.&nbsp;<\/p>\n\n\n\n<p>Oltre a questa particolarit\u00e0, IES Plus condivide con le altre linee Haier alcune caratteristiche importanti, come il <strong>controllo dei consumi<\/strong>, la possibilit\u00e0 di gestione da remoto attraverso cellulare o tablet, la diffusione del getto in 3D, la silenziosit\u00e0 dell\u2019impianto. IES Plus implementa le funzionalit\u00e0 di purificazione e igienizzazione, attraverso la tecnologia Steri-Clean, Self-Clean e Self-Hygiene. Inoltre, il <strong>sistema di sterilizzazione Nano-Acqua<\/strong> sprigiona nell\u2019ambiente acqua ionizzata, contribuendo alla corretta umidificazione ed eliminando i batteri attraverso gli ioni positivi e negativi.<\/p>\n\n\n\n<h2 class=\"wp-block-heading\">L&#8217;estensione della garanzia Haier<\/h2>\n\n\n\n<p>Adesso c\u2019\u00e8 un motivo in pi\u00f9 per <strong>scegliere un condizionatore Haier<\/strong>. Oltre alle tecnologie innovative, al controllo dei consumi e al design accattivante \u00e8 adesso possibile beneficiare di un\u2019importante estensione della garanzia. Infatti, la garanzia ordinaria dei consumatori privati, pari a due anni, e la garanzia per le partite IVA, pari a un anno, sono entrambe <strong>estese a cinque anni<\/strong> per la maggior parte dei modelli acquistati entro il 31 luglio 2021.<\/p>\n\n\n\n<div class=\"divider-wrap\"><div style=\"height: 25px;\" class=\"divider\"><\/div><\/div>[nectar_btn size=&#8221;small&#8221; open_new_tab=&#8221;true&#8221; button_style=&#8221;regular&#8221; button_color_2=&#8221;Accent-Color&#8221; icon_family=&#8221;none&#8221; url=&#8221;https:\/\/www.desivero.com\/shop-in-shop\/haier&#8221; text=&#8221;DEVI SCEGLIERE&nbsp;UN&nbsp;CONDIZIONATORE HAIER PER LA CASA? CONSIDERALO FATTO.&#8221;]\n\n\n[vc_row type=&#8221;in_container&#8221; full_screen_row_position=&#8221;middle&#8221; scene_position=&#8221;center&#8221; text_color=&#8221;dark&#8221; text_align=&#8221;left&#8221; id=&#8221;row-correlati&#8221; overlay_strength=&#8221;0.3&#8243;][vc_column column_padding=&#8221;no-extra-padding&#8221; column_padding_position=&#8221;all&#8221; background_color_opacity=&#8221;1&#8243; background_hover_color_opacity=&#8221;1&#8243; width=&#8221;1\/1&#8243; tablet_text_alignment=&#8221;default&#8221; phone_text_alignment=&#8221;default&#8221;]<div class=\"divider-wrap\"><div style=\"margin-top: 12px; width: 20%px; height: 1px; margin-bottom: 12px;\" data-width=\"20%\" data-animate=\"\" data-animation-delay=\"\" data-color=\"default\" class=\"divider-small-border\"><\/div><\/div>[vc_column_text]<span style=\"color: #99ccff;\">Articoli correlati<\/span>[\/vc_column_text]\n        <div class=\"row blog-recent columns-3\" data-style=\"minimal\">\n\n            \n                <div class=\"col span_4\">\n\n                    \n                        <div class=\"post-header\">\n                                                            <figure class=\"correlati-image\" style=\"background-image: url(https:\/\/www.desivero.com\/modod\/wp-content\/uploads\/2023\/09\/simboli-telecomando-condizionatore-haier.jpg)\">\n                                    <a href=\"https:\/\/www.desivero.com\/modod\/simboli-telecomando-condizionatore-haier\/\"><\/a>\n                                <\/figure>\n                                                            <h3 class=\"title\"><a href=\"https:\/\/www.desivero.com\/modod\/simboli-telecomando-condizionatore-haier\/\">Telecomandi dei condizionatori Haier: tutti i simboli<\/a><\/h3>\n                            <span class=\"meta categoria-correlati pdd\">\n                <a href=\"https:\/\/www.desivero.com\/modod\/category\/l-esperto-consiglia\/\">L'esperto consiglia<\/a>                 <\/span>\n                        <\/div><!--\/post-header-->\n                        <p>Scopri a cosa corrispondono tutti i simboli presenti sui telecomandi dei condizionatori Haier e come usarli per regolare la temperatura.<\/p>\n                        <span>Read More <i class=\"icon-button-arrow\"><\/i><\/span>\n\n                    \n                <\/div><!--\/col-->\n\n            \n                <div class=\"col span_4\">\n\n                    \n                        <div class=\"post-header\">\n                                                            <figure class=\"correlati-image\" style=\"background-image: url(https:\/\/www.desivero.com\/modod\/wp-content\/uploads\/2021\/03\/condizionatori-wifi.jpg)\">\n                                    <a href=\"https:\/\/www.desivero.com\/modod\/condizionatori-smart-tecnologia-haier-wifi\/\"><\/a>\n                                <\/figure>\n                                                            <h3 class=\"title\"><a href=\"https:\/\/www.desivero.com\/modod\/condizionatori-smart-tecnologia-haier-wifi\/\">Tutti i vantaggi di un condizionatore smart<\/a><\/h3>\n                            <span class=\"meta categoria-correlati pdd\">\n                <a href=\"https:\/\/www.desivero.com\/modod\/category\/l-esperto-consiglia\/\">L'esperto consiglia<\/a>                 <\/span>\n                        <\/div><!--\/post-header-->\n                        <p>Scopri come funzionano i climatizzatori smart con funzioni WiFi: tutti i vantaggi di un condizionatore connesso e i migliori modelli Haier.<\/p>\n                        <span>Read More <i class=\"icon-button-arrow\"><\/i><\/span>\n\n                    \n                <\/div><!--\/col-->\n\n            \n                <div class=\"col span_4\">\n\n                    \n                        <div class=\"post-header\">\n                                                            <figure class=\"correlati-image\" style=\"background-image: url(https:\/\/www.desivero.com\/modod\/wp-content\/uploads\/2023\/06\/quanto-consuma-condizionatore-dual-split.jpg)\">\n                                    <a href=\"https:\/\/www.desivero.com\/modod\/quanto-consuma-condizionatore-dual-split\/\"><\/a>\n                                <\/figure>\n                                                            <h3 class=\"title\"><a href=\"https:\/\/www.desivero.com\/modod\/quanto-consuma-condizionatore-dual-split\/\">Condizionatore dual split: quanto consuma?<\/a><\/h3>\n                            <span class=\"meta categoria-correlati pdd\">\n                <a href=\"https:\/\/www.desivero.com\/modod\/category\/l-esperto-consiglia\/\">L'esperto consiglia<\/a>                 <\/span>\n                        <\/div><!--\/post-header-->\n                        <p>Desideri sapere quanto consuma un condizionatore dual split? Leggi la nostra guida completa per conoscere tutti i dettagli in merito.<\/p>\n                        <span>Read More <i class=\"icon-button-arrow\"><\/i><\/span>\n\n                    \n                <\/div><!--\/col-->\n\n            \n        <\/div><!--\/blog-recent-->\n\n        [\/vc_column][\/vc_row]\n","protected":false},"excerpt":{"rendered":"<p>Scopri le migliori linee di condizionatori Haier per raffrescare e purificare l&#8217;aria di casa tua<\/p>\n","protected":false},"author":8,"featured_media":6014,"comment_status":"closed","ping_status":"closed","sticky":false,"template":"","format":"standard","meta":{"_acf_changed":false,"footnotes":""},"categories":[11],"tags":[],"class_list":{"0":"post-6003","1":"post","2":"type-post","3":"status-publish","4":"format-standard","5":"has-post-thumbnail","7":"category-l-esperto-consiglia"},"acf":[],"yoast_head":"<!-- This site is optimized with the Yoast SEO plugin v27.5 - https:\/\/yoast.com\/product\/yoast-seo-wordpress\/ -->\n<title>Condizionatori Haier: le linee migliori | Desivero<\/title>\n<meta name=\"description\" content=\"Scopri le linee migliori dei condizionatori Haier: dall&#039;elegante Flexis Plus con i suoi colori a Jade con le sue funzionalit\u00e0 di purificazione.\" \/>\n<meta name=\"robots\" content=\"index, follow, max-snippet:-1, max-image-preview:large, max-video-preview:-1\" \/>\n<link rel=\"canonical\" href=\"https:\/\/desivero.com\/modod\/i-migliori-condizionatori-haier-tutte-le-linee\/\" \/>\n<meta property=\"og:locale\" content=\"it_IT\" \/>\n<meta property=\"og:type\" content=\"article\" \/>\n<meta property=\"og:title\" content=\"Condizionatori Haier: le linee migliori | Desivero\" \/>\n<meta property=\"og:description\" content=\"Scopri le linee migliori dei condizionatori Haier: dall&#039;elegante Flexis Plus con i suoi colori a Jade con le sue funzionalit\u00e0 di purificazione.\" \/>\n<meta property=\"og:url\" content=\"https:\/\/desivero.com\/modod\/i-migliori-condizionatori-haier-tutte-le-linee\/\" \/>\n<meta property=\"og:site_name\" content=\"MODO D\" \/>\n<meta property=\"article:publisher\" content=\"https:\/\/www.facebook.com\/desiveroitalia\/\" \/>\n<meta property=\"article:published_time\" content=\"2021-07-14T13:01:00+00:00\" \/>\n<meta property=\"og:image\" content=\"https:\/\/desivero.com\/modod\/wp-content\/uploads\/2021\/07\/condizionatori-haier.jpg\" \/>\n\t<meta property=\"og:image:width\" content=\"1250\" \/>\n\t<meta property=\"og:image:height\" content=\"668\" \/>\n\t<meta property=\"og:image:type\" content=\"image\/jpeg\" \/>\n<meta name=\"author\" content=\"redazionemodod\" \/>\n<meta name=\"twitter:card\" content=\"summary_large_image\" \/>\n<meta name=\"twitter:creator\" content=\"@desiveroitalia\" \/>\n<meta name=\"twitter:site\" content=\"@desiveroitalia\" \/>\n<meta name=\"twitter:label1\" content=\"Scritto da\" \/>\n\t<meta name=\"twitter:data1\" content=\"redazionemodod\" \/>\n\t<meta name=\"twitter:label2\" content=\"Tempo di lettura stimato\" \/>\n\t<meta name=\"twitter:data2\" content=\"4 minuti\" \/>\n<script type=\"application\/ld+json\" class=\"yoast-schema-graph\">{\"@context\":\"https:\\\/\\\/schema.org\",\"@graph\":[{\"@type\":\"Article\",\"@id\":\"https:\\\/\\\/desivero.com\\\/modod\\\/i-migliori-condizionatori-haier-tutte-le-linee\\\/#article\",\"isPartOf\":{\"@id\":\"https:\\\/\\\/desivero.com\\\/modod\\\/i-migliori-condizionatori-haier-tutte-le-linee\\\/\"},\"author\":{\"name\":\"redazionemodod\",\"@id\":\"https:\\\/\\\/www.desivero.com\\\/modod\\\/#\\\/schema\\\/person\\\/df159e918cb35b83b9ccf2ef95218751\"},\"headline\":\"I migliori condizionatori Haier: tutte le linee\",\"datePublished\":\"2021-07-14T13:01:00+00:00\",\"mainEntityOfPage\":{\"@id\":\"https:\\\/\\\/desivero.com\\\/modod\\\/i-migliori-condizionatori-haier-tutte-le-linee\\\/\"},\"wordCount\":874,\"publisher\":{\"@id\":\"https:\\\/\\\/www.desivero.com\\\/modod\\\/#organization\"},\"image\":{\"@id\":\"https:\\\/\\\/desivero.com\\\/modod\\\/i-migliori-condizionatori-haier-tutte-le-linee\\\/#primaryimage\"},\"thumbnailUrl\":\"https:\\\/\\\/www.desivero.com\\\/modod\\\/wp-content\\\/uploads\\\/2021\\\/07\\\/condizionatori-haier.jpg\",\"articleSection\":[\"L'esperto consiglia\"],\"inLanguage\":\"it-IT\"},{\"@type\":\"ImageObject\",\"inLanguage\":\"it-IT\",\"@id\":\"https:\\\/\\\/desivero.com\\\/modod\\\/i-migliori-condizionatori-haier-tutte-le-linee\\\/#primaryimage\",\"url\":\"https:\\\/\\\/www.desivero.com\\\/modod\\\/wp-content\\\/uploads\\\/2021\\\/07\\\/condizionatori-haier.jpg\",\"contentUrl\":\"https:\\\/\\\/www.desivero.com\\\/modod\\\/wp-content\\\/uploads\\\/2021\\\/07\\\/condizionatori-haier.jpg\",\"width\":1250,\"height\":668,\"caption\":\"migliori-condizionatori-haier\"},{\"@type\":\"BreadcrumbList\",\"@id\":\"https:\\\/\\\/desivero.com\\\/modod\\\/i-migliori-condizionatori-haier-tutte-le-linee\\\/#breadcrumb\",\"itemListElement\":[{\"@type\":\"ListItem\",\"position\":1,\"name\":\"Home\",\"item\":\"https:\\\/\\\/www.desivero.com\\\/modod\\\/\"},{\"@type\":\"ListItem\",\"position\":2,\"name\":\"L'esperto consiglia\",\"item\":\"https:\\\/\\\/www.desivero.com\\\/modod\\\/category\\\/l-esperto-consiglia\\\/\"},{\"@type\":\"ListItem\",\"position\":3,\"name\":\"I migliori condizionatori Haier: tutte le linee\"}]},{\"@type\":\"WebSite\",\"@id\":\"https:\\\/\\\/www.desivero.com\\\/modod\\\/#website\",\"url\":\"https:\\\/\\\/www.desivero.com\\\/modod\\\/\",\"name\":\"MODO D\",\"description\":\"\",\"publisher\":{\"@id\":\"https:\\\/\\\/www.desivero.com\\\/modod\\\/#organization\"},\"potentialAction\":[{\"@type\":\"SearchAction\",\"target\":{\"@type\":\"EntryPoint\",\"urlTemplate\":\"https:\\\/\\\/www.desivero.com\\\/modod\\\/?s={search_term_string}\"},\"query-input\":{\"@type\":\"PropertyValueSpecification\",\"valueRequired\":true,\"valueName\":\"search_term_string\"}}],\"inLanguage\":\"it-IT\"},{\"@type\":\"Organization\",\"@id\":\"https:\\\/\\\/www.desivero.com\\\/modod\\\/#organization\",\"name\":\"MODO D\",\"url\":\"https:\\\/\\\/www.desivero.com\\\/modod\\\/\",\"logo\":{\"@type\":\"ImageObject\",\"inLanguage\":\"it-IT\",\"@id\":\"https:\\\/\\\/www.desivero.com\\\/modod\\\/#\\\/schema\\\/logo\\\/image\\\/\",\"url\":\"https:\\\/\\\/www.desivero.com\\\/modod\\\/wp-content\\\/uploads\\\/2017\\\/06\\\/EXE_Modod_RGB-1.png\",\"contentUrl\":\"https:\\\/\\\/www.desivero.com\\\/modod\\\/wp-content\\\/uploads\\\/2017\\\/06\\\/EXE_Modod_RGB-1.png\",\"width\":1753,\"height\":503,\"caption\":\"MODO D\"},\"image\":{\"@id\":\"https:\\\/\\\/www.desivero.com\\\/modod\\\/#\\\/schema\\\/logo\\\/image\\\/\"},\"sameAs\":[\"https:\\\/\\\/www.facebook.com\\\/desiveroitalia\\\/\",\"https:\\\/\\\/x.com\\\/desiveroitalia\"]},{\"@type\":\"Person\",\"@id\":\"https:\\\/\\\/www.desivero.com\\\/modod\\\/#\\\/schema\\\/person\\\/df159e918cb35b83b9ccf2ef95218751\",\"name\":\"redazionemodod\",\"image\":{\"@type\":\"ImageObject\",\"inLanguage\":\"it-IT\",\"@id\":\"https:\\\/\\\/secure.gravatar.com\\\/avatar\\\/f4dee7a055e3b2abd6dc36d91366b760ad4c30f156b3b8add06a79d9e2a3b657?s=96&d=mm&r=g\",\"url\":\"https:\\\/\\\/secure.gravatar.com\\\/avatar\\\/f4dee7a055e3b2abd6dc36d91366b760ad4c30f156b3b8add06a79d9e2a3b657?s=96&d=mm&r=g\",\"contentUrl\":\"https:\\\/\\\/secure.gravatar.com\\\/avatar\\\/f4dee7a055e3b2abd6dc36d91366b760ad4c30f156b3b8add06a79d9e2a3b657?s=96&d=mm&r=g\",\"caption\":\"redazionemodod\"}}]}<\/script>\n<!-- \/ Yoast SEO plugin. -->","yoast_head_json":{"title":"Condizionatori Haier: le linee migliori | Desivero","description":"Scopri le linee migliori dei condizionatori Haier: dall'elegante Flexis Plus con i suoi colori a Jade con le sue funzionalit\u00e0 di purificazione.","robots":{"index":"index","follow":"follow","max-snippet":"max-snippet:-1","max-image-preview":"max-image-preview:large","max-video-preview":"max-video-preview:-1"},"canonical":"https:\/\/desivero.com\/modod\/i-migliori-condizionatori-haier-tutte-le-linee\/","og_locale":"it_IT","og_type":"article","og_title":"Condizionatori Haier: le linee migliori | Desivero","og_description":"Scopri le linee migliori dei condizionatori Haier: dall'elegante Flexis Plus con i suoi colori a Jade con le sue funzionalit\u00e0 di purificazione.","og_url":"https:\/\/desivero.com\/modod\/i-migliori-condizionatori-haier-tutte-le-linee\/","og_site_name":"MODO D","article_publisher":"https:\/\/www.facebook.com\/desiveroitalia\/","article_published_time":"2021-07-14T13:01:00+00:00","og_image":[{"width":1250,"height":668,"url":"https:\/\/desivero.com\/modod\/wp-content\/uploads\/2021\/07\/condizionatori-haier.jpg","type":"image\/jpeg"}],"author":"redazionemodod","twitter_card":"summary_large_image","twitter_creator":"@desiveroitalia","twitter_site":"@desiveroitalia","twitter_misc":{"Scritto da":"redazionemodod","Tempo di lettura stimato":"4 minuti"},"schema":{"@context":"https:\/\/schema.org","@graph":[{"@type":"Article","@id":"https:\/\/desivero.com\/modod\/i-migliori-condizionatori-haier-tutte-le-linee\/#article","isPartOf":{"@id":"https:\/\/desivero.com\/modod\/i-migliori-condizionatori-haier-tutte-le-linee\/"},"author":{"name":"redazionemodod","@id":"https:\/\/www.desivero.com\/modod\/#\/schema\/person\/df159e918cb35b83b9ccf2ef95218751"},"headline":"I migliori condizionatori Haier: tutte le linee","datePublished":"2021-07-14T13:01:00+00:00","mainEntityOfPage":{"@id":"https:\/\/desivero.com\/modod\/i-migliori-condizionatori-haier-tutte-le-linee\/"},"wordCount":874,"publisher":{"@id":"https:\/\/www.desivero.com\/modod\/#organization"},"image":{"@id":"https:\/\/desivero.com\/modod\/i-migliori-condizionatori-haier-tutte-le-linee\/#primaryimage"},"thumbnailUrl":"https:\/\/www.desivero.com\/modod\/wp-content\/uploads\/2021\/07\/condizionatori-haier.jpg","articleSection":["L'esperto consiglia"],"inLanguage":"it-IT"},{"@type":"ImageObject","inLanguage":"it-IT","@id":"https:\/\/desivero.com\/modod\/i-migliori-condizionatori-haier-tutte-le-linee\/#primaryimage","url":"https:\/\/www.desivero.com\/modod\/wp-content\/uploads\/2021\/07\/condizionatori-haier.jpg","contentUrl":"https:\/\/www.desivero.com\/modod\/wp-content\/uploads\/2021\/07\/condizionatori-haier.jpg","width":1250,"height":668,"caption":"migliori-condizionatori-haier"},{"@type":"BreadcrumbList","@id":"https:\/\/desivero.com\/modod\/i-migliori-condizionatori-haier-tutte-le-linee\/#breadcrumb","itemListElement":[{"@type":"ListItem","position":1,"name":"Home","item":"https:\/\/www.desivero.com\/modod\/"},{"@type":"ListItem","position":2,"name":"L'esperto consiglia","item":"https:\/\/www.desivero.com\/modod\/category\/l-esperto-consiglia\/"},{"@type":"ListItem","position":3,"name":"I migliori condizionatori Haier: tutte le linee"}]},{"@type":"WebSite","@id":"https:\/\/www.desivero.com\/modod\/#website","url":"https:\/\/www.desivero.com\/modod\/","name":"MODO D","description":"","publisher":{"@id":"https:\/\/www.desivero.com\/modod\/#organization"},"potentialAction":[{"@type":"SearchAction","target":{"@type":"EntryPoint","urlTemplate":"https:\/\/www.desivero.com\/modod\/?s={search_term_string}"},"query-input":{"@type":"PropertyValueSpecification","valueRequired":true,"valueName":"search_term_string"}}],"inLanguage":"it-IT"},{"@type":"Organization","@id":"https:\/\/www.desivero.com\/modod\/#organization","name":"MODO D","url":"https:\/\/www.desivero.com\/modod\/","logo":{"@type":"ImageObject","inLanguage":"it-IT","@id":"https:\/\/www.desivero.com\/modod\/#\/schema\/logo\/image\/","url":"https:\/\/www.desivero.com\/modod\/wp-content\/uploads\/2017\/06\/EXE_Modod_RGB-1.png","contentUrl":"https:\/\/www.desivero.com\/modod\/wp-content\/uploads\/2017\/06\/EXE_Modod_RGB-1.png","width":1753,"height":503,"caption":"MODO D"},"image":{"@id":"https:\/\/www.desivero.com\/modod\/#\/schema\/logo\/image\/"},"sameAs":["https:\/\/www.facebook.com\/desiveroitalia\/","https:\/\/x.com\/desiveroitalia"]},{"@type":"Person","@id":"https:\/\/www.desivero.com\/modod\/#\/schema\/person\/df159e918cb35b83b9ccf2ef95218751","name":"redazionemodod","image":{"@type":"ImageObject","inLanguage":"it-IT","@id":"https:\/\/secure.gravatar.com\/avatar\/f4dee7a055e3b2abd6dc36d91366b760ad4c30f156b3b8add06a79d9e2a3b657?s=96&d=mm&r=g","url":"https:\/\/secure.gravatar.com\/avatar\/f4dee7a055e3b2abd6dc36d91366b760ad4c30f156b3b8add06a79d9e2a3b657?s=96&d=mm&r=g","contentUrl":"https:\/\/secure.gravatar.com\/avatar\/f4dee7a055e3b2abd6dc36d91366b760ad4c30f156b3b8add06a79d9e2a3b657?s=96&d=mm&r=g","caption":"redazionemodod"}}]}},"_links":{"self":[{"href":"https:\/\/www.desivero.com\/modod\/wp-json\/wp\/v2\/posts\/6003","targetHints":{"allow":["GET"]}}],"collection":[{"href":"https:\/\/www.desivero.com\/modod\/wp-json\/wp\/v2\/posts"}],"about":[{"href":"https:\/\/www.desivero.com\/modod\/wp-json\/wp\/v2\/types\/post"}],"author":[{"embeddable":true,"href":"https:\/\/www.desivero.com\/modod\/wp-json\/wp\/v2\/users\/8"}],"replies":[{"embeddable":true,"href":"https:\/\/www.desivero.com\/modod\/wp-json\/wp\/v2\/comments?post=6003"}],"version-history":[{"count":2,"href":"https:\/\/www.desivero.com\/modod\/wp-json\/wp\/v2\/posts\/6003\/revisions"}],"predecessor-version":[{"id":6005,"href":"https:\/\/www.desivero.com\/modod\/wp-json\/wp\/v2\/posts\/6003\/revisions\/6005"}],"wp:featuredmedia":[{"embeddable":true,"href":"https:\/\/www.desivero.com\/modod\/wp-json\/wp\/v2\/media\/6014"}],"wp:attachment":[{"href":"https:\/\/www.desivero.com\/modod\/wp-json\/wp\/v2\/media?parent=6003"}],"wp:term":[{"taxonomy":"category","embeddable":true,"href":"https:\/\/www.desivero.com\/modod\/wp-json\/wp\/v2\/categories?post=6003"},{"taxonomy":"post_tag","embeddable":true,"href":"https:\/\/www.desivero.com\/modod\/wp-json\/wp\/v2\/tags?post=6003"}],"curies":[{"name":"wp","href":"https:\/\/api.w.org\/{rel}","templated":true}]}}