{"id":5633,"date":"2020-12-16T22:23:58","date_gmt":"2020-12-16T21:23:58","guid":{"rendered":"https:\/\/www.desivero.com\/modod\/?p=5633"},"modified":"2020-12-16T22:23:58","modified_gmt":"2020-12-16T21:23:58","slug":"haier-storia-innovazione-elettrodomestici","status":"publish","type":"post","link":"https:\/\/www.desivero.com\/modod\/haier-storia-innovazione-elettrodomestici\/","title":{"rendered":"Da un colpo di martello, al tetto del mondo: la storia di Haier"},"content":{"rendered":"<p>Siamo a cavallo tra il 1984 e il 1985. Mentre le radio di tutto il mondo trasmettono a ripetizione note che sarebbero diventate immortali, come quelle di Careless Whispers degli Wham! e All night long di Lionel Richie, a <strong>Qingdao<\/strong>, nella provincia orientale cinese dello Shandong, si sente un altro suono, sordo, ripetuto. Una nota pi\u00f9 scura ma che avrebbe dato inizio a qualcosa di grande.<\/p>\n<p>Il \u201cmusicista\u201d in questione \u00e8 <strong>Zhang Ruimin<\/strong>, un impiegato appena promosso capo di una piccola azienda statale di elettrodomestici. Cosa sta facendo il giovane Zhang? Sta <strong>prendendo a martellate un frigorifero<\/strong>. Letteralmente. Il motivo \u00e8 molto semplice: quell\u2019azienda che ha appena preso sotto la sua gestione, e che produce frigoriferi, \u00e8 un disastro totale, il fallimento \u00e8 vicino.<\/p>\n<p>Un capannone sporco, fatiscente. Operai demotivati che mollano in massa. Prodotti di bassa qualit\u00e0 (1 frigo su 5 non funziona) e attivit\u00e0 sull\u2019orlo del collasso.<\/p>\n<p>Il nuovo capo raduna tutti, i pochi rimasti, e inizia a prendere a martellate un frigorifero non funzionante mandato indietro da un cliente, ordinando loro di imitarlo. Solo quella mattina vennero distrutti 76 frigoriferi male assemblati.<\/p>\n<h2><strong>Il suono del cambiamento<\/strong><\/h2>\n<p>Quel martello oggi \u00e8 addirittura esposto in un museo a Pechino, perch\u00e9 da quei colpi, da quel suono, \u00e8 partito tutto.<\/p>\n<p>Gli operai ragionano e capiscono. Il gesto risveglia in loro qualcosa: <strong>\u00e8 il momento di cambiare<\/strong>.<\/p>\n<p>Inizia cos\u00ec una lenta ma costante <strong>risalita<\/strong>. L\u2019impegno cresce, il metodo di lavoro migliora, cos\u00ec come la qualit\u00e0 dei prodotti che escono dalla fabbrica. Di conseguenza i clienti, che prima riportavano indietro con rabbia i frigoriferi difettosi, ora sono soddisfatti e aumentano.<\/p>\n<p>Il mercato quindi si allarga e il nome dell\u2019azienda diventa <strong>\u201cHaier\u201d.<\/strong><\/p>\n<p>Una scelta ben precisa, che strizza l\u2019occhio alla Germania, con la quale la provincia aveva un antico legame, e che dimostra un orientamento commerciale rivolto a occidente.<\/p>\n<p>\u00c8 stata questa la vera forza del brand. Se l\u2019abitudine cinese, infatti, era quella di concentrarsi su Asia e Africa per non dover soddisfare particolari esigenze qualitative, Zhang decide di vendere soprattutto in <strong>Europa<\/strong>, dove c\u2019\u00e8 pi\u00f9 ricchezza, stabilendo contatti e stringendo legami nei maggiori paesi del continente.<\/p>\n<p>In pi\u00f9, i progettisti ebbero la lungimiranza di concentrarsi su <strong>mercati alternativi<\/strong>, come mini-frigo da ufficio o enormi frigo con pochi ripiani, adatti a numerose famiglie occidentali.<\/p>\n<p>Grazie a questi accorgimenti e a una riorganizzazione della gerarchia aziendale, Haier negli anni cresce sempre di pi\u00f9.<\/p>\n<h2><strong>Haier: leader mondiale<\/strong><\/h2>\n<p>Nel 2020, a 35 anni da quella mattina passata a \u201cmartellare\u201d, <strong>Haier \u00e8 diventata il primo produttore mondiale di elettrodomestici<\/strong>, leder indiscusso del settore.<\/p>\n<p>L\u2019azienda conta ben 80 mila dipendenti ed \u00e8 specializzata nella produzione di elettrodomestici di ogni tipo, come frigoriferi, lavatrici, lavastoviglie e condizionatori d&#8217;aria; e nell&#8217;elettronica di consumo: televisori, lettori DVD e MP3, tablets e smartphones.<\/p>\n<p>La sede principale e storica \u00e8 rimasta Quingdao, ma il gruppo possiede <strong>64 filiali, 29 impianti produttivi, 8 centri design e 16 parchi industriali, sparsi in tutto il mondo.<\/strong><\/p>\n<p>Inoltre Haier \u00e8 la terza pi\u00f9 grande produttrice di beni per la casa e riporta vendite per decine di miliardi di dollari.<\/p>\n<h2><strong>Una visione innovativa<\/strong><\/h2>\n<p>L\u2019uomo che ha reso possibile tutto questo, Zhang Ruimin, oggi ha 69 anni ed \u00e8 considerato uno dei 50 leader industriali pi\u00f9 influenti al mondo. <strong>Haier fa dell\u2019innovazione uno dei suoi pilastri fondamentali,<\/strong> e anche per questo \u00e8 <strong>tra i primi posti per innovazione tra i gruppi globalizzati<\/strong>. Questa spinta avanguardista non ha a che fare solo con l\u2019aspetto produttivo, ma anche con l\u2019organigramma e la gestione del personale.<\/p>\n<p>Il tentativo, riuscito con successo, \u00e8 stato quello di cancellare le divisioni tradizionali tra area produttiva, ufficio vendite, ricerca e sviluppo. I dipendenti sono stati riorganizzati con efficienza in 2 mila unit\u00e0 produttive responsabili di tutte le fasi, dalla costruzione alla distribuzione, e vengono retribuiti in base ai risultati.<\/p>\n<h2><strong>I\u00a0prodotti Haier rispecchiano l&#8217;azienda<\/strong><\/h2>\n<p>Questo spirito innovativo trova la sua massima espressione nella qualit\u00e0 dei prodotti. Le punte di diamante pi\u00f9 tecnologiche dell\u2019azienda sono le macchine per abitazioni di condizionamento e purificazione <strong>Haier All-In-Jade<\/strong> e <strong>Haier Flexis<\/strong>.<\/p>\n<p>Jade infatti \u00e8 dotato di <strong>Purificatore IFD,<\/strong> un dispositivo in grado di depurare l\u2019aria da agenti inquinanti, allergeni e batteri. Ha la <strong>funzione Self Clean<\/strong> con tecnologia CleanCoolTM, che elimina polvere e altre sostanze inquinanti dell\u2019evaporatore. <strong>Quando il filtro \u00e8 sporco<\/strong>, poi,<strong> pu\u00f2 essere lavato facilmente<\/strong>. Rispetto alla tecnologia inverter convenzionale, <strong>Haier Inverter Plus<\/strong> integra i controlli TLFM, PID e A-PAM dell\u2019inverter, per ottenere un controllo intelligente della macchina e, al contempo massimo comfort, affidabilit\u00e0 e prestazioni altamente efficienti.<\/p>\n<p>Insieme a <strong>Flexis<\/strong>, ha un bassissimo livello di rumorosit\u00e0, ha funzione di pompa di calore, <strong>l\u2019installazione \u00e8 semplice, immediata <\/strong>e con <strong>l\u2019app \u201cHaier Smart Air 2\u201d<\/strong> si pu\u00f2 controllare tutto questo direttamente dal telefono o dal tablet.<\/p>\n<p>Questi prodotti inoltre sono dotati di <strong>sensore intelligente,<\/strong> che rileva le condizioni dell\u2019aria e il movimento delle persone in tempo reale.\u00a0Un concentrato di tecnologia e innovazione, che rappresenta al meglio il compimento di un percorso che ha portato Haier ed essere il gigante che conosciamo oggi.<\/p>\n<p>Da un semplice colpo di martello, al tetto del mondo.<\/p>\n<div class=\"divider-wrap\"><div style=\"height: 25px;\" class=\"divider\"><\/div><\/div>[nectar_btn size=&#8221;small&#8221; open_new_tab=&#8221;true&#8221; button_style=&#8221;regular&#8221; button_color_2=&#8221;Accent-Color&#8221; icon_family=&#8221;none&#8221; url=&#8221;https:\/\/www.desivero.com\/shop-in-shop\/haier&#8221; text=&#8221;ACQUISTA ORA UNO DEGLI ELETTRODOMESTICI HAIER.&#8221;]\n[vc_row type=&#8221;in_container&#8221; full_screen_row_position=&#8221;middle&#8221; scene_position=&#8221;center&#8221; text_color=&#8221;dark&#8221; text_align=&#8221;left&#8221; id=&#8221;row-correlati&#8221; overlay_strength=&#8221;0.3&#8243;][vc_column column_padding=&#8221;no-extra-padding&#8221; column_padding_position=&#8221;all&#8221; background_color_opacity=&#8221;1&#8243; background_hover_color_opacity=&#8221;1&#8243; width=&#8221;1\/1&#8243; tablet_text_alignment=&#8221;default&#8221; phone_text_alignment=&#8221;default&#8221;]<div class=\"divider-wrap\"><div style=\"margin-top: 12px; width: 20%px; height: 1px; margin-bottom: 12px;\" data-width=\"20%\" data-animate=\"\" data-animation-delay=\"\" data-color=\"default\" class=\"divider-small-border\"><\/div><\/div>[vc_column_text]<span style=\"color: #99ccff;\">Articoli correlati<\/span>[\/vc_column_text]\n        <div class=\"row blog-recent columns-3\" data-style=\"minimal\">\n\n            \n                <div class=\"col span_4\">\n\n                    \n                        <div class=\"post-header\">\n                                                            <figure class=\"correlati-image\" style=\"background-image: url(https:\/\/www.desivero.com\/modod\/wp-content\/uploads\/2023\/09\/simboli-telecomando-condizionatore-haier.jpg)\">\n                                    <a href=\"https:\/\/www.desivero.com\/modod\/simboli-telecomando-condizionatore-haier\/\"><\/a>\n                                <\/figure>\n                                                            <h3 class=\"title\"><a href=\"https:\/\/www.desivero.com\/modod\/simboli-telecomando-condizionatore-haier\/\">Telecomandi dei condizionatori Haier: tutti i simboli<\/a><\/h3>\n                            <span class=\"meta categoria-correlati pdd\">\n                <a href=\"https:\/\/www.desivero.com\/modod\/category\/l-esperto-consiglia\/\">L'esperto consiglia<\/a>                 <\/span>\n                        <\/div><!--\/post-header-->\n                        <p>Scopri a cosa corrispondono tutti i simboli presenti sui telecomandi dei condizionatori Haier e come usarli per regolare la temperatura.<\/p>\n                        <span>Read More <i class=\"icon-button-arrow\"><\/i><\/span>\n\n                    \n                <\/div><!--\/col-->\n\n            \n                <div class=\"col span_4\">\n\n                    \n                        <div class=\"post-header\">\n                                                            <figure class=\"correlati-image\" style=\"background-image: url(https:\/\/www.desivero.com\/modod\/wp-content\/uploads\/2021\/03\/condizionatori-wifi.jpg)\">\n                                    <a href=\"https:\/\/www.desivero.com\/modod\/condizionatori-smart-tecnologia-haier-wifi\/\"><\/a>\n                                <\/figure>\n                                                            <h3 class=\"title\"><a href=\"https:\/\/www.desivero.com\/modod\/condizionatori-smart-tecnologia-haier-wifi\/\">Tutti i vantaggi di un condizionatore smart<\/a><\/h3>\n                            <span class=\"meta categoria-correlati pdd\">\n                <a href=\"https:\/\/www.desivero.com\/modod\/category\/l-esperto-consiglia\/\">L'esperto consiglia<\/a>                 <\/span>\n                        <\/div><!--\/post-header-->\n                        <p>Scopri come funzionano i climatizzatori smart con funzioni WiFi: tutti i vantaggi di un condizionatore connesso e i migliori modelli Haier.<\/p>\n                        <span>Read More <i class=\"icon-button-arrow\"><\/i><\/span>\n\n                    \n                <\/div><!--\/col-->\n\n            \n                <div class=\"col span_4\">\n\n                    \n                        <div class=\"post-header\">\n                                                            <figure class=\"correlati-image\" style=\"background-image: url(https:\/\/www.desivero.com\/modod\/wp-content\/uploads\/2023\/06\/quanto-consuma-condizionatore-dual-split.jpg)\">\n                                    <a href=\"https:\/\/www.desivero.com\/modod\/quanto-consuma-condizionatore-dual-split\/\"><\/a>\n                                <\/figure>\n                                                            <h3 class=\"title\"><a href=\"https:\/\/www.desivero.com\/modod\/quanto-consuma-condizionatore-dual-split\/\">Condizionatore dual split: quanto consuma?<\/a><\/h3>\n                            <span class=\"meta categoria-correlati pdd\">\n                <a href=\"https:\/\/www.desivero.com\/modod\/category\/l-esperto-consiglia\/\">L'esperto consiglia<\/a>                 <\/span>\n                        <\/div><!--\/post-header-->\n                        <p>Desideri sapere quanto consuma un condizionatore dual split? Leggi la nostra guida completa per conoscere tutti i dettagli in merito.<\/p>\n                        <span>Read More <i class=\"icon-button-arrow\"><\/i><\/span>\n\n                    \n                <\/div><!--\/col-->\n\n            \n        <\/div><!--\/blog-recent-->\n\n        [\/vc_column][\/vc_row]\n","protected":false},"excerpt":{"rendered":"<p>Zhang Ruimin \u00e8 il mitico capo storico di Haier: ha rivoluzionato completamente l\u2019azienda, trasformandola da fabbrica di elettrodomestici scadenti a primo produttore mondiale. Andiamo a scoprire le fasi pi\u00f9 importanti della storia del marchio.<\/p>\n","protected":false},"author":8,"featured_media":5634,"comment_status":"closed","ping_status":"closed","sticky":false,"template":"","format":"standard","meta":{"_acf_changed":false,"footnotes":""},"categories":[11],"tags":[],"class_list":{"0":"post-5633","1":"post","2":"type-post","3":"status-publish","4":"format-standard","5":"has-post-thumbnail","7":"category-l-esperto-consiglia"},"acf":[],"yoast_head":"<!-- This site is optimized with the Yoast SEO plugin v27.5 - https:\/\/yoast.com\/product\/yoast-seo-wordpress\/ -->\n<title>Haier: la storia nell&#039;innovazione degli elettrodomestici | Desivero<\/title>\n<meta name=\"description\" content=\"Haier \u00e8 oggi un&#039;azienda leader nella produzione di elettrodomestici, ma quando \u00e8 nata? Scopri la storia e gli sviluppi di Haier.\" \/>\n<meta name=\"robots\" content=\"index, follow, max-snippet:-1, max-image-preview:large, max-video-preview:-1\" \/>\n<link rel=\"canonical\" href=\"https:\/\/www.desivero.com\/modod\/haier-storia-innovazione-elettrodomestici\/\" \/>\n<meta property=\"og:locale\" content=\"it_IT\" \/>\n<meta property=\"og:type\" content=\"article\" \/>\n<meta property=\"og:title\" content=\"Haier: la storia nell&#039;innovazione degli elettrodomestici | Desivero\" \/>\n<meta property=\"og:description\" content=\"Haier \u00e8 oggi un&#039;azienda leader nella produzione di elettrodomestici, ma quando \u00e8 nata? Scopri la storia e gli sviluppi di Haier.\" \/>\n<meta property=\"og:url\" content=\"https:\/\/www.desivero.com\/modod\/haier-storia-innovazione-elettrodomestici\/\" \/>\n<meta property=\"og:site_name\" content=\"MODO D\" \/>\n<meta property=\"article:publisher\" content=\"https:\/\/www.facebook.com\/desiveroitalia\/\" \/>\n<meta property=\"article:published_time\" content=\"2020-12-16T21:23:58+00:00\" \/>\n<meta property=\"og:image\" content=\"https:\/\/www.desivero.com\/modod\/wp-content\/uploads\/2020\/12\/Visore_Articolo_Powered_by_Haier_Dic.jpg\" \/>\n\t<meta property=\"og:image:width\" content=\"1200\" \/>\n\t<meta property=\"og:image:height\" content=\"641\" \/>\n\t<meta property=\"og:image:type\" content=\"image\/jpeg\" \/>\n<meta name=\"author\" content=\"redazionemodod\" \/>\n<meta name=\"twitter:card\" content=\"summary_large_image\" \/>\n<meta name=\"twitter:creator\" content=\"@desiveroitalia\" \/>\n<meta name=\"twitter:site\" content=\"@desiveroitalia\" \/>\n<meta name=\"twitter:label1\" content=\"Scritto da\" \/>\n\t<meta name=\"twitter:data1\" content=\"redazionemodod\" \/>\n\t<meta name=\"twitter:label2\" content=\"Tempo di lettura stimato\" \/>\n\t<meta name=\"twitter:data2\" content=\"5 minuti\" \/>\n<script type=\"application\/ld+json\" class=\"yoast-schema-graph\">{\"@context\":\"https:\\\/\\\/schema.org\",\"@graph\":[{\"@type\":\"Article\",\"@id\":\"https:\\\/\\\/www.desivero.com\\\/modod\\\/haier-storia-innovazione-elettrodomestici\\\/#article\",\"isPartOf\":{\"@id\":\"https:\\\/\\\/www.desivero.com\\\/modod\\\/haier-storia-innovazione-elettrodomestici\\\/\"},\"author\":{\"name\":\"redazionemodod\",\"@id\":\"https:\\\/\\\/www.desivero.com\\\/modod\\\/#\\\/schema\\\/person\\\/df159e918cb35b83b9ccf2ef95218751\"},\"headline\":\"Da un colpo di martello, al tetto del mondo: la storia di Haier\",\"datePublished\":\"2020-12-16T21:23:58+00:00\",\"mainEntityOfPage\":{\"@id\":\"https:\\\/\\\/www.desivero.com\\\/modod\\\/haier-storia-innovazione-elettrodomestici\\\/\"},\"wordCount\":962,\"publisher\":{\"@id\":\"https:\\\/\\\/www.desivero.com\\\/modod\\\/#organization\"},\"image\":{\"@id\":\"https:\\\/\\\/www.desivero.com\\\/modod\\\/haier-storia-innovazione-elettrodomestici\\\/#primaryimage\"},\"thumbnailUrl\":\"https:\\\/\\\/www.desivero.com\\\/modod\\\/wp-content\\\/uploads\\\/2020\\\/12\\\/Visore_Articolo_Powered_by_Haier_Dic.jpg\",\"articleSection\":[\"L'esperto consiglia\"],\"inLanguage\":\"it-IT\"},{\"@type\":\"ImageObject\",\"inLanguage\":\"it-IT\",\"@id\":\"https:\\\/\\\/www.desivero.com\\\/modod\\\/haier-storia-innovazione-elettrodomestici\\\/#primaryimage\",\"url\":\"https:\\\/\\\/www.desivero.com\\\/modod\\\/wp-content\\\/uploads\\\/2020\\\/12\\\/Visore_Articolo_Powered_by_Haier_Dic.jpg\",\"contentUrl\":\"https:\\\/\\\/www.desivero.com\\\/modod\\\/wp-content\\\/uploads\\\/2020\\\/12\\\/Visore_Articolo_Powered_by_Haier_Dic.jpg\",\"width\":1200,\"height\":641,\"caption\":\"La storia di Haier\"},{\"@type\":\"BreadcrumbList\",\"@id\":\"https:\\\/\\\/www.desivero.com\\\/modod\\\/haier-storia-innovazione-elettrodomestici\\\/#breadcrumb\",\"itemListElement\":[{\"@type\":\"ListItem\",\"position\":1,\"name\":\"Home\",\"item\":\"https:\\\/\\\/www.desivero.com\\\/modod\\\/\"},{\"@type\":\"ListItem\",\"position\":2,\"name\":\"L'esperto consiglia\",\"item\":\"https:\\\/\\\/www.desivero.com\\\/modod\\\/category\\\/l-esperto-consiglia\\\/\"},{\"@type\":\"ListItem\",\"position\":3,\"name\":\"Da un colpo di martello, al tetto del mondo: la storia di Haier\"}]},{\"@type\":\"WebSite\",\"@id\":\"https:\\\/\\\/www.desivero.com\\\/modod\\\/#website\",\"url\":\"https:\\\/\\\/www.desivero.com\\\/modod\\\/\",\"name\":\"MODO D\",\"description\":\"\",\"publisher\":{\"@id\":\"https:\\\/\\\/www.desivero.com\\\/modod\\\/#organization\"},\"potentialAction\":[{\"@type\":\"SearchAction\",\"target\":{\"@type\":\"EntryPoint\",\"urlTemplate\":\"https:\\\/\\\/www.desivero.com\\\/modod\\\/?s={search_term_string}\"},\"query-input\":{\"@type\":\"PropertyValueSpecification\",\"valueRequired\":true,\"valueName\":\"search_term_string\"}}],\"inLanguage\":\"it-IT\"},{\"@type\":\"Organization\",\"@id\":\"https:\\\/\\\/www.desivero.com\\\/modod\\\/#organization\",\"name\":\"MODO D\",\"url\":\"https:\\\/\\\/www.desivero.com\\\/modod\\\/\",\"logo\":{\"@type\":\"ImageObject\",\"inLanguage\":\"it-IT\",\"@id\":\"https:\\\/\\\/www.desivero.com\\\/modod\\\/#\\\/schema\\\/logo\\\/image\\\/\",\"url\":\"https:\\\/\\\/www.desivero.com\\\/modod\\\/wp-content\\\/uploads\\\/2017\\\/06\\\/EXE_Modod_RGB-1.png\",\"contentUrl\":\"https:\\\/\\\/www.desivero.com\\\/modod\\\/wp-content\\\/uploads\\\/2017\\\/06\\\/EXE_Modod_RGB-1.png\",\"width\":1753,\"height\":503,\"caption\":\"MODO D\"},\"image\":{\"@id\":\"https:\\\/\\\/www.desivero.com\\\/modod\\\/#\\\/schema\\\/logo\\\/image\\\/\"},\"sameAs\":[\"https:\\\/\\\/www.facebook.com\\\/desiveroitalia\\\/\",\"https:\\\/\\\/x.com\\\/desiveroitalia\"]},{\"@type\":\"Person\",\"@id\":\"https:\\\/\\\/www.desivero.com\\\/modod\\\/#\\\/schema\\\/person\\\/df159e918cb35b83b9ccf2ef95218751\",\"name\":\"redazionemodod\",\"image\":{\"@type\":\"ImageObject\",\"inLanguage\":\"it-IT\",\"@id\":\"https:\\\/\\\/secure.gravatar.com\\\/avatar\\\/f4dee7a055e3b2abd6dc36d91366b760ad4c30f156b3b8add06a79d9e2a3b657?s=96&d=mm&r=g\",\"url\":\"https:\\\/\\\/secure.gravatar.com\\\/avatar\\\/f4dee7a055e3b2abd6dc36d91366b760ad4c30f156b3b8add06a79d9e2a3b657?s=96&d=mm&r=g\",\"contentUrl\":\"https:\\\/\\\/secure.gravatar.com\\\/avatar\\\/f4dee7a055e3b2abd6dc36d91366b760ad4c30f156b3b8add06a79d9e2a3b657?s=96&d=mm&r=g\",\"caption\":\"redazionemodod\"}}]}<\/script>\n<!-- \/ Yoast SEO plugin. -->","yoast_head_json":{"title":"Haier: la storia nell'innovazione degli elettrodomestici | Desivero","description":"Haier \u00e8 oggi un'azienda leader nella produzione di elettrodomestici, ma quando \u00e8 nata? Scopri la storia e gli sviluppi di Haier.","robots":{"index":"index","follow":"follow","max-snippet":"max-snippet:-1","max-image-preview":"max-image-preview:large","max-video-preview":"max-video-preview:-1"},"canonical":"https:\/\/www.desivero.com\/modod\/haier-storia-innovazione-elettrodomestici\/","og_locale":"it_IT","og_type":"article","og_title":"Haier: la storia nell'innovazione degli elettrodomestici | Desivero","og_description":"Haier \u00e8 oggi un'azienda leader nella produzione di elettrodomestici, ma quando \u00e8 nata? Scopri la storia e gli sviluppi di Haier.","og_url":"https:\/\/www.desivero.com\/modod\/haier-storia-innovazione-elettrodomestici\/","og_site_name":"MODO D","article_publisher":"https:\/\/www.facebook.com\/desiveroitalia\/","article_published_time":"2020-12-16T21:23:58+00:00","og_image":[{"width":1200,"height":641,"url":"https:\/\/www.desivero.com\/modod\/wp-content\/uploads\/2020\/12\/Visore_Articolo_Powered_by_Haier_Dic.jpg","type":"image\/jpeg"}],"author":"redazionemodod","twitter_card":"summary_large_image","twitter_creator":"@desiveroitalia","twitter_site":"@desiveroitalia","twitter_misc":{"Scritto da":"redazionemodod","Tempo di lettura stimato":"5 minuti"},"schema":{"@context":"https:\/\/schema.org","@graph":[{"@type":"Article","@id":"https:\/\/www.desivero.com\/modod\/haier-storia-innovazione-elettrodomestici\/#article","isPartOf":{"@id":"https:\/\/www.desivero.com\/modod\/haier-storia-innovazione-elettrodomestici\/"},"author":{"name":"redazionemodod","@id":"https:\/\/www.desivero.com\/modod\/#\/schema\/person\/df159e918cb35b83b9ccf2ef95218751"},"headline":"Da un colpo di martello, al tetto del mondo: la storia di Haier","datePublished":"2020-12-16T21:23:58+00:00","mainEntityOfPage":{"@id":"https:\/\/www.desivero.com\/modod\/haier-storia-innovazione-elettrodomestici\/"},"wordCount":962,"publisher":{"@id":"https:\/\/www.desivero.com\/modod\/#organization"},"image":{"@id":"https:\/\/www.desivero.com\/modod\/haier-storia-innovazione-elettrodomestici\/#primaryimage"},"thumbnailUrl":"https:\/\/www.desivero.com\/modod\/wp-content\/uploads\/2020\/12\/Visore_Articolo_Powered_by_Haier_Dic.jpg","articleSection":["L'esperto consiglia"],"inLanguage":"it-IT"},{"@type":"ImageObject","inLanguage":"it-IT","@id":"https:\/\/www.desivero.com\/modod\/haier-storia-innovazione-elettrodomestici\/#primaryimage","url":"https:\/\/www.desivero.com\/modod\/wp-content\/uploads\/2020\/12\/Visore_Articolo_Powered_by_Haier_Dic.jpg","contentUrl":"https:\/\/www.desivero.com\/modod\/wp-content\/uploads\/2020\/12\/Visore_Articolo_Powered_by_Haier_Dic.jpg","width":1200,"height":641,"caption":"La storia di Haier"},{"@type":"BreadcrumbList","@id":"https:\/\/www.desivero.com\/modod\/haier-storia-innovazione-elettrodomestici\/#breadcrumb","itemListElement":[{"@type":"ListItem","position":1,"name":"Home","item":"https:\/\/www.desivero.com\/modod\/"},{"@type":"ListItem","position":2,"name":"L'esperto consiglia","item":"https:\/\/www.desivero.com\/modod\/category\/l-esperto-consiglia\/"},{"@type":"ListItem","position":3,"name":"Da un colpo di martello, al tetto del mondo: la storia di Haier"}]},{"@type":"WebSite","@id":"https:\/\/www.desivero.com\/modod\/#website","url":"https:\/\/www.desivero.com\/modod\/","name":"MODO D","description":"","publisher":{"@id":"https:\/\/www.desivero.com\/modod\/#organization"},"potentialAction":[{"@type":"SearchAction","target":{"@type":"EntryPoint","urlTemplate":"https:\/\/www.desivero.com\/modod\/?s={search_term_string}"},"query-input":{"@type":"PropertyValueSpecification","valueRequired":true,"valueName":"search_term_string"}}],"inLanguage":"it-IT"},{"@type":"Organization","@id":"https:\/\/www.desivero.com\/modod\/#organization","name":"MODO D","url":"https:\/\/www.desivero.com\/modod\/","logo":{"@type":"ImageObject","inLanguage":"it-IT","@id":"https:\/\/www.desivero.com\/modod\/#\/schema\/logo\/image\/","url":"https:\/\/www.desivero.com\/modod\/wp-content\/uploads\/2017\/06\/EXE_Modod_RGB-1.png","contentUrl":"https:\/\/www.desivero.com\/modod\/wp-content\/uploads\/2017\/06\/EXE_Modod_RGB-1.png","width":1753,"height":503,"caption":"MODO D"},"image":{"@id":"https:\/\/www.desivero.com\/modod\/#\/schema\/logo\/image\/"},"sameAs":["https:\/\/www.facebook.com\/desiveroitalia\/","https:\/\/x.com\/desiveroitalia"]},{"@type":"Person","@id":"https:\/\/www.desivero.com\/modod\/#\/schema\/person\/df159e918cb35b83b9ccf2ef95218751","name":"redazionemodod","image":{"@type":"ImageObject","inLanguage":"it-IT","@id":"https:\/\/secure.gravatar.com\/avatar\/f4dee7a055e3b2abd6dc36d91366b760ad4c30f156b3b8add06a79d9e2a3b657?s=96&d=mm&r=g","url":"https:\/\/secure.gravatar.com\/avatar\/f4dee7a055e3b2abd6dc36d91366b760ad4c30f156b3b8add06a79d9e2a3b657?s=96&d=mm&r=g","contentUrl":"https:\/\/secure.gravatar.com\/avatar\/f4dee7a055e3b2abd6dc36d91366b760ad4c30f156b3b8add06a79d9e2a3b657?s=96&d=mm&r=g","caption":"redazionemodod"}}]}},"_links":{"self":[{"href":"https:\/\/www.desivero.com\/modod\/wp-json\/wp\/v2\/posts\/5633","targetHints":{"allow":["GET"]}}],"collection":[{"href":"https:\/\/www.desivero.com\/modod\/wp-json\/wp\/v2\/posts"}],"about":[{"href":"https:\/\/www.desivero.com\/modod\/wp-json\/wp\/v2\/types\/post"}],"author":[{"embeddable":true,"href":"https:\/\/www.desivero.com\/modod\/wp-json\/wp\/v2\/users\/8"}],"replies":[{"embeddable":true,"href":"https:\/\/www.desivero.com\/modod\/wp-json\/wp\/v2\/comments?post=5633"}],"version-history":[{"count":2,"href":"https:\/\/www.desivero.com\/modod\/wp-json\/wp\/v2\/posts\/5633\/revisions"}],"predecessor-version":[{"id":5636,"href":"https:\/\/www.desivero.com\/modod\/wp-json\/wp\/v2\/posts\/5633\/revisions\/5636"}],"wp:featuredmedia":[{"embeddable":true,"href":"https:\/\/www.desivero.com\/modod\/wp-json\/wp\/v2\/media\/5634"}],"wp:attachment":[{"href":"https:\/\/www.desivero.com\/modod\/wp-json\/wp\/v2\/media?parent=5633"}],"wp:term":[{"taxonomy":"category","embeddable":true,"href":"https:\/\/www.desivero.com\/modod\/wp-json\/wp\/v2\/categories?post=5633"},{"taxonomy":"post_tag","embeddable":true,"href":"https:\/\/www.desivero.com\/modod\/wp-json\/wp\/v2\/tags?post=5633"}],"curies":[{"name":"wp","href":"https:\/\/api.w.org\/{rel}","templated":true}]}}