{"id":5341,"date":"2020-07-24T15:24:47","date_gmt":"2020-07-24T13:24:47","guid":{"rendered":"https:\/\/www.desivero.com\/modod\/?p=5341"},"modified":"2020-07-24T15:24:47","modified_gmt":"2020-07-24T13:24:47","slug":"coronavirus-aria-condizionata","status":"publish","type":"post","link":"https:\/\/www.desivero.com\/modod\/coronavirus-aria-condizionata\/","title":{"rendered":"Coronavirus e aria condizionata: \u00e8 sicura?"},"content":{"rendered":"[vc_row type=&#8221;in_container&#8221; full_screen_row_position=&#8221;middle&#8221; scene_position=&#8221;center&#8221; text_color=&#8221;dark&#8221; text_align=&#8221;left&#8221; overlay_strength=&#8221;0.3&#8243;][vc_column column_padding=&#8221;no-extra-padding&#8221; column_padding_position=&#8221;all&#8221; background_color_opacity=&#8221;1&#8243; background_hover_color_opacity=&#8221;1&#8243; width=&#8221;1\/1&#8243; tablet_text_alignment=&#8221;default&#8221; phone_text_alignment=&#8221;default&#8221;][vc_column_text]Se vuoi scoprire se l\u2019aria condizionata pu\u00f2 diffondere il Coronavirus sei nel posto giusto. La risposta a tutte le tue domande \u00e8 in questo articolo.<\/p>\n<p>&nbsp;<\/p>\n<p>La diffusione del Coronavirus ha fatto avanzare\u00a0 l\u2019idea che esiste una relazione tra la diffusione del virus e l\u2019<strong>aria condizionata<\/strong>. Nessuno studio ha per\u00f2 confermato che ci sia un nesso fra le due cose, nessuna prova esiste a suffragio di questa ipotesi.<\/p>\n<p>&nbsp;<\/p>\n<p>Il contagio avviene solo per via umana e per inalazione. Le uniche precauzioni sono proprio quelle fornite dal Ministero della Salute che raccomanda il distanziamento sociale e la pulizia profonda delle mani e degli ambienti.<\/p>\n<p>&nbsp;<\/p>\n<p>Devi quindi capire come far coesistere la tua esigenza di ambienti pi\u00f9 freschi e puliti, nella tua casa e in ufficio, e la <strong>sanificazione<\/strong> delle superfici.<\/p>\n<p>&nbsp;<\/p>\n<p>La tua salute passa, soprattutto, dal creare intorno a te un ambiente pulito ed igienizzato che metta al riparo il <strong>sistema immunitario<\/strong> dall\u2019attacco del virus.<\/p>\n<p>&nbsp;<\/p>\n<p>Con l\u2019arrivo dell\u2019estate l\u2019avvio dei sistemi di <strong>condizionamento dell\u2019aria<\/strong> si \u00e8 reso necessario ed \u00e8 stato anche approvato dall\u2019Istituto Superiore di Sanit\u00e0.<\/p>\n<p>&nbsp;<\/p>\n<p>I condizionatori si possono cos\u00ec liberamente accendere negli uffici e in casa ma si deve prestare particolare attenzione al ricambio dell\u2019aria, all\u2019igiene del condizionatore e alla pulizia dei filtri.<\/p>\n<p>&nbsp;<\/p>\n<p>Sono questi gli unici accorgimenti che ci vengono richiesti e che contraddicono l\u2019idea che il Coronavirus si diffonde con l\u2019aria.<\/p>\n<p>&nbsp;<\/p>\n<h2><strong>Il Coronavirus si diffonde con l\u2019aria?<\/strong><\/h2>\n[\/vc_column_text][\/vc_column][\/vc_row][vc_row type=&#8221;in_container&#8221; full_screen_row_position=&#8221;middle&#8221; scene_position=&#8221;center&#8221; text_color=&#8221;dark&#8221; text_align=&#8221;left&#8221; overlay_strength=&#8221;0.3&#8243;][vc_column column_padding=&#8221;no-extra-padding&#8221; column_padding_position=&#8221;all&#8221; background_color_opacity=&#8221;1&#8243; background_hover_color_opacity=&#8221;1&#8243; width=&#8221;1\/1&#8243; tablet_text_alignment=&#8221;default&#8221; phone_text_alignment=&#8221;default&#8221;][vc_column_text]Intorno al Coronavirus sono nate diverse leggende metropolitane. Informazioni sbagliate e fuorvianti che non hanno fatto altro che far dilagare ansia e paura.<\/p>\n<p>&nbsp;<\/p>\n<p>Una di queste \u00e8 proprio quella che afferma che il Coronavirus si diffonde con l\u2019aria. La notizia, falsa, che girava fino a qualche mese fa, infatti, indicava una correlazione tra la diffusione del virus e la presenza di <strong>condizionatori <\/strong>quali veicoli per la diffusione e trasmissione della malattia.<\/p>\n<p>&nbsp;<\/p>\n<p>Non esistono prove scientifiche a supporto di questa convinzione e del fatto che il Coronavirus si trasmetta con l\u2019aria.<\/p>\n<p>&nbsp;<\/p>\n<p>La <strong>manutenzione del condizionatore<\/strong>, la pulizia dei filtri si rende per\u00f2 necessaria ancora di pi\u00f9. Solo l\u2019igienizzazione dei sistemi di filtraggio ci assicura sul controllo e sulla qualit\u00e0 dell\u2019aria.<\/p>\n<p>&nbsp;<\/p>\n<p>Provvedi a <strong>igienizzare le griglie<\/strong> e di tutti i componenti. Fai attenzione a mantenere il controllo della temperatura fino ad un massimo di 26 gradi. Il ricambio d\u2019aria, fondamentale per la qualit\u00e0 della vita, diventa ancora pi\u00f9 importante in questo momento.<\/p>\n<p>&nbsp;<\/p>\n<p>Nei modelli che prevedono lo scambio con l\u2019esterno evita di attivare il ricambio d\u2019aria con l\u2019esterno per eliminare la diffusione di batteri.<\/p>\n<p>&nbsp;<\/p>\n<p>Il tuo obiettivo \u00e8 quello di mantenere alti gli standard dell\u2019aria per evitare infiammazioni e sovraesposizioni delle vie aeree.<\/p>\n<p>Solo cos\u00ec eviterai un indebolimento del fisico e delle difese immunitarie.<\/p>\n<p>&nbsp;<\/p>\n<p>La prima cosa da fare \u00e8 pensare seriamente alla manutenzione ordinaria dei <strong>sistemi di condizionamento<\/strong>, alla pulizia e l&#8217;igienizzazione di questi strumenti.<\/p>\n<p>&nbsp;<\/p>\n<p>L\u2019aria condizionate e Covid-19, allora, sono non solo compatibili tra di loro ma soprattutto \u00e8 sicuro che non ci sia un collegamento trai due.<\/p>\n<p>&nbsp;<\/p>\n<h2>Aria condizionata e COVID-19: \u00e8 sicuro?<\/h2>\n[\/vc_column_text][\/vc_column][vc_column column_padding=&#8221;no-extra-padding&#8221; column_padding_position=&#8221;all&#8221; background_color_opacity=&#8221;1&#8243; background_hover_color_opacity=&#8221;1&#8243; width=&#8221;1\/1&#8243; tablet_text_alignment=&#8221;default&#8221; phone_text_alignment=&#8221;default&#8221;]<div class=\"img-with-aniamtion-wrap \" data-max-width=\"100%\"><div class=\"inner\"><img decoding=\"async\" data-shadow=\"none\" data-shadow-direction=\"middle\" class=\"img-with-animation \" data-delay=\"0\" height=\"100%\" width=\"100%\" data-animation=\"fade-in\" src=\"https:\/\/www.desivero.com\/modod\/wp-content\/uploads\/2020\/07\/Climatizzatore-Hisense-ambientato.jpg\" alt=\"\" \/><\/div><\/div>[vc_column_text]Una volta che hai appreso e appurato che non c\u2019\u00e8 un collegamento tra aria condizionata e Covid puoi stare tranquillo.<\/p>\n<p>&nbsp;<\/p>\n<p>Il rapporto tra aria condizionata e Coronavirus non solo \u00e8 sicuro ma, soprattutto, non ci sono pubblicazioni scientifiche a riguardo che sostengono la pericolosit\u00e0 del binomio.<\/p>\n<p>&nbsp;<\/p>\n<p>L\u2019uso dei condizionatori e la diffusione virus non hanno quindi alcun collegamento, il ministero ha dettato delle norme precise anche per quanto riguarda l\u2019utilizzo in ufficio.<\/p>\n<p>&nbsp;<\/p>\n<p>Negli ambienti frequentati da diverse persone, \u00e8 fondamentale seguire regole ben precise sia che si usi i sistemi di condizionamento che la <strong>ventilazione meccanica controllata <\/strong>che ha bisogno di restare sempre attiva per assicurare un continuo ricambio dell\u2019aria.<\/p>\n<h2><strong>Come pulire e igienizzare il condizionatore<\/strong><\/h2>\n[\/vc_column_text][vc_column_text]\n<p>Ne abbiamo gi\u00e0 parlato <a href=\"https:\/\/www.desivero.com\/modod\/pulire-sanificare-condizionatori-fissi\/\">in questo articolo<\/a>. La pulizia e l&#8217;igienizzazione dei condizionatori \u00e8 un\u2019operazione che va fatta almeno due volte l\u2019anno: nel periodo invernale, se utilizzati, e prima del periodo estivo.<\/p>\n<p>&nbsp;<\/p>\n<p>Una <strong>manutenzione<\/strong> costante in questo momento \u00a0diventa fondamentale.<\/p>\n<p>&nbsp;<\/p>\n<p>Il Ministero ha elencato le superficie e le metodologie per prendersi cura dei nostri condizionatori.<\/p>\n<p>&nbsp;<\/p>\n<p>Le superfici da pulire e igienizzare periodicamente, sia per i <a href=\"https:\/\/www.desivero.com\/shop\/condizionatori-fissi\">condizionatori fissi <\/a>che per i <a href=\"https:\/\/www.desivero.com\/shop\/condizionatori-portatili\">condizionatori portatili<\/a>, sono:<\/p>\n<ul>\n<li><strong>i filtri <\/strong>che puoi pulire con prodotti appositi per la disinfezione e la santificazione in base anche alle modalit\u00e0 indicate dal produttore.<\/li>\n<li><strong>griglie di ventilazione<\/strong> e prese d\u2019aria possono essere puliti con panni in microfibra, con alcol e una miscela di acqua e sapone<\/li>\n<li><strong>lo split e la parte esterna <\/strong>possono essere pulite regolarmente anche con sgrassatore e disinfettante<\/li>\n<\/ul>\n<p>&nbsp;<\/p>\n<p>Quello che per\u00f2 amplifica la manutenzione ordinaria \u00e8 l\u2019azione di arieggiare gli ambienti e prestarsi a questo tipo di pulizie in modo costante.<\/p>\n<p>&nbsp;<\/p>\n<p>La cosa fondamentale \u00e8 evitare di spruzzare sostanze disinfettanti direttamente sui filtri e sulla superficie esterna degli split. I normali prodotti che utilizziamo per la casa, infatti, non sono pensati per essere usati in questo modo e nemmeno per essere diffusi nell\u2019aria come farebbe un condizionatore.<\/p>\n<p>&nbsp;<\/p>\n<p>Affidandoci ai metodi prima elencati, invece, saremo sicuri che l\u2019aria che esce dai condizionatori sia davvero pulita e non rappresenti un veicolo di batteri e microbi per le vie respiratorie.<\/p>\n<p>&nbsp;<\/p>\n<p>Evitare il diffondersi di allergeni, sostanze inquinanti, permette ai nostri polmoni di lavorare a pieno di non infiammarsi e quindi resistere meglio agli attacchi del Coronavirus ma anche di qualsiasi altro patogeno.<\/p>\n<p>&nbsp;<\/p>\n<p>Pulire il condizionatore ogni 4 settimane, arieggiare gli ambienti sono le uniche raccomandazioni per l\u2019uso del condizionatore anche in questo momento cos\u00ec difficile e particolare.<\/p>\n<p>&nbsp;<\/p>\n<p>Allora s\u00ec all\u2019aria fresca in casa e al benessere, bastano dei semplici accorgimenti per rendere l\u2019aria migliore sia in casa che in uffici che in tutti gli ambienti pubblici.<\/p>\n<p>&nbsp;<\/p>\n<p>Affidati alle indicazioni ufficiali del Ministero della Salute, delle indicazioni del produttore, dei professionisti che sapranno occuparsi della manutenzione e della loro santificazione e al buonsenso.[\/vc_column_text][\/vc_column][\/vc_row][vc_row type=&#8221;in_container&#8221; full_screen_row_position=&#8221;middle&#8221; scene_position=&#8221;center&#8221; text_color=&#8221;dark&#8221; text_align=&#8221;left&#8221; overlay_strength=&#8221;0.3&#8243;][vc_column column_padding=&#8221;no-extra-padding&#8221; column_padding_position=&#8221;all&#8221; background_color_opacity=&#8221;1&#8243; background_hover_color_opacity=&#8221;1&#8243; width=&#8221;1\/1&#8243; tablet_text_alignment=&#8221;default&#8221; phone_text_alignment=&#8221;default&#8221;][vc_column_text]\n<h3>\u201cL&#8217;aria fresca della sera \u00e8 il respiro del vento che si addormenta placido tra le braccia della notte.\u201d<\/h3>\n[\/vc_column_text][vc_column_text]\n<pre><span style=\"color: #93c6e4;\">UMBERTO ECO<\/span><\/pre>\n[\/vc_column_text]<div class=\"divider-wrap\"><div style=\"height: 25px;\" class=\"divider\"><\/div><\/div>[nectar_btn size=&#8221;small&#8221; open_new_tab=&#8221;true&#8221; button_style=&#8221;regular&#8221; button_color_2=&#8221;Accent-Color&#8221; icon_family=&#8221;none&#8221; url=&#8221;https:\/\/www.desivero.com\/servizi-manutenzione-impianto\/manutenzione-impianto-di-climatizzazione?FocusPoint=true&amp;ShowAlternatePage=true&#8221; text=&#8221;Hai bisogno di un tecnico per la manutenzione del tuo impianto di climatizzazione? Consideralo Fatto &#8220;][\/vc_column][\/vc_row][vc_row type=&#8221;in_container&#8221; full_screen_row_position=&#8221;middle&#8221; scene_position=&#8221;center&#8221; text_color=&#8221;dark&#8221; text_align=&#8221;left&#8221; id=&#8221;row-correlati&#8221; overlay_strength=&#8221;0.3&#8243;][vc_column column_padding=&#8221;no-extra-padding&#8221; column_padding_position=&#8221;all&#8221; background_color_opacity=&#8221;1&#8243; background_hover_color_opacity=&#8221;1&#8243; width=&#8221;1\/1&#8243; tablet_text_alignment=&#8221;default&#8221; phone_text_alignment=&#8221;default&#8221;]\n        <div class=\"row blog-recent columns-3\" data-style=\"minimal\">\n\n            \n                <div class=\"col span_4\">\n\n                    \n                        <div class=\"post-header\">\n                                                            <figure class=\"correlati-image\" style=\"background-image: url(https:\/\/www.desivero.com\/modod\/wp-content\/uploads\/2024\/09\/pdc.jpg)\">\n                                    <a href=\"https:\/\/www.desivero.com\/modod\/pompa-di-calore-efficienza-e-risparmio\/\"><\/a>\n                                <\/figure>\n                                                            <h3 class=\"title\"><a href=\"https:\/\/www.desivero.com\/modod\/pompa-di-calore-efficienza-e-risparmio\/\">Quanto e come risparmiare con la pompa di calore<\/a><\/h3>\n                            <span class=\"meta categoria-correlati pdd\">\n                <a href=\"https:\/\/www.desivero.com\/modod\/category\/benessere-e-ambiente\/\">Benessere e ambiente<\/a>                 <\/span>\n                        <\/div><!--\/post-header-->\n                        <p>La pompa di calore \u00e8 un tipo di impianto di riscaldamento molto efficiente e garantisce consumi ridotti: scopri come funziona e i vantaggi.<\/p>\n                        <span>Read More <i class=\"icon-button-arrow\"><\/i><\/span>\n\n                    \n                <\/div><!--\/col-->\n\n            \n                <div class=\"col span_4\">\n\n                    \n                        <div class=\"post-header\">\n                                                            <figure class=\"correlati-image\" style=\"background-image: url(https:\/\/www.desivero.com\/modod\/wp-content\/uploads\/2024\/11\/stop-caldaie.jpg)\">\n                                    <a href=\"https:\/\/www.desivero.com\/modod\/stop-caldaie-gas-direttiva-europea-case-green\/\"><\/a>\n                                <\/figure>\n                                                            <h3 class=\"title\"><a href=\"https:\/\/www.desivero.com\/modod\/stop-caldaie-gas-direttiva-europea-case-green\/\"><strong>Case Green e stop alle caldaie a gas: cosa cambia con la Direttiva Europea<\/strong><\/a><\/h3>\n                            <span class=\"meta categoria-correlati pdd\">\n                <a href=\"https:\/\/www.desivero.com\/modod\/category\/benessere-e-ambiente\/\">Benessere e ambiente<\/a>                 <\/span>\n                        <\/div><!--\/post-header-->\n                        <p>Case Green e stop alle caldaie a gas: scopri cosa prevede la direttiva europea e quali soluzioni alternative adottare per il riscaldamento.<\/p>\n                        <span>Read More <i class=\"icon-button-arrow\"><\/i><\/span>\n\n                    \n                <\/div><!--\/col-->\n\n            \n                <div class=\"col span_4\">\n\n                    \n                        <div class=\"post-header\">\n                                                            <figure class=\"correlati-image\" style=\"background-image: url(https:\/\/www.desivero.com\/modod\/wp-content\/uploads\/2024\/11\/bagno-camera.jpg)\">\n                                    <a href=\"https:\/\/www.desivero.com\/modod\/bagno-in-camera-ispirazioni-regole\/\"><\/a>\n                                <\/figure>\n                                                            <h3 class=\"title\"><a href=\"https:\/\/www.desivero.com\/modod\/bagno-in-camera-ispirazioni-regole\/\">Regole e consigli per arredare un bagno in camera<\/a><\/h3>\n                            <span class=\"meta categoria-correlati pdd\">\n                <a href=\"https:\/\/www.desivero.com\/modod\/category\/benessere-e-ambiente\/\">Benessere e ambiente<\/a>                 <\/span>\n                        <\/div><!--\/post-header-->\n                        <p>Scopri idee e consigli per realizzare un bagno in camera da letto, con tutte le regole da seguire per un progetto funzionale ed elegante.<\/p>\n                        <span>Read More <i class=\"icon-button-arrow\"><\/i><\/span>\n\n                    \n                <\/div><!--\/col-->\n\n            \n        <\/div><!--\/blog-recent-->\n\n        [\/vc_column][\/vc_row]\n","protected":false},"excerpt":{"rendered":"<p>Utilizzare l&#8217;aria condizionata pu\u00f2 favorire la diffusione del Coronavirus? Scopri se i condizionatori sono sicuri e se \u00e8 possibile contrarre il Covid-19.<\/p>\n","protected":false},"author":8,"featured_media":5342,"comment_status":"closed","ping_status":"closed","sticky":false,"template":"","format":"standard","meta":{"_acf_changed":false,"footnotes":""},"categories":[4],"tags":[],"class_list":{"0":"post-5341","1":"post","2":"type-post","3":"status-publish","4":"format-standard","5":"has-post-thumbnail","7":"category-benessere-e-ambiente"},"acf":[],"yoast_head":"<!-- This site is optimized with the Yoast SEO plugin v27.5 - https:\/\/yoast.com\/product\/yoast-seo-wordpress\/ -->\n<title>Coronavirus e aria condizionata: \u00e8 sicura? | Desivero<\/title>\n<meta name=\"description\" content=\"Utilizzare l&#039;aria condizionata pu\u00f2 favorire la diffusione del Coronavirus? Scopri se i condizionatori sono sicuri e se \u00e8 possibile contrarre il Covid-19.\" \/>\n<meta name=\"robots\" content=\"index, follow, max-snippet:-1, max-image-preview:large, max-video-preview:-1\" \/>\n<link rel=\"canonical\" href=\"https:\/\/www.desivero.com\/modod\/coronavirus-aria-condizionata\/\" \/>\n<meta property=\"og:locale\" content=\"it_IT\" \/>\n<meta property=\"og:type\" content=\"article\" \/>\n<meta property=\"og:title\" content=\"Coronavirus e aria condizionata: \u00e8 sicura? | Desivero\" \/>\n<meta property=\"og:description\" content=\"Utilizzare l&#039;aria condizionata pu\u00f2 favorire la diffusione del Coronavirus? Scopri se i condizionatori sono sicuri e se \u00e8 possibile contrarre il Covid-19.\" \/>\n<meta property=\"og:url\" content=\"https:\/\/www.desivero.com\/modod\/coronavirus-aria-condizionata\/\" \/>\n<meta property=\"og:site_name\" content=\"MODO D\" \/>\n<meta property=\"article:publisher\" content=\"https:\/\/www.facebook.com\/desiveroitalia\/\" \/>\n<meta property=\"article:published_time\" content=\"2020-07-24T13:24:47+00:00\" \/>\n<meta property=\"og:image\" content=\"https:\/\/www.desivero.com\/modod\/wp-content\/uploads\/2020\/07\/ricambio-aria-in-casa-inverno.jpg\" \/>\n\t<meta property=\"og:image:width\" content=\"1000\" \/>\n\t<meta property=\"og:image:height\" content=\"667\" \/>\n\t<meta property=\"og:image:type\" content=\"image\/jpeg\" \/>\n<meta name=\"author\" content=\"redazionemodod\" \/>\n<meta name=\"twitter:card\" content=\"summary_large_image\" \/>\n<meta name=\"twitter:creator\" content=\"@desiveroitalia\" \/>\n<meta name=\"twitter:site\" content=\"@desiveroitalia\" \/>\n<meta name=\"twitter:label1\" content=\"Scritto da\" \/>\n\t<meta name=\"twitter:data1\" content=\"redazionemodod\" \/>\n\t<meta name=\"twitter:label2\" content=\"Tempo di lettura stimato\" \/>\n\t<meta name=\"twitter:data2\" content=\"7 minuti\" \/>\n<script type=\"application\/ld+json\" class=\"yoast-schema-graph\">{\"@context\":\"https:\\\/\\\/schema.org\",\"@graph\":[{\"@type\":\"Article\",\"@id\":\"https:\\\/\\\/www.desivero.com\\\/modod\\\/coronavirus-aria-condizionata\\\/#article\",\"isPartOf\":{\"@id\":\"https:\\\/\\\/www.desivero.com\\\/modod\\\/coronavirus-aria-condizionata\\\/\"},\"author\":{\"name\":\"redazionemodod\",\"@id\":\"https:\\\/\\\/www.desivero.com\\\/modod\\\/#\\\/schema\\\/person\\\/df159e918cb35b83b9ccf2ef95218751\"},\"headline\":\"Coronavirus e aria condizionata: \u00e8 sicura?\",\"datePublished\":\"2020-07-24T13:24:47+00:00\",\"mainEntityOfPage\":{\"@id\":\"https:\\\/\\\/www.desivero.com\\\/modod\\\/coronavirus-aria-condizionata\\\/\"},\"wordCount\":1370,\"publisher\":{\"@id\":\"https:\\\/\\\/www.desivero.com\\\/modod\\\/#organization\"},\"image\":{\"@id\":\"https:\\\/\\\/www.desivero.com\\\/modod\\\/coronavirus-aria-condizionata\\\/#primaryimage\"},\"thumbnailUrl\":\"https:\\\/\\\/www.desivero.com\\\/modod\\\/wp-content\\\/uploads\\\/2020\\\/07\\\/ricambio-aria-in-casa-inverno.jpg\",\"articleSection\":[\"Benessere e ambiente\"],\"inLanguage\":\"it-IT\"},{\"@type\":\"ImageObject\",\"inLanguage\":\"it-IT\",\"@id\":\"https:\\\/\\\/www.desivero.com\\\/modod\\\/coronavirus-aria-condizionata\\\/#primaryimage\",\"url\":\"https:\\\/\\\/www.desivero.com\\\/modod\\\/wp-content\\\/uploads\\\/2020\\\/07\\\/ricambio-aria-in-casa-inverno.jpg\",\"contentUrl\":\"https:\\\/\\\/www.desivero.com\\\/modod\\\/wp-content\\\/uploads\\\/2020\\\/07\\\/ricambio-aria-in-casa-inverno.jpg\",\"width\":1000,\"height\":667},{\"@type\":\"BreadcrumbList\",\"@id\":\"https:\\\/\\\/www.desivero.com\\\/modod\\\/coronavirus-aria-condizionata\\\/#breadcrumb\",\"itemListElement\":[{\"@type\":\"ListItem\",\"position\":1,\"name\":\"Home\",\"item\":\"https:\\\/\\\/www.desivero.com\\\/modod\\\/\"},{\"@type\":\"ListItem\",\"position\":2,\"name\":\"Benessere e ambiente\",\"item\":\"https:\\\/\\\/www.desivero.com\\\/modod\\\/category\\\/benessere-e-ambiente\\\/\"},{\"@type\":\"ListItem\",\"position\":3,\"name\":\"Coronavirus e aria condizionata: \u00e8 sicura?\"}]},{\"@type\":\"WebSite\",\"@id\":\"https:\\\/\\\/www.desivero.com\\\/modod\\\/#website\",\"url\":\"https:\\\/\\\/www.desivero.com\\\/modod\\\/\",\"name\":\"MODO D\",\"description\":\"\",\"publisher\":{\"@id\":\"https:\\\/\\\/www.desivero.com\\\/modod\\\/#organization\"},\"potentialAction\":[{\"@type\":\"SearchAction\",\"target\":{\"@type\":\"EntryPoint\",\"urlTemplate\":\"https:\\\/\\\/www.desivero.com\\\/modod\\\/?s={search_term_string}\"},\"query-input\":{\"@type\":\"PropertyValueSpecification\",\"valueRequired\":true,\"valueName\":\"search_term_string\"}}],\"inLanguage\":\"it-IT\"},{\"@type\":\"Organization\",\"@id\":\"https:\\\/\\\/www.desivero.com\\\/modod\\\/#organization\",\"name\":\"MODO D\",\"url\":\"https:\\\/\\\/www.desivero.com\\\/modod\\\/\",\"logo\":{\"@type\":\"ImageObject\",\"inLanguage\":\"it-IT\",\"@id\":\"https:\\\/\\\/www.desivero.com\\\/modod\\\/#\\\/schema\\\/logo\\\/image\\\/\",\"url\":\"https:\\\/\\\/www.desivero.com\\\/modod\\\/wp-content\\\/uploads\\\/2017\\\/06\\\/EXE_Modod_RGB-1.png\",\"contentUrl\":\"https:\\\/\\\/www.desivero.com\\\/modod\\\/wp-content\\\/uploads\\\/2017\\\/06\\\/EXE_Modod_RGB-1.png\",\"width\":1753,\"height\":503,\"caption\":\"MODO D\"},\"image\":{\"@id\":\"https:\\\/\\\/www.desivero.com\\\/modod\\\/#\\\/schema\\\/logo\\\/image\\\/\"},\"sameAs\":[\"https:\\\/\\\/www.facebook.com\\\/desiveroitalia\\\/\",\"https:\\\/\\\/x.com\\\/desiveroitalia\"]},{\"@type\":\"Person\",\"@id\":\"https:\\\/\\\/www.desivero.com\\\/modod\\\/#\\\/schema\\\/person\\\/df159e918cb35b83b9ccf2ef95218751\",\"name\":\"redazionemodod\",\"image\":{\"@type\":\"ImageObject\",\"inLanguage\":\"it-IT\",\"@id\":\"https:\\\/\\\/secure.gravatar.com\\\/avatar\\\/f4dee7a055e3b2abd6dc36d91366b760ad4c30f156b3b8add06a79d9e2a3b657?s=96&d=mm&r=g\",\"url\":\"https:\\\/\\\/secure.gravatar.com\\\/avatar\\\/f4dee7a055e3b2abd6dc36d91366b760ad4c30f156b3b8add06a79d9e2a3b657?s=96&d=mm&r=g\",\"contentUrl\":\"https:\\\/\\\/secure.gravatar.com\\\/avatar\\\/f4dee7a055e3b2abd6dc36d91366b760ad4c30f156b3b8add06a79d9e2a3b657?s=96&d=mm&r=g\",\"caption\":\"redazionemodod\"}}]}<\/script>\n<!-- \/ Yoast SEO plugin. -->","yoast_head_json":{"title":"Coronavirus e aria condizionata: \u00e8 sicura? | Desivero","description":"Utilizzare l'aria condizionata pu\u00f2 favorire la diffusione del Coronavirus? Scopri se i condizionatori sono sicuri e se \u00e8 possibile contrarre il Covid-19.","robots":{"index":"index","follow":"follow","max-snippet":"max-snippet:-1","max-image-preview":"max-image-preview:large","max-video-preview":"max-video-preview:-1"},"canonical":"https:\/\/www.desivero.com\/modod\/coronavirus-aria-condizionata\/","og_locale":"it_IT","og_type":"article","og_title":"Coronavirus e aria condizionata: \u00e8 sicura? | Desivero","og_description":"Utilizzare l'aria condizionata pu\u00f2 favorire la diffusione del Coronavirus? Scopri se i condizionatori sono sicuri e se \u00e8 possibile contrarre il Covid-19.","og_url":"https:\/\/www.desivero.com\/modod\/coronavirus-aria-condizionata\/","og_site_name":"MODO D","article_publisher":"https:\/\/www.facebook.com\/desiveroitalia\/","article_published_time":"2020-07-24T13:24:47+00:00","og_image":[{"width":1000,"height":667,"url":"https:\/\/www.desivero.com\/modod\/wp-content\/uploads\/2020\/07\/ricambio-aria-in-casa-inverno.jpg","type":"image\/jpeg"}],"author":"redazionemodod","twitter_card":"summary_large_image","twitter_creator":"@desiveroitalia","twitter_site":"@desiveroitalia","twitter_misc":{"Scritto da":"redazionemodod","Tempo di lettura stimato":"7 minuti"},"schema":{"@context":"https:\/\/schema.org","@graph":[{"@type":"Article","@id":"https:\/\/www.desivero.com\/modod\/coronavirus-aria-condizionata\/#article","isPartOf":{"@id":"https:\/\/www.desivero.com\/modod\/coronavirus-aria-condizionata\/"},"author":{"name":"redazionemodod","@id":"https:\/\/www.desivero.com\/modod\/#\/schema\/person\/df159e918cb35b83b9ccf2ef95218751"},"headline":"Coronavirus e aria condizionata: \u00e8 sicura?","datePublished":"2020-07-24T13:24:47+00:00","mainEntityOfPage":{"@id":"https:\/\/www.desivero.com\/modod\/coronavirus-aria-condizionata\/"},"wordCount":1370,"publisher":{"@id":"https:\/\/www.desivero.com\/modod\/#organization"},"image":{"@id":"https:\/\/www.desivero.com\/modod\/coronavirus-aria-condizionata\/#primaryimage"},"thumbnailUrl":"https:\/\/www.desivero.com\/modod\/wp-content\/uploads\/2020\/07\/ricambio-aria-in-casa-inverno.jpg","articleSection":["Benessere e ambiente"],"inLanguage":"it-IT"},{"@type":"ImageObject","inLanguage":"it-IT","@id":"https:\/\/www.desivero.com\/modod\/coronavirus-aria-condizionata\/#primaryimage","url":"https:\/\/www.desivero.com\/modod\/wp-content\/uploads\/2020\/07\/ricambio-aria-in-casa-inverno.jpg","contentUrl":"https:\/\/www.desivero.com\/modod\/wp-content\/uploads\/2020\/07\/ricambio-aria-in-casa-inverno.jpg","width":1000,"height":667},{"@type":"BreadcrumbList","@id":"https:\/\/www.desivero.com\/modod\/coronavirus-aria-condizionata\/#breadcrumb","itemListElement":[{"@type":"ListItem","position":1,"name":"Home","item":"https:\/\/www.desivero.com\/modod\/"},{"@type":"ListItem","position":2,"name":"Benessere e ambiente","item":"https:\/\/www.desivero.com\/modod\/category\/benessere-e-ambiente\/"},{"@type":"ListItem","position":3,"name":"Coronavirus e aria condizionata: \u00e8 sicura?"}]},{"@type":"WebSite","@id":"https:\/\/www.desivero.com\/modod\/#website","url":"https:\/\/www.desivero.com\/modod\/","name":"MODO D","description":"","publisher":{"@id":"https:\/\/www.desivero.com\/modod\/#organization"},"potentialAction":[{"@type":"SearchAction","target":{"@type":"EntryPoint","urlTemplate":"https:\/\/www.desivero.com\/modod\/?s={search_term_string}"},"query-input":{"@type":"PropertyValueSpecification","valueRequired":true,"valueName":"search_term_string"}}],"inLanguage":"it-IT"},{"@type":"Organization","@id":"https:\/\/www.desivero.com\/modod\/#organization","name":"MODO D","url":"https:\/\/www.desivero.com\/modod\/","logo":{"@type":"ImageObject","inLanguage":"it-IT","@id":"https:\/\/www.desivero.com\/modod\/#\/schema\/logo\/image\/","url":"https:\/\/www.desivero.com\/modod\/wp-content\/uploads\/2017\/06\/EXE_Modod_RGB-1.png","contentUrl":"https:\/\/www.desivero.com\/modod\/wp-content\/uploads\/2017\/06\/EXE_Modod_RGB-1.png","width":1753,"height":503,"caption":"MODO D"},"image":{"@id":"https:\/\/www.desivero.com\/modod\/#\/schema\/logo\/image\/"},"sameAs":["https:\/\/www.facebook.com\/desiveroitalia\/","https:\/\/x.com\/desiveroitalia"]},{"@type":"Person","@id":"https:\/\/www.desivero.com\/modod\/#\/schema\/person\/df159e918cb35b83b9ccf2ef95218751","name":"redazionemodod","image":{"@type":"ImageObject","inLanguage":"it-IT","@id":"https:\/\/secure.gravatar.com\/avatar\/f4dee7a055e3b2abd6dc36d91366b760ad4c30f156b3b8add06a79d9e2a3b657?s=96&d=mm&r=g","url":"https:\/\/secure.gravatar.com\/avatar\/f4dee7a055e3b2abd6dc36d91366b760ad4c30f156b3b8add06a79d9e2a3b657?s=96&d=mm&r=g","contentUrl":"https:\/\/secure.gravatar.com\/avatar\/f4dee7a055e3b2abd6dc36d91366b760ad4c30f156b3b8add06a79d9e2a3b657?s=96&d=mm&r=g","caption":"redazionemodod"}}]}},"_links":{"self":[{"href":"https:\/\/www.desivero.com\/modod\/wp-json\/wp\/v2\/posts\/5341","targetHints":{"allow":["GET"]}}],"collection":[{"href":"https:\/\/www.desivero.com\/modod\/wp-json\/wp\/v2\/posts"}],"about":[{"href":"https:\/\/www.desivero.com\/modod\/wp-json\/wp\/v2\/types\/post"}],"author":[{"embeddable":true,"href":"https:\/\/www.desivero.com\/modod\/wp-json\/wp\/v2\/users\/8"}],"replies":[{"embeddable":true,"href":"https:\/\/www.desivero.com\/modod\/wp-json\/wp\/v2\/comments?post=5341"}],"version-history":[{"count":1,"href":"https:\/\/www.desivero.com\/modod\/wp-json\/wp\/v2\/posts\/5341\/revisions"}],"predecessor-version":[{"id":5344,"href":"https:\/\/www.desivero.com\/modod\/wp-json\/wp\/v2\/posts\/5341\/revisions\/5344"}],"wp:featuredmedia":[{"embeddable":true,"href":"https:\/\/www.desivero.com\/modod\/wp-json\/wp\/v2\/media\/5342"}],"wp:attachment":[{"href":"https:\/\/www.desivero.com\/modod\/wp-json\/wp\/v2\/media?parent=5341"}],"wp:term":[{"taxonomy":"category","embeddable":true,"href":"https:\/\/www.desivero.com\/modod\/wp-json\/wp\/v2\/categories?post=5341"},{"taxonomy":"post_tag","embeddable":true,"href":"https:\/\/www.desivero.com\/modod\/wp-json\/wp\/v2\/tags?post=5341"}],"curies":[{"name":"wp","href":"https:\/\/api.w.org\/{rel}","templated":true}]}}