{"id":5332,"date":"2020-07-22T12:27:34","date_gmt":"2020-07-22T10:27:34","guid":{"rendered":"https:\/\/www.desivero.com\/modod\/?p=5332"},"modified":"2023-05-03T10:33:10","modified_gmt":"2023-05-03T08:33:10","slug":"unita-esterna-condizionatore-non-parte","status":"publish","type":"post","link":"https:\/\/www.desivero.com\/modod\/unita-esterna-condizionatore-non-parte\/","title":{"rendered":"Unit\u00e0 esterna del condizionatore non parte: cosa fare"},"content":{"rendered":"\n<p>Hai acquistato un <strong>condizionatore<\/strong> l\u2019anno scorso, funzionava perfettamente e con la speranza che ti aiutasse a sopportare il caldo imminente, hai provato ad accenderlo. Hai scoperto, tuo malgrado, che l&#8217;apparecchio non funziona e <strong>l\u2019unit\u00e0 esterna del condizionatore non parte<\/strong>, e questo proprio nel momento in cui ne avevi pi\u00f9 bisogno e il caldo comincia seriamente a farsi sentire.<\/p>\n\n\n\n<p>Quando il condizionatore non raffredda, nella maggior parte dei casi questo \u00e8 dovuto alla <strong>cattiva manutenzione<\/strong> e alla poca attenzione che hai riposto nella cura del sistema di condizionamento. In altri casi il condizionatore si accende ma non parte e questo pu\u00f2 dipendere dalla <strong>scheda inverter<\/strong> o da altri <strong>piccoli inconvenienti comuni<\/strong>.<\/p>\n\n\n\n<p>In questa guida, assieme agli esperti <strong>Desivero<\/strong>, vedremo dunque cosa fare se il condizionatore non raffredda o non parte, e quando \u00e8 il caso di richiedere l&#8217;intervento di un <strong>tecnico specializzato<\/strong> che possa risolvere subito il problema.<\/p>\n\n\n\n<h2 class=\"wp-block-heading\"><strong>Il condizionatore si accende ma non parte<\/strong><\/h2>\n\n\n\n<p>Molto spesso, e proprio nel momento in cui ne abbiamo pi\u00f9 bisogno, in piena estate, il <strong>condizionatore non raffredda o non funziona<\/strong>. Cattiva manutenzione, anomalie di produzione che si rivelano con il tempo, piccoli e grandi guasti sono solo alcune delle cause che non permettono al tuo condizionatore di funzionare correttamente.<\/p>\n\n\n\n<p>Devi conoscere <strong>quale potrebbe essere la causa<\/strong> prima di rivolgerti a chi ti ha venduto l\u2019apparecchio. Il condizionatore non funziona e, inoltre, potrebbe non essere pi\u00f9 in garanzia. Un professionista serio che conosce il sistema di climatizzazione ed \u00e8 un esperto \u00e8 spesso l\u2019unica soluzione per risolvere il problema del condizionatore che non si accende.<\/p>\n\n\n\n<p>Per te \u00e8 fondamentale conoscere la causa, e una delle prime cose da fare \u00e8 <strong>controllare l\u2019alimentatore<\/strong>. Sembrer\u00e0 banale, ma quando l&#8217;unit\u00e0 esterna del condizionatore non parte \u00e8 necessario controllare immediatamente che non ci sia un problema elettrico. Assicurati che la corrente arrivi correttamente, che le spine siano inserite, non usurate e che ci sia elettricit\u00e0 in casa tua.<\/p>\n\n\n\n<p>Non solo, se il condizionatore si accende ma non parte, <strong>inserisci le batterie nel telecomando<\/strong>: a volte il condizionatore non si accende per una semplice dimenticanza.<\/p>\n\n\n\n<h2 class=\"wp-block-heading\"><strong>Il condizionatore non raffredda<\/strong><\/h2>\n\n\n\n<p>Se invece il <strong>condizionatore non raffredda<\/strong>, l&#8217;altra cosa da fare \u00e8 verificare che nei giorni precedenti non ci sia stato un temporale e che un fulmine non abbia provocato dei <strong>guasti alla scheda inverter<\/strong>.<\/p>\n\n\n\n<p>Quando l\u2019unit\u00e0 esterna non parte, con lo split che si accende ma il motore non d\u00e0 segni di vita, la causa \u00e8 molto spesso legata al malfunzionamento della scheda; un elemento che <strong>pu\u00f2 bruciarsi con facilit\u00e0<\/strong>, basta un semplice fulmine, ma che \u00e8 allo stesso tempo molto semplice da sostituire. Affidati ad un professionista che conosce il modello e tutte le caratteristiche del tuo impianto di climatizzazione per la sostituzione di questo pezzo cos\u00ec importante.<\/p>\n\n\n\n<p>I problemi con la scheda e con l\u2019alimentatore sono comunque solo alcune delle problematiche che causano il malfunzionamento del condizionatore. Tra le cose da fare quando il condizionatore non raffredda c&#8217;\u00e8 infatti anche da verificare che l&#8217;unit\u00e0 esterna non <strong>emetta dei rumori<\/strong>. I rumori intermittenti fastidiosi e continui sono il segno che qualcosa non va. La cosa migliore, anche qui, \u00e8 sempre affidarsi ad un tecnico perch\u00e9 l\u2019unit\u00e0 esterna <strong>contiene il motore<\/strong>, parte pi\u00f9 importante per la quale bisogna prestare la massima attenzione.<\/p>\n\n\n\n<p>Non solo, l&#8217;impianto di climatizzazione pu\u00f2 <strong>perdere acqua<\/strong>, trovandoti cos\u00ec il balcone allagato perch\u00e9 lo scarico perde tutta la condensa. La causa principale \u00e8 sempre un\u2019<strong>otturazione<\/strong>, e se sai dove si trova, puoi provare a rimediare ma devi fare attenzione a non provocare altri danni. Anche qui affidarsi ad un professionista \u00e8 l\u2019unica soluzione. Un\u2019altra possibilit\u00e0 potrebbe essere legata all\u2019<strong>evaporatore<\/strong> che, non funzionando correttamente, non consente al gas refrigerante di passare correttamente.<\/p>\n\n\n\n<h2 class=\"wp-block-heading\"><strong>Danni al fusibile del condizionatore<\/strong><\/h2>\n\n\n\n<figure class=\"wp-block-image size-full\"><img loading=\"lazy\" decoding=\"async\" width=\"1000\" height=\"667\" src=\"https:\/\/www.desivero.com\/modod\/wp-content\/uploads\/2023\/05\/unita-esterna-condizionatore-1.jpg\" alt=\"\" class=\"wp-image-7017\" srcset=\"https:\/\/www.desivero.com\/modod\/wp-content\/uploads\/2023\/05\/unita-esterna-condizionatore-1.jpg 1000w, https:\/\/www.desivero.com\/modod\/wp-content\/uploads\/2023\/05\/unita-esterna-condizionatore-1-300x200.jpg 300w, https:\/\/www.desivero.com\/modod\/wp-content\/uploads\/2023\/05\/unita-esterna-condizionatore-1-768x512.jpg 768w\" sizes=\"auto, (max-width: 1000px) 100vw, 1000px\" \/><\/figure>\n\n\n\n<p>Meritano un paragrafo a parte i possibili <strong>danni al fusibile del condizionatore<\/strong>. Si tratta di una componente presente nella scheda madre dell&#8217;apparecchio, utile a prevenire incendi e incidenti gravi dovuti al passaggio di corrente eccessivamente elevato. Come nel caso della scheda inverter, anche il fusibile <strong>pu\u00f2 bruciarsi<\/strong> nel caso si vada a superare il valore di corrente consentito.<\/p>\n\n\n\n<p>Nel momento in cui l&#8217;unit\u00e0 esterna del condizionatore non parte, prima di procedere con la sostituzione scegliendo una nuova unit\u00e0 <a href=\"https:\/\/www.desivero.com\/shop\/unita-esterna-condizionatori\">nel catalogo di Desivero<\/a>, puoi provare a <strong>verificare lo stato dei fusibili<\/strong>. Per procedere, fatti aiutare da un <strong>multimetro<\/strong>: se il test restituisce un segnale acustico, allora il fusibile \u00e8 in buone condizioni; in caso contrario, dovremo procedere alla sua sostituzione contattando un tecnico specializzato.<\/p>\n\n\n\n<h2 class=\"wp-block-heading\"><strong>Manutenzione dell&#8217;unit\u00e0 esterna del condizionatore<\/strong><\/h2>\n\n\n\n<p>Come gi\u00e0 sottolineato, se l&#8217;unit\u00e0 esterna del condizionatore non parte potrebbe essere colpa di una <strong>scarsa manutenzione dell&#8217;impianto<\/strong>. Una corretta e regolare manutenzione \u00e8 infatti fondamentale per migliorare l\u2019efficienza del condizionatore, ottimizzandone consumi energetici e performance, ma anche per assicurarti sempre aria pulita e salubre in casa.<\/p>\n\n\n\n<p>Solitamente le operazioni di manutenzione del condizionatore si effettuano <strong>a fine stagione<\/strong>, quando non \u00e8 pi\u00f9 necessario utilizzare il climatizzatore. La procedura ci permette di mantenerlo pulito e proteggerlo anche durante la stagione invernale, <strong>impedendo che si depositino sporcizia e polvere<\/strong>.<\/p>\n\n\n\n<p>Anche in questo caso chiama un professionista, che pulir\u00e0 il motore dell&#8217;impianto con un <strong>compressore d&#8217;aria<\/strong> e quando possibile con dell&#8217;acqua. Il tecnico andr\u00e0 anche a controllare che il motore sia ancora ben fissato e non ci siano instabilit\u00e0 di alcun tipo, per un funzionamento sempre impeccabile.<\/p>\n\n\n\n<div class=\"divider-wrap\"><div style=\"height: 25px;\" class=\"divider\"><\/div><\/div>[nectar_btn size=&#8221;small&#8221; open_new_tab=&#8221;true&#8221; button_style=&#8221;regular&#8221; button_color_2=&#8221;Accent-Color&#8221; icon_family=&#8221;none&#8221; url=&#8221;https:\/\/www.desivero.com\/shop\/condizionatori-fissi&#8221; text=&#8221;DEVI ACQUISTARE UN NUOVO CONDIZIONATORE? CONSIDERALO FATTO.&#8221;]\n\n\n[vc_row type=&#8221;in_container&#8221; full_screen_row_position=&#8221;middle&#8221; scene_position=&#8221;center&#8221; text_color=&#8221;dark&#8221; text_align=&#8221;left&#8221; id=&#8221;row-correlati&#8221; overlay_strength=&#8221;0.3&#8243;][vc_column column_padding=&#8221;no-extra-padding&#8221; column_padding_position=&#8221;all&#8221; background_color_opacity=&#8221;1&#8243; background_hover_color_opacity=&#8221;1&#8243; width=&#8221;1\/1&#8243; tablet_text_alignment=&#8221;default&#8221; phone_text_alignment=&#8221;default&#8221;]<div class=\"divider-wrap\"><div style=\"margin-top: 12px; width: 20%px; height: 1px; margin-bottom: 12px;\" data-width=\"20%\" data-animate=\"\" data-animation-delay=\"\" data-color=\"default\" class=\"divider-small-border\"><\/div><\/div>[vc_column_text]<span style=\"color: #99ccff;\">Articoli correlati<\/span>[\/vc_column_text]\n        <div class=\"row blog-recent columns-3\" data-style=\"minimal\">\n\n            \n                <div class=\"col span_4\">\n\n                    \n                        <div class=\"post-header\">\n                                                            <figure class=\"correlati-image\" style=\"background-image: url(https:\/\/www.desivero.com\/modod\/wp-content\/uploads\/2026\/04\/1-1.jpg)\">\n                                    <a href=\"https:\/\/www.desivero.com\/modod\/simboli-climatizzatore-significato-icone-e-funzioni\/\"><\/a>\n                                <\/figure>\n                                                            <h3 class=\"title\"><a href=\"https:\/\/www.desivero.com\/modod\/simboli-climatizzatore-significato-icone-e-funzioni\/\">Simboli climatizzatore: significato icone e funzioni<\/a><\/h3>\n                            <span class=\"meta categoria-correlati pdd\">\n                <a href=\"https:\/\/www.desivero.com\/modod\/category\/tecnologia-e-how-to\/\">Tecnologia e how to<\/a>                 <\/span>\n                        <\/div><!--\/post-header-->\n                        <p>[vc_row type=&#8221;in_container&#8221; full_screen_row_position=&#8221;middle&#8221; column_margin=&#8221;default&#8221; column_direction=&#8221;default&#8221; column_direction_tablet=&#8221;default&#8221; column_direction_phone=&#8221;default&#8221; scene_position=&#8221;center&#8221; text_color=&#8221;dark&#8221; text_align=&#8221;left&#8221; row_border_radius=&#8221;none&#8221; row_border_radius_applies=&#8221;bg&#8221; overflow=&#8221;visible&#8221; overlay_strength=&#8221;0.3&#8243; gradient_direction=&#8221;left_to_right&#8221; shape_divider_position=&#8221;bottom&#8221; bg_image_animation=&#8221;none&#8221;][vc_column column_padding=&#8221;no-extra-padding&#8221; column_padding_tablet=&#8221;inherit&#8221; column_padding_phone=&#8221;inherit&#8221; column_padding_position=&#8221;all&#8221; column_element_direction_desktop=&#8221;default&#8221; column_element_spacing=&#8221;default&#8221; desktop_text_alignment=&#8221;default&#8221; tablet_text_alignment=&#8221;default&#8221; phone_text_alignment=&#8221;default&#8221; background_color_opacity=&#8221;1&#8243; background_hover_color_opacity=&#8221;1&#8243; column_backdrop_filter=&#8221;none&#8221; column_shadow=&#8221;none&#8221;&#8230;<\/p>\n                        <span>Read More <i class=\"icon-button-arrow\"><\/i><\/span>\n\n                    \n                <\/div><!--\/col-->\n\n            \n                <div class=\"col span_4\">\n\n                    \n                        <div class=\"post-header\">\n                                                            <figure class=\"correlati-image\" style=\"background-image: url(https:\/\/www.desivero.com\/modod\/wp-content\/uploads\/2026\/04\/1.jpg)\">\n                                    <a href=\"https:\/\/www.desivero.com\/modod\/come-installare-un-climatizzatore-fisso-guida-e-supporto\/\"><\/a>\n                                <\/figure>\n                                                            <h3 class=\"title\"><a href=\"https:\/\/www.desivero.com\/modod\/come-installare-un-climatizzatore-fisso-guida-e-supporto\/\">Come installare un climatizzatore fisso: guida e supporto<\/a><\/h3>\n                            <span class=\"meta categoria-correlati pdd\">\n                <a href=\"https:\/\/www.desivero.com\/modod\/category\/tecnologia-e-how-to\/\">Tecnologia e how to<\/a>                 <\/span>\n                        <\/div><!--\/post-header-->\n                        <p>[vc_row type=&#8221;in_container&#8221; full_screen_row_position=&#8221;middle&#8221; column_margin=&#8221;default&#8221; column_direction=&#8221;default&#8221; column_direction_tablet=&#8221;default&#8221; column_direction_phone=&#8221;default&#8221; scene_position=&#8221;center&#8221; text_color=&#8221;dark&#8221; text_align=&#8221;left&#8221; row_border_radius=&#8221;none&#8221; row_border_radius_applies=&#8221;bg&#8221; overflow=&#8221;visible&#8221; overlay_strength=&#8221;0.3&#8243; gradient_direction=&#8221;left_to_right&#8221; shape_divider_position=&#8221;bottom&#8221; bg_image_animation=&#8221;none&#8221;][vc_column column_padding=&#8221;no-extra-padding&#8221; column_padding_tablet=&#8221;inherit&#8221; column_padding_phone=&#8221;inherit&#8221; column_padding_position=&#8221;all&#8221; column_element_direction_desktop=&#8221;default&#8221; column_element_spacing=&#8221;default&#8221; desktop_text_alignment=&#8221;default&#8221; tablet_text_alignment=&#8221;default&#8221; phone_text_alignment=&#8221;default&#8221; background_color_opacity=&#8221;1&#8243; background_hover_color_opacity=&#8221;1&#8243; column_backdrop_filter=&#8221;none&#8221; column_shadow=&#8221;none&#8221;&#8230;<\/p>\n                        <span>Read More <i class=\"icon-button-arrow\"><\/i><\/span>\n\n                    \n                <\/div><!--\/col-->\n\n            \n                <div class=\"col span_4\">\n\n                    \n                        <div class=\"post-header\">\n                                                            <figure class=\"correlati-image\" style=\"background-image: url(https:\/\/www.desivero.com\/modod\/wp-content\/uploads\/2026\/04\/1-2.jpg)\">\n                                    <a href=\"https:\/\/www.desivero.com\/modod\/quanto-consuma-un-asciugamano-elettrico\/\"><\/a>\n                                <\/figure>\n                                                            <h3 class=\"title\"><a href=\"https:\/\/www.desivero.com\/modod\/quanto-consuma-un-asciugamano-elettrico\/\">Quanto consuma un asciugamano elettrico<\/a><\/h3>\n                            <span class=\"meta categoria-correlati pdd\">\n                <a href=\"https:\/\/www.desivero.com\/modod\/category\/tecnologia-e-how-to\/\">Tecnologia e how to<\/a>                 <\/span>\n                        <\/div><!--\/post-header-->\n                        <p>[vc_row type=&#8221;in_container&#8221; full_screen_row_position=&#8221;middle&#8221; column_margin=&#8221;default&#8221; column_direction=&#8221;default&#8221; column_direction_tablet=&#8221;default&#8221; column_direction_phone=&#8221;default&#8221; scene_position=&#8221;center&#8221; text_color=&#8221;dark&#8221; text_align=&#8221;left&#8221; row_border_radius=&#8221;none&#8221; row_border_radius_applies=&#8221;bg&#8221; overflow=&#8221;visible&#8221; overlay_strength=&#8221;0.3&#8243; gradient_direction=&#8221;left_to_right&#8221; shape_divider_position=&#8221;bottom&#8221; bg_image_animation=&#8221;none&#8221;][vc_column column_padding=&#8221;no-extra-padding&#8221; column_padding_tablet=&#8221;inherit&#8221; column_padding_phone=&#8221;inherit&#8221; column_padding_position=&#8221;all&#8221; column_element_direction_desktop=&#8221;default&#8221; column_element_spacing=&#8221;default&#8221; desktop_text_alignment=&#8221;default&#8221; tablet_text_alignment=&#8221;default&#8221; phone_text_alignment=&#8221;default&#8221; background_color_opacity=&#8221;1&#8243; background_hover_color_opacity=&#8221;1&#8243; column_backdrop_filter=&#8221;none&#8221; column_shadow=&#8221;none&#8221;&#8230;<\/p>\n                        <span>Read More <i class=\"icon-button-arrow\"><\/i><\/span>\n\n                    \n                <\/div><!--\/col-->\n\n            \n        <\/div><!--\/blog-recent-->\n\n        [\/vc_column][\/vc_row]\n","protected":false},"excerpt":{"rendered":"<p>Pu\u00f2 capitare che l&#8217;unit\u00e0 esterna del condizionatore non parta: ecco quali sono le cause pi\u00f9 frequenti, come rimediare e quando contattare un tecnico.<\/p>\n","protected":false},"author":8,"featured_media":5333,"comment_status":"closed","ping_status":"closed","sticky":false,"template":"","format":"standard","meta":{"_acf_changed":false,"footnotes":""},"categories":[3],"tags":[],"class_list":{"0":"post-5332","1":"post","2":"type-post","3":"status-publish","4":"format-standard","5":"has-post-thumbnail","7":"category-tecnologia-e-how-to"},"acf":[],"yoast_head":"<!-- This site is optimized with the Yoast SEO plugin v27.5 - https:\/\/yoast.com\/product\/yoast-seo-wordpress\/ -->\n<title>Unit\u00e0 esterna del condizionatore non parte: cosa fare | Desivero<\/title>\n<meta name=\"description\" content=\"Pu\u00f2 capitare che l&#039;unit\u00e0 esterna del condizionatore non parta: ecco quali sono le cause pi\u00f9 frequenti, come rimediare e quando contattare un tecnico.\" \/>\n<meta name=\"robots\" content=\"index, follow, max-snippet:-1, max-image-preview:large, max-video-preview:-1\" \/>\n<link rel=\"canonical\" href=\"https:\/\/www.desivero.com\/modod\/unita-esterna-condizionatore-non-parte\/\" \/>\n<meta property=\"og:locale\" content=\"it_IT\" \/>\n<meta property=\"og:type\" content=\"article\" \/>\n<meta property=\"og:title\" content=\"Unit\u00e0 esterna del condizionatore non parte: cosa fare | Desivero\" \/>\n<meta property=\"og:description\" content=\"Pu\u00f2 capitare che l&#039;unit\u00e0 esterna del condizionatore non parta: ecco quali sono le cause pi\u00f9 frequenti, come rimediare e quando contattare un tecnico.\" \/>\n<meta property=\"og:url\" content=\"https:\/\/www.desivero.com\/modod\/unita-esterna-condizionatore-non-parte\/\" \/>\n<meta property=\"og:site_name\" content=\"MODO D\" \/>\n<meta property=\"article:publisher\" content=\"https:\/\/www.facebook.com\/desiveroitalia\/\" \/>\n<meta property=\"article:published_time\" content=\"2020-07-22T10:27:34+00:00\" \/>\n<meta property=\"article:modified_time\" content=\"2023-05-03T08:33:10+00:00\" \/>\n<meta property=\"og:image\" content=\"https:\/\/www.desivero.com\/modod\/wp-content\/uploads\/2020\/07\/unita-esterna-condizionatore.jpg\" \/>\n\t<meta property=\"og:image:width\" content=\"1000\" \/>\n\t<meta property=\"og:image:height\" content=\"667\" \/>\n\t<meta property=\"og:image:type\" content=\"image\/jpeg\" \/>\n<meta name=\"author\" content=\"redazionemodod\" \/>\n<meta name=\"twitter:card\" content=\"summary_large_image\" \/>\n<meta name=\"twitter:creator\" content=\"@desiveroitalia\" \/>\n<meta name=\"twitter:site\" content=\"@desiveroitalia\" \/>\n<meta name=\"twitter:label1\" content=\"Scritto da\" \/>\n\t<meta name=\"twitter:data1\" content=\"redazionemodod\" \/>\n\t<meta name=\"twitter:label2\" content=\"Tempo di lettura stimato\" \/>\n\t<meta name=\"twitter:data2\" content=\"6 minuti\" \/>\n<script type=\"application\/ld+json\" class=\"yoast-schema-graph\">{\"@context\":\"https:\\\/\\\/schema.org\",\"@graph\":[{\"@type\":\"Article\",\"@id\":\"https:\\\/\\\/www.desivero.com\\\/modod\\\/unita-esterna-condizionatore-non-parte\\\/#article\",\"isPartOf\":{\"@id\":\"https:\\\/\\\/www.desivero.com\\\/modod\\\/unita-esterna-condizionatore-non-parte\\\/\"},\"author\":{\"name\":\"redazionemodod\",\"@id\":\"https:\\\/\\\/www.desivero.com\\\/modod\\\/#\\\/schema\\\/person\\\/df159e918cb35b83b9ccf2ef95218751\"},\"headline\":\"Unit\u00e0 esterna del condizionatore non parte: cosa fare\",\"datePublished\":\"2020-07-22T10:27:34+00:00\",\"dateModified\":\"2023-05-03T08:33:10+00:00\",\"mainEntityOfPage\":{\"@id\":\"https:\\\/\\\/www.desivero.com\\\/modod\\\/unita-esterna-condizionatore-non-parte\\\/\"},\"wordCount\":1019,\"publisher\":{\"@id\":\"https:\\\/\\\/www.desivero.com\\\/modod\\\/#organization\"},\"image\":{\"@id\":\"https:\\\/\\\/www.desivero.com\\\/modod\\\/unita-esterna-condizionatore-non-parte\\\/#primaryimage\"},\"thumbnailUrl\":\"https:\\\/\\\/www.desivero.com\\\/modod\\\/wp-content\\\/uploads\\\/2020\\\/07\\\/unita-esterna-condizionatore.jpg\",\"articleSection\":[\"Tecnologia e how to\"],\"inLanguage\":\"it-IT\"},{\"@type\":\"ImageObject\",\"inLanguage\":\"it-IT\",\"@id\":\"https:\\\/\\\/www.desivero.com\\\/modod\\\/unita-esterna-condizionatore-non-parte\\\/#primaryimage\",\"url\":\"https:\\\/\\\/www.desivero.com\\\/modod\\\/wp-content\\\/uploads\\\/2020\\\/07\\\/unita-esterna-condizionatore.jpg\",\"contentUrl\":\"https:\\\/\\\/www.desivero.com\\\/modod\\\/wp-content\\\/uploads\\\/2020\\\/07\\\/unita-esterna-condizionatore.jpg\",\"width\":1000,\"height\":667},{\"@type\":\"BreadcrumbList\",\"@id\":\"https:\\\/\\\/www.desivero.com\\\/modod\\\/unita-esterna-condizionatore-non-parte\\\/#breadcrumb\",\"itemListElement\":[{\"@type\":\"ListItem\",\"position\":1,\"name\":\"Home\",\"item\":\"https:\\\/\\\/www.desivero.com\\\/modod\\\/\"},{\"@type\":\"ListItem\",\"position\":2,\"name\":\"Tecnologia e how to\",\"item\":\"https:\\\/\\\/www.desivero.com\\\/modod\\\/category\\\/tecnologia-e-how-to\\\/\"},{\"@type\":\"ListItem\",\"position\":3,\"name\":\"Unit\u00e0 esterna del condizionatore non parte: cosa fare\"}]},{\"@type\":\"WebSite\",\"@id\":\"https:\\\/\\\/www.desivero.com\\\/modod\\\/#website\",\"url\":\"https:\\\/\\\/www.desivero.com\\\/modod\\\/\",\"name\":\"MODO D\",\"description\":\"\",\"publisher\":{\"@id\":\"https:\\\/\\\/www.desivero.com\\\/modod\\\/#organization\"},\"potentialAction\":[{\"@type\":\"SearchAction\",\"target\":{\"@type\":\"EntryPoint\",\"urlTemplate\":\"https:\\\/\\\/www.desivero.com\\\/modod\\\/?s={search_term_string}\"},\"query-input\":{\"@type\":\"PropertyValueSpecification\",\"valueRequired\":true,\"valueName\":\"search_term_string\"}}],\"inLanguage\":\"it-IT\"},{\"@type\":\"Organization\",\"@id\":\"https:\\\/\\\/www.desivero.com\\\/modod\\\/#organization\",\"name\":\"MODO D\",\"url\":\"https:\\\/\\\/www.desivero.com\\\/modod\\\/\",\"logo\":{\"@type\":\"ImageObject\",\"inLanguage\":\"it-IT\",\"@id\":\"https:\\\/\\\/www.desivero.com\\\/modod\\\/#\\\/schema\\\/logo\\\/image\\\/\",\"url\":\"https:\\\/\\\/www.desivero.com\\\/modod\\\/wp-content\\\/uploads\\\/2017\\\/06\\\/EXE_Modod_RGB-1.png\",\"contentUrl\":\"https:\\\/\\\/www.desivero.com\\\/modod\\\/wp-content\\\/uploads\\\/2017\\\/06\\\/EXE_Modod_RGB-1.png\",\"width\":1753,\"height\":503,\"caption\":\"MODO D\"},\"image\":{\"@id\":\"https:\\\/\\\/www.desivero.com\\\/modod\\\/#\\\/schema\\\/logo\\\/image\\\/\"},\"sameAs\":[\"https:\\\/\\\/www.facebook.com\\\/desiveroitalia\\\/\",\"https:\\\/\\\/x.com\\\/desiveroitalia\"]},{\"@type\":\"Person\",\"@id\":\"https:\\\/\\\/www.desivero.com\\\/modod\\\/#\\\/schema\\\/person\\\/df159e918cb35b83b9ccf2ef95218751\",\"name\":\"redazionemodod\",\"image\":{\"@type\":\"ImageObject\",\"inLanguage\":\"it-IT\",\"@id\":\"https:\\\/\\\/secure.gravatar.com\\\/avatar\\\/f4dee7a055e3b2abd6dc36d91366b760ad4c30f156b3b8add06a79d9e2a3b657?s=96&d=mm&r=g\",\"url\":\"https:\\\/\\\/secure.gravatar.com\\\/avatar\\\/f4dee7a055e3b2abd6dc36d91366b760ad4c30f156b3b8add06a79d9e2a3b657?s=96&d=mm&r=g\",\"contentUrl\":\"https:\\\/\\\/secure.gravatar.com\\\/avatar\\\/f4dee7a055e3b2abd6dc36d91366b760ad4c30f156b3b8add06a79d9e2a3b657?s=96&d=mm&r=g\",\"caption\":\"redazionemodod\"}}]}<\/script>\n<!-- \/ Yoast SEO plugin. -->","yoast_head_json":{"title":"Unit\u00e0 esterna del condizionatore non parte: cosa fare | Desivero","description":"Pu\u00f2 capitare che l'unit\u00e0 esterna del condizionatore non parta: ecco quali sono le cause pi\u00f9 frequenti, come rimediare e quando contattare un tecnico.","robots":{"index":"index","follow":"follow","max-snippet":"max-snippet:-1","max-image-preview":"max-image-preview:large","max-video-preview":"max-video-preview:-1"},"canonical":"https:\/\/www.desivero.com\/modod\/unita-esterna-condizionatore-non-parte\/","og_locale":"it_IT","og_type":"article","og_title":"Unit\u00e0 esterna del condizionatore non parte: cosa fare | Desivero","og_description":"Pu\u00f2 capitare che l'unit\u00e0 esterna del condizionatore non parta: ecco quali sono le cause pi\u00f9 frequenti, come rimediare e quando contattare un tecnico.","og_url":"https:\/\/www.desivero.com\/modod\/unita-esterna-condizionatore-non-parte\/","og_site_name":"MODO D","article_publisher":"https:\/\/www.facebook.com\/desiveroitalia\/","article_published_time":"2020-07-22T10:27:34+00:00","article_modified_time":"2023-05-03T08:33:10+00:00","og_image":[{"width":1000,"height":667,"url":"https:\/\/www.desivero.com\/modod\/wp-content\/uploads\/2020\/07\/unita-esterna-condizionatore.jpg","type":"image\/jpeg"}],"author":"redazionemodod","twitter_card":"summary_large_image","twitter_creator":"@desiveroitalia","twitter_site":"@desiveroitalia","twitter_misc":{"Scritto da":"redazionemodod","Tempo di lettura stimato":"6 minuti"},"schema":{"@context":"https:\/\/schema.org","@graph":[{"@type":"Article","@id":"https:\/\/www.desivero.com\/modod\/unita-esterna-condizionatore-non-parte\/#article","isPartOf":{"@id":"https:\/\/www.desivero.com\/modod\/unita-esterna-condizionatore-non-parte\/"},"author":{"name":"redazionemodod","@id":"https:\/\/www.desivero.com\/modod\/#\/schema\/person\/df159e918cb35b83b9ccf2ef95218751"},"headline":"Unit\u00e0 esterna del condizionatore non parte: cosa fare","datePublished":"2020-07-22T10:27:34+00:00","dateModified":"2023-05-03T08:33:10+00:00","mainEntityOfPage":{"@id":"https:\/\/www.desivero.com\/modod\/unita-esterna-condizionatore-non-parte\/"},"wordCount":1019,"publisher":{"@id":"https:\/\/www.desivero.com\/modod\/#organization"},"image":{"@id":"https:\/\/www.desivero.com\/modod\/unita-esterna-condizionatore-non-parte\/#primaryimage"},"thumbnailUrl":"https:\/\/www.desivero.com\/modod\/wp-content\/uploads\/2020\/07\/unita-esterna-condizionatore.jpg","articleSection":["Tecnologia e how to"],"inLanguage":"it-IT"},{"@type":"ImageObject","inLanguage":"it-IT","@id":"https:\/\/www.desivero.com\/modod\/unita-esterna-condizionatore-non-parte\/#primaryimage","url":"https:\/\/www.desivero.com\/modod\/wp-content\/uploads\/2020\/07\/unita-esterna-condizionatore.jpg","contentUrl":"https:\/\/www.desivero.com\/modod\/wp-content\/uploads\/2020\/07\/unita-esterna-condizionatore.jpg","width":1000,"height":667},{"@type":"BreadcrumbList","@id":"https:\/\/www.desivero.com\/modod\/unita-esterna-condizionatore-non-parte\/#breadcrumb","itemListElement":[{"@type":"ListItem","position":1,"name":"Home","item":"https:\/\/www.desivero.com\/modod\/"},{"@type":"ListItem","position":2,"name":"Tecnologia e how to","item":"https:\/\/www.desivero.com\/modod\/category\/tecnologia-e-how-to\/"},{"@type":"ListItem","position":3,"name":"Unit\u00e0 esterna del condizionatore non parte: cosa fare"}]},{"@type":"WebSite","@id":"https:\/\/www.desivero.com\/modod\/#website","url":"https:\/\/www.desivero.com\/modod\/","name":"MODO D","description":"","publisher":{"@id":"https:\/\/www.desivero.com\/modod\/#organization"},"potentialAction":[{"@type":"SearchAction","target":{"@type":"EntryPoint","urlTemplate":"https:\/\/www.desivero.com\/modod\/?s={search_term_string}"},"query-input":{"@type":"PropertyValueSpecification","valueRequired":true,"valueName":"search_term_string"}}],"inLanguage":"it-IT"},{"@type":"Organization","@id":"https:\/\/www.desivero.com\/modod\/#organization","name":"MODO D","url":"https:\/\/www.desivero.com\/modod\/","logo":{"@type":"ImageObject","inLanguage":"it-IT","@id":"https:\/\/www.desivero.com\/modod\/#\/schema\/logo\/image\/","url":"https:\/\/www.desivero.com\/modod\/wp-content\/uploads\/2017\/06\/EXE_Modod_RGB-1.png","contentUrl":"https:\/\/www.desivero.com\/modod\/wp-content\/uploads\/2017\/06\/EXE_Modod_RGB-1.png","width":1753,"height":503,"caption":"MODO D"},"image":{"@id":"https:\/\/www.desivero.com\/modod\/#\/schema\/logo\/image\/"},"sameAs":["https:\/\/www.facebook.com\/desiveroitalia\/","https:\/\/x.com\/desiveroitalia"]},{"@type":"Person","@id":"https:\/\/www.desivero.com\/modod\/#\/schema\/person\/df159e918cb35b83b9ccf2ef95218751","name":"redazionemodod","image":{"@type":"ImageObject","inLanguage":"it-IT","@id":"https:\/\/secure.gravatar.com\/avatar\/f4dee7a055e3b2abd6dc36d91366b760ad4c30f156b3b8add06a79d9e2a3b657?s=96&d=mm&r=g","url":"https:\/\/secure.gravatar.com\/avatar\/f4dee7a055e3b2abd6dc36d91366b760ad4c30f156b3b8add06a79d9e2a3b657?s=96&d=mm&r=g","contentUrl":"https:\/\/secure.gravatar.com\/avatar\/f4dee7a055e3b2abd6dc36d91366b760ad4c30f156b3b8add06a79d9e2a3b657?s=96&d=mm&r=g","caption":"redazionemodod"}}]}},"_links":{"self":[{"href":"https:\/\/www.desivero.com\/modod\/wp-json\/wp\/v2\/posts\/5332","targetHints":{"allow":["GET"]}}],"collection":[{"href":"https:\/\/www.desivero.com\/modod\/wp-json\/wp\/v2\/posts"}],"about":[{"href":"https:\/\/www.desivero.com\/modod\/wp-json\/wp\/v2\/types\/post"}],"author":[{"embeddable":true,"href":"https:\/\/www.desivero.com\/modod\/wp-json\/wp\/v2\/users\/8"}],"replies":[{"embeddable":true,"href":"https:\/\/www.desivero.com\/modod\/wp-json\/wp\/v2\/comments?post=5332"}],"version-history":[{"count":7,"href":"https:\/\/www.desivero.com\/modod\/wp-json\/wp\/v2\/posts\/5332\/revisions"}],"predecessor-version":[{"id":7018,"href":"https:\/\/www.desivero.com\/modod\/wp-json\/wp\/v2\/posts\/5332\/revisions\/7018"}],"wp:featuredmedia":[{"embeddable":true,"href":"https:\/\/www.desivero.com\/modod\/wp-json\/wp\/v2\/media\/5333"}],"wp:attachment":[{"href":"https:\/\/www.desivero.com\/modod\/wp-json\/wp\/v2\/media?parent=5332"}],"wp:term":[{"taxonomy":"category","embeddable":true,"href":"https:\/\/www.desivero.com\/modod\/wp-json\/wp\/v2\/categories?post=5332"},{"taxonomy":"post_tag","embeddable":true,"href":"https:\/\/www.desivero.com\/modod\/wp-json\/wp\/v2\/tags?post=5332"}],"curies":[{"name":"wp","href":"https:\/\/api.w.org\/{rel}","templated":true}]}}