{"id":5292,"date":"2020-07-15T15:27:10","date_gmt":"2020-07-15T13:27:10","guid":{"rendered":"https:\/\/www.desivero.com\/modod\/?p=5292"},"modified":"2023-11-16T10:15:24","modified_gmt":"2023-11-16T09:15:24","slug":"condizionatori-haier-flexis","status":"publish","type":"post","link":"https:\/\/www.desivero.com\/modod\/condizionatori-haier-flexis\/","title":{"rendered":"Flexis \u00e8 la linea di condizionatori Haier che si adatta a te e alla tua casa."},"content":{"rendered":"[vc_row type=&#8221;in_container&#8221; full_screen_row_position=&#8221;middle&#8221; scene_position=&#8221;center&#8221; text_color=&#8221;dark&#8221; text_align=&#8221;left&#8221; overlay_strength=&#8221;0.3&#8243;][vc_column column_padding=&#8221;no-extra-padding&#8221; column_padding_position=&#8221;all&#8221; background_color_opacity=&#8221;1&#8243; background_hover_color_opacity=&#8221;1&#8243; width=&#8221;1\/1&#8243; tablet_text_alignment=&#8221;default&#8221; phone_text_alignment=&#8221;default&#8221;][vc_column_text]\n<h2><strong>L\u2019aria\u00a0condizionata \u00e8 nostra amica.<\/strong><\/h2>\n<p>Premessa: no, l\u2019aria condizionata non fa male. Viene demonizzata e \u2018accusata\u2019 di provocare tantissimi problemi alla nostra salute, ma in auto, al lavoro o in casa, la possibilit\u00e0 di raffreddare l\u2019aria rende l\u2019ambiente confortevole, mantiene una temperatura ideale per il corpo umano e previene il malessere che deriva dal caldo intenso.<\/p>\n<h2><strong>Scelte responsabili.<\/strong><\/h2>\n[\/vc_column_text][\/vc_column][\/vc_row][vc_row type=&#8221;in_container&#8221; full_screen_row_position=&#8221;middle&#8221; scene_position=&#8221;center&#8221; text_color=&#8221;dark&#8221; text_align=&#8221;left&#8221; overlay_strength=&#8221;0.3&#8243;][vc_column column_padding=&#8221;no-extra-padding&#8221; column_padding_position=&#8221;all&#8221; background_color_opacity=&#8221;1&#8243; background_hover_color_opacity=&#8221;1&#8243; width=&#8221;1\/1&#8243; tablet_text_alignment=&#8221;default&#8221; phone_text_alignment=&#8221;default&#8221;][vc_column_text]\u00c8 importante, per\u00f2, imparare a conoscere e a gestire questo strumento facilitatore delle nostre vite. Iniziamo dalla<strong> temperatura<\/strong>. Non deve mai essere regolata in modo tale da creare grandi sbalzi rispetto all\u2019esterno. Il nostro organismo \u00e8 abituato a temperature tra i 25 ed i 27 gradi, quindi se fuori fa caldo e dentro troppo freddo, sentiremo molto la differenza. Tra i problemi causati da questi sbalzi o dall\u2019<strong>esposizione prolungata<\/strong>, come quella notturna, possono esserci rallentamenti della digestione e dolori muscolari. Il getto diretto, poi, pu\u00f2 causare problemi respiratori, mal di testa e bruciore agli occhi.<\/p>\n<p>Come fare per evitare queste conseguenze?<\/p>\n<p>Prestare <strong>attenzione all\u2019uso che si fa del raffrescamento<\/strong>, ma soprattutto <strong>scegliere impianti all\u2019avanguardia<\/strong>, con tecnologie e funzionalit\u00e0 non invasive sulla nostra quotidianit\u00e0. Per salvaguardare la nostra salute \u00e8 necessario affidarsi a un condizionatore che migliora l\u2019ambiente, rispettando il tuo corpo.<\/p>\n<p><strong>Flexis di Haier<\/strong> rappresenta una <strong>soluzione tecnologica molto valida<\/strong> per contrastare queste problematiche legate all\u2019uso dei condizionatori. Andiamo a vedere il perch\u00e9.<\/p>\n<h2><strong>Le funzionalit\u00e0 di Haier Flexis.<\/strong><\/h2>\n[\/vc_column_text][\/vc_column][vc_column column_padding=&#8221;no-extra-padding&#8221; column_padding_position=&#8221;all&#8221; background_color_opacity=&#8221;1&#8243; background_hover_color_opacity=&#8221;1&#8243; width=&#8221;1\/1&#8243; tablet_text_alignment=&#8221;default&#8221; phone_text_alignment=&#8221;default&#8221;][vc_column_text]\n<p>Prima di tutto vediamo i plus principali di questo prodotto, che ruotano attorno all\u2019innovazione pi\u00f9 significativa: <strong>il sensore di movimento.<\/strong><\/p>\n<p>In base alla presenza nella stanza, percepita grazie al movimento appunto, il condizionatore si regola automaticamente e riesce a diminuire o aumentare il lavoro in totale autonomia, alzando o abbassando l\u2019intesit\u00e0.<\/p>\n<p>Andando pi\u00f9 nel dettaglio: il sensore di movimento di Flexis Haier \u00e8 doppio, ed \u00e8 capace di coprire un\u2019area con un angolo di \u00a0120\u00b0, sia in orizzontale che in verticale, grazie al suo flusso d\u2019aria 3D.<\/p>\n<p>La distanza massima di rilevamento arriva fino a 8 metri, quindi in genere il sistema riesce a captare segnali in tutta la stanza, lasciando aree scoperte solo in caso di spazi molto grandi.<\/p>\n<p>Ma le sue funzioni vanno ancora oltre, possono essere impostate infatti due diverse modalit\u00e0: la prima \u00e8 \u201csegui\u201d, grazie alla quale il getto si sposta insieme a te per garantirti il raffrescamento in ogni tuo gesto, la seconda \u00e8 \u201cevita\u201d per permetterti di vivere in un\u2019atmosfera dalla temperatura ottimale, senza sentire il getto d\u2019aria diretto. A seconda della modalit\u00e0 impostata il sistema Intelligent Air orienta automaticamente i deflettori in modo da distribuire al meglio il flusso.<\/p>\n<p>In pi\u00f9 il compressore Inverter regola la velocit\u00e0 di rotazione delle ventole per mantenere il livello di temperatura desiderato e, grazie alle funzioni di risparmio energetico, assicura una riduzione dei consumi.<\/p>\n<h2><\/h2>\n[\/vc_column_text][vc_row_inner text_align=&#8221;left&#8221;][vc_column_inner column_padding=&#8221;no-extra-padding&#8221; column_padding_position=&#8221;all&#8221; background_color_opacity=&#8221;1&#8243; width=&#8221;1\/6&#8243;]<div class=\"img-with-aniamtion-wrap \" data-max-width=\"100%\"><div class=\"inner\"><img decoding=\"async\" data-shadow=\"none\" data-shadow-direction=\"middle\" class=\"img-with-animation \" data-delay=\"0\" height=\"100%\" width=\"100%\" data-animation=\"fade-in\" src=\"https:\/\/www.desivero.com\/modod\/wp-content\/uploads\/2020\/07\/flexis_mono.jpg\" alt=\"\" \/><\/div><\/div>[vc_column_text]\n<h3 class=\"product-info__name\" style=\"text-align: center;\"><a href=\"https:\/\/www.desivero.com\/haier-condizionatore-monosplit-flexis-9000-btu-as250s2sd1fa-1u25s2sm1fa-2190001171\">HAIER MONOSPLIT FLEXIS 9000 BTU<\/a><\/h3>\n[\/vc_column_text][\/vc_column_inner][vc_column_inner column_padding=&#8221;no-extra-padding&#8221; column_padding_position=&#8221;all&#8221; background_color_opacity=&#8221;1&#8243; width=&#8221;1\/6&#8243;]<div class=\"img-with-aniamtion-wrap \" data-max-width=\"100%\"><div class=\"inner\"><img decoding=\"async\" data-shadow=\"none\" data-shadow-direction=\"middle\" class=\"img-with-animation \" data-delay=\"0\" height=\"100%\" width=\"100%\" data-animation=\"fade-in\" src=\"https:\/\/www.desivero.com\/modod\/wp-content\/uploads\/2020\/07\/flexis_dual.jpg\" alt=\"\" \/><\/div><\/div>[vc_column_text]\n<h3 class=\"product-info__name\" style=\"text-align: center;\"><a href=\"https:\/\/www.desivero.com\/haier-condizionatore-dualsplit-flexis-bianco-7000-9000-2u40s2sm1fa-as20s2sf1fa-mw-as25s2sf1fa-mw-2190001266\">HAIER DUALSPLIT FLEXIS BIANCO 7000 9000<\/a><\/h3>\n[\/vc_column_text][\/vc_column_inner][vc_column_inner column_padding=&#8221;no-extra-padding&#8221; column_padding_position=&#8221;all&#8221; background_color_opacity=&#8221;1&#8243; width=&#8221;1\/6&#8243;]<div class=\"img-with-aniamtion-wrap \" data-max-width=\"100%\"><div class=\"inner\"><img decoding=\"async\" data-shadow=\"none\" data-shadow-direction=\"middle\" class=\"img-with-animation \" data-delay=\"0\" height=\"100%\" width=\"100%\" data-animation=\"fade-in\" src=\"https:\/\/www.desivero.com\/modod\/wp-content\/uploads\/2020\/07\/flexis_trial.jpg\" alt=\"\" \/><\/div><\/div>[vc_column_text]\n<h3 class=\"product-info__name\" style=\"text-align: center;\"><a href=\"https:\/\/www.desivero.com\/haier-condizionatore-trialsplit-flexis-bianco-3u55s2sr2fa-as25s2sf1fa-as25s2sf1fa-as25s2sf1fa-2190001837\">HAIER TRIALSPLIT FLEXIS BIANCO<\/a><\/h3>\n[\/vc_column_text][\/vc_column_inner][vc_column_inner column_padding=&#8221;no-extra-padding&#8221; column_padding_position=&#8221;all&#8221; background_color_opacity=&#8221;1&#8243; width=&#8221;1\/6&#8243;]<div class=\"img-with-aniamtion-wrap \" data-max-width=\"100%\"><div class=\"inner\"><img decoding=\"async\" data-shadow=\"none\" data-shadow-direction=\"middle\" class=\"img-with-animation \" data-delay=\"0\" height=\"100%\" width=\"100%\" data-animation=\"fade-in\" src=\"https:\/\/www.desivero.com\/modod\/wp-content\/uploads\/2020\/07\/flexis_quadri.jpg\" alt=\"\" \/><\/div><\/div>[vc_column_text]\n<h3 class=\"product-info__name\" style=\"text-align: center;\"><a href=\"https:\/\/www.desivero.com\/haier-condizionatore-quadrisplit-flexis-7000-7000-9000-12000-4u75s2sr2fa-as20s2sf1-x2-as25s2sf1-as35s2sf-2190002877\">HAIER QUADRISPLIT FLEXIS\u00a0<\/a><\/h3>\n[\/vc_column_text][\/vc_column_inner][vc_column_inner column_padding=&#8221;no-extra-padding&#8221; column_padding_position=&#8221;all&#8221; background_color_opacity=&#8221;1&#8243; width=&#8221;1\/6&#8243;][\/vc_column_inner][vc_column_inner column_padding=&#8221;no-extra-padding&#8221; column_padding_position=&#8221;all&#8221; background_color_opacity=&#8221;1&#8243; width=&#8221;1\/6&#8243;][\/vc_column_inner][\/vc_row_inner][\/vc_column][\/vc_row][vc_row type=&#8221;in_container&#8221; full_screen_row_position=&#8221;middle&#8221; scene_position=&#8221;center&#8221; text_color=&#8221;dark&#8221; text_align=&#8221;left&#8221; overlay_strength=&#8221;0.3&#8243;][vc_column column_padding=&#8221;no-extra-padding&#8221; column_padding_position=&#8221;all&#8221; background_color_opacity=&#8221;1&#8243; background_hover_color_opacity=&#8221;1&#8243; width=&#8221;1\/1&#8243; tablet_text_alignment=&#8221;default&#8221; phone_text_alignment=&#8221;default&#8221;][\/vc_column][vc_column column_padding=&#8221;no-extra-padding&#8221; column_padding_position=&#8221;all&#8221; background_color_opacity=&#8221;1&#8243; background_hover_color_opacity=&#8221;1&#8243; width=&#8221;1\/1&#8243; tablet_text_alignment=&#8221;default&#8221; phone_text_alignment=&#8221;default&#8221;][vc_column_text]\n<h2><\/h2>\n<h2>Aria \u2018su misura\u2019.<\/h2>\n<p>Quali vantaggi porta alla vita in casa questo insieme di accorgimenti innovativi?<\/p>\n<p>Come prima cosa un grande <strong>risparmio energetico<\/strong>, perch\u00e9 il condizionatore non andr\u00e0 sempre e costantemente a regime, ma si adatter\u00e0 alla presenza nella stanza e capir\u00e0 quando limitare la propria potenza, riducendo quindi i consumi.<\/p>\n<p><strong>L\u2019effetto sulla salute, poi, sar\u00e0 molto positivo,<\/strong> perch\u00e9 non sarai tu a doverti adattare al condizionatore, ma viceversa. Un\u2019unit\u00e0 interna tradizionale con getto continuo, fisso e sempre uguale, non prende in considerazione i diversi momenti della tua giornata, rischiando di provocare i problemi che abbiamo visto sopra. Flexis invece riuscendo a modellare la propria attivit\u00e0 in base ai tuoi spostamenti, ti garantisce una vera e propria personalizzazione del raffrescamento, agendo senza essere invasivo, in armonia con la tua quotidianit\u00e0.<\/p>\n<h2><strong>Sempre connesso<\/strong><\/h2>\n<p>Ma il servizio \u201csu misura\u201d che offre questo prodotto ha un\u2019altra sfaccettatura rivoluzionaria. Con il tuo Smartphone, o il device pi\u00f9 comodo, puoi collegarti al tuo condizionatore Flexis tramite <strong>WiFi<\/strong> e gestire tutte le sue funzionalit\u00e0 attraverso l\u2019app di Haier.<\/p>\n<p>Si chiama <strong>HaierSmartAir2<\/strong>, \u00e8 scaricabile gratuitamente su Google Play e App Store, e rappresenta il tuo dialogo diretto con l\u2019impianto di condizionamento Haier.<\/p>\n<p>L\u2019app \u00e8 a tutti gli effetti una base operativa che ti consente di svolgere tantissime azioni. Un esempio? Puoi impostare il climatizzatore a distanza anche durante la tua assenza, per avere la temperatura perfetta al tuo rientro, senza sbalzi termici o consumi inutili. Avrai poi il controllo totale delle singole unit\u00e0 interne e potrai impostare le modalit\u00e0 di funzionamento per ogni giorno della settimana.<\/p>\n<p>In caso di malfunzionamento? Verr\u00e0 visualizzato sul tuo device un <strong>allarme con codice di errore<\/strong>. L\u2019app poi ti avvisa della necessit\u00e0 di fare <strong>manutenzione<\/strong>: riceverai dei promemoria che ti ricorderanno di pulire i filtri dell\u2019aria, azione importantissima soprattutto in questo periodo, che sono di facile accesso dal pannello frontale.<\/p>\n<h2><strong>Il gioco del silenzio.<\/strong><\/h2>\n<p>Ma quanto rumore fa uno strumento con tutte queste funzioni? Quello di un sussurro.<\/p>\n<p>L\u2019uso di <strong>ventilatori DC Inverter e l\u2019ottimizzazione del design diminuiscono il livello di rumorosit\u00e0<\/strong> delle unit\u00e0 interne a tal punto che con l\u2019impostazione Silenziosit\u00e0 si raggiunge il <strong>livello di soli 19dB<\/strong>. Pensa che il tuo frigorifero arriva a generare un rumore di circa 45db.<\/p>\n<h2><strong>Occhio al design.<\/strong><\/h2>\n<p>Anche l\u2019estetica vuole la sua parte. Per questo cerchi arredi ed elettrodomestici belli, capaci di riempire lo spazio con gusto, e soprattutto, che si sposino bene con l\u2019aspetto della tua casa.<\/p>\n<p>Flexis Haier \u00e8 all\u2019avanguardia anche in questo: il suo disegno semplice, le sue linee pulite e la doppia scelta di colore (finitura bianca o nera) lo rendono un oggetto di <strong>design che si integra perfettamente con tutti gli stili e tutti gli ambienti della tua abitazione<\/strong>.<\/p>\n<p>E quando diciamo \u201ctutti\u201d, il significato \u00e8 letterale. L\u2019offerta di Flexis infatti \u00e8 molto ampia e adatta a tutte le esigenze: \u00e8 disponibile <strong><a href=\"https:\/\/www.desivero.com\/shop\/condizionatori-fissi-monosplit\/HAIER__FLEXIS\">monosplit<\/a>, <a href=\"https:\/\/www.desivero.com\/shop\/condizionatori-fissi-dualsplit\/HAIER__FLEXIS\">dualsplit<\/a>, <a href=\"https:\/\/www.desivero.com\/shop\/condizionatori-fissi-trialsplit\/HAIER__FLEXIS\">trialsplit<\/a>, <a href=\"https:\/\/www.desivero.com\/shop\/condizionatori-fissi-quadrisplit\/HAIER__FLEXIS\">quadrisplit <\/a>e addirittura pentasplit. <\/strong>Scegliendo Flexis, porti in casa versatilit\u00e0, convenienza e classe.<\/p>\n<h2><\/h2>\n[\/vc_column_text][\/vc_column][\/vc_row][vc_row type=&#8221;in_container&#8221; full_screen_row_position=&#8221;middle&#8221; scene_position=&#8221;center&#8221; text_color=&#8221;dark&#8221; text_align=&#8221;left&#8221; id=&#8221;row-correlati&#8221; overlay_strength=&#8221;0.3&#8243;][vc_column column_padding=&#8221;no-extra-padding&#8221; column_padding_position=&#8221;all&#8221; background_color_opacity=&#8221;1&#8243; background_hover_color_opacity=&#8221;1&#8243; width=&#8221;1\/1&#8243; tablet_text_alignment=&#8221;default&#8221; phone_text_alignment=&#8221;default&#8221;]\n        <div class=\"row blog-recent columns-3\" data-style=\"minimal\">\n\n            \n                <div class=\"col span_4\">\n\n                    \n                        <div class=\"post-header\">\n                                                            <figure class=\"correlati-image\" style=\"background-image: url(https:\/\/www.desivero.com\/modod\/wp-content\/uploads\/2024\/11\/specchio-bagno.jpg)\">\n                                    <a href=\"https:\/\/www.desivero.com\/modod\/specchio-bagno-come-scegliere\/\"><\/a>\n                                <\/figure>\n                                                            <h3 class=\"title\"><a href=\"https:\/\/www.desivero.com\/modod\/specchio-bagno-come-scegliere\/\">Come scegliere il giusto specchio per il tuo bagno<\/a><\/h3>\n                            <span class=\"meta categoria-correlati pdd\">\n                <a href=\"https:\/\/www.desivero.com\/modod\/category\/ispirazioni-e-tendenze\/\">Ispirazioni e tendenze<\/a>                 <\/span>\n                        <\/div><!--\/post-header-->\n                        <p>Scegli lo specchio perfetto per il tuo bagno: da quelli con luce integrata a quelli di design. Scopri i migliori modelli e consigli utili.<\/p>\n                        <span>Read More <i class=\"icon-button-arrow\"><\/i><\/span>\n\n                    \n                <\/div><!--\/col-->\n\n            \n                <div class=\"col span_4\">\n\n                    \n                        <div class=\"post-header\">\n                                                            <figure class=\"correlati-image\" style=\"background-image: url(https:\/\/www.desivero.com\/modod\/wp-content\/uploads\/2024\/11\/rubinetto-cascata.jpg)\">\n                                    <a href=\"https:\/\/www.desivero.com\/modod\/rubinetti-cascata-cosa-sono-pregi-difetti\/\"><\/a>\n                                <\/figure>\n                                                            <h3 class=\"title\"><a href=\"https:\/\/www.desivero.com\/modod\/rubinetti-cascata-cosa-sono-pregi-difetti\/\"><strong>Rubinetti a cascata: guida completa su funzionamento, vantaggi e stile<\/strong><\/a><\/h3>\n                            <span class=\"meta categoria-correlati pdd\">\n                <a href=\"https:\/\/www.desivero.com\/modod\/category\/ispirazioni-e-tendenze\/\">Ispirazioni e tendenze<\/a>                 <\/span>\n                        <\/div><!--\/post-header-->\n                        <p>Rubinetti a cascata: tutto ci\u00f2 che devi sapere su funzionalit\u00e0, estetica, vantaggi e svantaggi. Ideali per vasche e lavabi dal tocco moderno.<\/p>\n                        <span>Read More <i class=\"icon-button-arrow\"><\/i><\/span>\n\n                    \n                <\/div><!--\/col-->\n\n            \n                <div class=\"col span_4\">\n\n                    \n                        <div class=\"post-header\">\n                                                            <figure class=\"correlati-image\" style=\"background-image: url(https:\/\/www.desivero.com\/modod\/wp-content\/uploads\/2024\/09\/1.jpg)\">\n                                    <a href=\"https:\/\/www.desivero.com\/modod\/le-migliori-pompe-di-calore-classifica-2026\/\"><\/a>\n                                <\/figure>\n                                                            <h3 class=\"title\"><a href=\"https:\/\/www.desivero.com\/modod\/le-migliori-pompe-di-calore-classifica-2026\/\">Le migliori pompe di calore: classifica 2026<\/a><\/h3>\n                            <span class=\"meta categoria-correlati pdd\">\n                <a href=\"https:\/\/www.desivero.com\/modod\/category\/ispirazioni-e-tendenze\/\">Ispirazioni e tendenze<\/a>                 <\/span>\n                        <\/div><!--\/post-header-->\n                        <p>Confronta i migliori marchi di pompe di calore, come Mitsubishi, Vaillant e Daikin, per trovare l&#8217;opzione pi\u00f9 adatta alle tue esigenze.<\/p>\n                        <span>Read More <i class=\"icon-button-arrow\"><\/i><\/span>\n\n                    \n                <\/div><!--\/col-->\n\n            \n        <\/div><!--\/blog-recent-->\n\n        [\/vc_column][\/vc_row]\n","protected":false},"excerpt":{"rendered":"<p>In estate i condizionatori sono i nostri alleati per combattere il caldo, anche se a volte possono causare qualche disagio fisico. Haier ti permette di installare un impianto smart, per rinfrescare gli ambienti in armonia con la casa e con chi la abita.<\/p>\n","protected":false},"author":8,"featured_media":7621,"comment_status":"closed","ping_status":"closed","sticky":false,"template":"","format":"standard","meta":{"_acf_changed":false,"footnotes":""},"categories":[11],"tags":[],"class_list":{"0":"post-5292","1":"post","2":"type-post","3":"status-publish","4":"format-standard","5":"has-post-thumbnail","7":"category-l-esperto-consiglia"},"acf":[],"yoast_head":"<!-- This site is optimized with the Yoast SEO plugin v27.5 - https:\/\/yoast.com\/product\/yoast-seo-wordpress\/ -->\n<title>Condizionatori Haier Flexis | Desivero<\/title>\n<meta name=\"description\" content=\"Condizionatori Haier, per rinfrescare gli ambienti in armonia con la casa e con chi la abita. Monosplit, Dualsplit, Trialsplit, Quadrisplit e Pentasplit\" \/>\n<meta name=\"robots\" content=\"index, follow, max-snippet:-1, max-image-preview:large, max-video-preview:-1\" \/>\n<link rel=\"canonical\" href=\"https:\/\/www.desivero.com\/modod\/condizionatori-haier-flexis\/\" \/>\n<meta property=\"og:locale\" content=\"it_IT\" \/>\n<meta property=\"og:type\" content=\"article\" \/>\n<meta property=\"og:title\" content=\"Condizionatori Haier Flexis | Desivero\" \/>\n<meta property=\"og:description\" content=\"Condizionatori Haier, per rinfrescare gli ambienti in armonia con la casa e con chi la abita. Monosplit, Dualsplit, Trialsplit, Quadrisplit e Pentasplit\" \/>\n<meta property=\"og:url\" content=\"https:\/\/www.desivero.com\/modod\/condizionatori-haier-flexis\/\" \/>\n<meta property=\"og:site_name\" content=\"MODO D\" \/>\n<meta property=\"article:publisher\" content=\"https:\/\/www.facebook.com\/desiveroitalia\/\" \/>\n<meta property=\"article:published_time\" content=\"2020-07-15T13:27:10+00:00\" \/>\n<meta property=\"article:modified_time\" content=\"2023-11-16T09:15:24+00:00\" \/>\n<meta property=\"og:image\" content=\"https:\/\/www.desivero.com\/modod\/wp-content\/uploads\/2020\/07\/Immagine_Art_Modod_PoweredHaier-1024x547-1.jpg\" \/>\n\t<meta property=\"og:image:width\" content=\"1024\" \/>\n\t<meta property=\"og:image:height\" content=\"547\" \/>\n\t<meta property=\"og:image:type\" content=\"image\/jpeg\" \/>\n<meta name=\"author\" content=\"redazionemodod\" \/>\n<meta name=\"twitter:card\" content=\"summary_large_image\" \/>\n<meta name=\"twitter:creator\" content=\"@desiveroitalia\" \/>\n<meta name=\"twitter:site\" content=\"@desiveroitalia\" \/>\n<meta name=\"twitter:label1\" content=\"Scritto da\" \/>\n\t<meta name=\"twitter:data1\" content=\"redazionemodod\" \/>\n\t<meta name=\"twitter:label2\" content=\"Tempo di lettura stimato\" \/>\n\t<meta name=\"twitter:data2\" content=\"6 minuti\" \/>\n<script type=\"application\/ld+json\" class=\"yoast-schema-graph\">{\"@context\":\"https:\\\/\\\/schema.org\",\"@graph\":[{\"@type\":\"Article\",\"@id\":\"https:\\\/\\\/www.desivero.com\\\/modod\\\/condizionatori-haier-flexis\\\/#article\",\"isPartOf\":{\"@id\":\"https:\\\/\\\/www.desivero.com\\\/modod\\\/condizionatori-haier-flexis\\\/\"},\"author\":{\"name\":\"redazionemodod\",\"@id\":\"https:\\\/\\\/www.desivero.com\\\/modod\\\/#\\\/schema\\\/person\\\/df159e918cb35b83b9ccf2ef95218751\"},\"headline\":\"Flexis \u00e8 la linea di condizionatori Haier che si adatta a te e alla tua casa.\",\"datePublished\":\"2020-07-15T13:27:10+00:00\",\"dateModified\":\"2023-11-16T09:15:24+00:00\",\"mainEntityOfPage\":{\"@id\":\"https:\\\/\\\/www.desivero.com\\\/modod\\\/condizionatori-haier-flexis\\\/\"},\"wordCount\":1467,\"publisher\":{\"@id\":\"https:\\\/\\\/www.desivero.com\\\/modod\\\/#organization\"},\"image\":{\"@id\":\"https:\\\/\\\/www.desivero.com\\\/modod\\\/condizionatori-haier-flexis\\\/#primaryimage\"},\"thumbnailUrl\":\"https:\\\/\\\/www.desivero.com\\\/modod\\\/wp-content\\\/uploads\\\/2020\\\/07\\\/Immagine_Art_Modod_PoweredHaier-1024x547-1.jpg\",\"articleSection\":[\"L'esperto consiglia\"],\"inLanguage\":\"it-IT\"},{\"@type\":\"ImageObject\",\"inLanguage\":\"it-IT\",\"@id\":\"https:\\\/\\\/www.desivero.com\\\/modod\\\/condizionatori-haier-flexis\\\/#primaryimage\",\"url\":\"https:\\\/\\\/www.desivero.com\\\/modod\\\/wp-content\\\/uploads\\\/2020\\\/07\\\/Immagine_Art_Modod_PoweredHaier-1024x547-1.jpg\",\"contentUrl\":\"https:\\\/\\\/www.desivero.com\\\/modod\\\/wp-content\\\/uploads\\\/2020\\\/07\\\/Immagine_Art_Modod_PoweredHaier-1024x547-1.jpg\",\"width\":1024,\"height\":547,\"caption\":\"CREATOR: gd-jpeg v1.0 (using IJG JPEG v80), quality = 82\"},{\"@type\":\"BreadcrumbList\",\"@id\":\"https:\\\/\\\/www.desivero.com\\\/modod\\\/condizionatori-haier-flexis\\\/#breadcrumb\",\"itemListElement\":[{\"@type\":\"ListItem\",\"position\":1,\"name\":\"Home\",\"item\":\"https:\\\/\\\/www.desivero.com\\\/modod\\\/\"},{\"@type\":\"ListItem\",\"position\":2,\"name\":\"L'esperto consiglia\",\"item\":\"https:\\\/\\\/www.desivero.com\\\/modod\\\/category\\\/l-esperto-consiglia\\\/\"},{\"@type\":\"ListItem\",\"position\":3,\"name\":\"Flexis \u00e8 la linea di condizionatori Haier che si adatta a te e alla tua casa.\"}]},{\"@type\":\"WebSite\",\"@id\":\"https:\\\/\\\/www.desivero.com\\\/modod\\\/#website\",\"url\":\"https:\\\/\\\/www.desivero.com\\\/modod\\\/\",\"name\":\"MODO D\",\"description\":\"\",\"publisher\":{\"@id\":\"https:\\\/\\\/www.desivero.com\\\/modod\\\/#organization\"},\"potentialAction\":[{\"@type\":\"SearchAction\",\"target\":{\"@type\":\"EntryPoint\",\"urlTemplate\":\"https:\\\/\\\/www.desivero.com\\\/modod\\\/?s={search_term_string}\"},\"query-input\":{\"@type\":\"PropertyValueSpecification\",\"valueRequired\":true,\"valueName\":\"search_term_string\"}}],\"inLanguage\":\"it-IT\"},{\"@type\":\"Organization\",\"@id\":\"https:\\\/\\\/www.desivero.com\\\/modod\\\/#organization\",\"name\":\"MODO D\",\"url\":\"https:\\\/\\\/www.desivero.com\\\/modod\\\/\",\"logo\":{\"@type\":\"ImageObject\",\"inLanguage\":\"it-IT\",\"@id\":\"https:\\\/\\\/www.desivero.com\\\/modod\\\/#\\\/schema\\\/logo\\\/image\\\/\",\"url\":\"https:\\\/\\\/www.desivero.com\\\/modod\\\/wp-content\\\/uploads\\\/2017\\\/06\\\/EXE_Modod_RGB-1.png\",\"contentUrl\":\"https:\\\/\\\/www.desivero.com\\\/modod\\\/wp-content\\\/uploads\\\/2017\\\/06\\\/EXE_Modod_RGB-1.png\",\"width\":1753,\"height\":503,\"caption\":\"MODO D\"},\"image\":{\"@id\":\"https:\\\/\\\/www.desivero.com\\\/modod\\\/#\\\/schema\\\/logo\\\/image\\\/\"},\"sameAs\":[\"https:\\\/\\\/www.facebook.com\\\/desiveroitalia\\\/\",\"https:\\\/\\\/x.com\\\/desiveroitalia\"]},{\"@type\":\"Person\",\"@id\":\"https:\\\/\\\/www.desivero.com\\\/modod\\\/#\\\/schema\\\/person\\\/df159e918cb35b83b9ccf2ef95218751\",\"name\":\"redazionemodod\",\"image\":{\"@type\":\"ImageObject\",\"inLanguage\":\"it-IT\",\"@id\":\"https:\\\/\\\/secure.gravatar.com\\\/avatar\\\/f4dee7a055e3b2abd6dc36d91366b760ad4c30f156b3b8add06a79d9e2a3b657?s=96&d=mm&r=g\",\"url\":\"https:\\\/\\\/secure.gravatar.com\\\/avatar\\\/f4dee7a055e3b2abd6dc36d91366b760ad4c30f156b3b8add06a79d9e2a3b657?s=96&d=mm&r=g\",\"contentUrl\":\"https:\\\/\\\/secure.gravatar.com\\\/avatar\\\/f4dee7a055e3b2abd6dc36d91366b760ad4c30f156b3b8add06a79d9e2a3b657?s=96&d=mm&r=g\",\"caption\":\"redazionemodod\"}}]}<\/script>\n<!-- \/ Yoast SEO plugin. -->","yoast_head_json":{"title":"Condizionatori Haier Flexis | Desivero","description":"Condizionatori Haier, per rinfrescare gli ambienti in armonia con la casa e con chi la abita. Monosplit, Dualsplit, Trialsplit, Quadrisplit e Pentasplit","robots":{"index":"index","follow":"follow","max-snippet":"max-snippet:-1","max-image-preview":"max-image-preview:large","max-video-preview":"max-video-preview:-1"},"canonical":"https:\/\/www.desivero.com\/modod\/condizionatori-haier-flexis\/","og_locale":"it_IT","og_type":"article","og_title":"Condizionatori Haier Flexis | Desivero","og_description":"Condizionatori Haier, per rinfrescare gli ambienti in armonia con la casa e con chi la abita. Monosplit, Dualsplit, Trialsplit, Quadrisplit e Pentasplit","og_url":"https:\/\/www.desivero.com\/modod\/condizionatori-haier-flexis\/","og_site_name":"MODO D","article_publisher":"https:\/\/www.facebook.com\/desiveroitalia\/","article_published_time":"2020-07-15T13:27:10+00:00","article_modified_time":"2023-11-16T09:15:24+00:00","og_image":[{"width":1024,"height":547,"url":"https:\/\/www.desivero.com\/modod\/wp-content\/uploads\/2020\/07\/Immagine_Art_Modod_PoweredHaier-1024x547-1.jpg","type":"image\/jpeg"}],"author":"redazionemodod","twitter_card":"summary_large_image","twitter_creator":"@desiveroitalia","twitter_site":"@desiveroitalia","twitter_misc":{"Scritto da":"redazionemodod","Tempo di lettura stimato":"6 minuti"},"schema":{"@context":"https:\/\/schema.org","@graph":[{"@type":"Article","@id":"https:\/\/www.desivero.com\/modod\/condizionatori-haier-flexis\/#article","isPartOf":{"@id":"https:\/\/www.desivero.com\/modod\/condizionatori-haier-flexis\/"},"author":{"name":"redazionemodod","@id":"https:\/\/www.desivero.com\/modod\/#\/schema\/person\/df159e918cb35b83b9ccf2ef95218751"},"headline":"Flexis \u00e8 la linea di condizionatori Haier che si adatta a te e alla tua casa.","datePublished":"2020-07-15T13:27:10+00:00","dateModified":"2023-11-16T09:15:24+00:00","mainEntityOfPage":{"@id":"https:\/\/www.desivero.com\/modod\/condizionatori-haier-flexis\/"},"wordCount":1467,"publisher":{"@id":"https:\/\/www.desivero.com\/modod\/#organization"},"image":{"@id":"https:\/\/www.desivero.com\/modod\/condizionatori-haier-flexis\/#primaryimage"},"thumbnailUrl":"https:\/\/www.desivero.com\/modod\/wp-content\/uploads\/2020\/07\/Immagine_Art_Modod_PoweredHaier-1024x547-1.jpg","articleSection":["L'esperto consiglia"],"inLanguage":"it-IT"},{"@type":"ImageObject","inLanguage":"it-IT","@id":"https:\/\/www.desivero.com\/modod\/condizionatori-haier-flexis\/#primaryimage","url":"https:\/\/www.desivero.com\/modod\/wp-content\/uploads\/2020\/07\/Immagine_Art_Modod_PoweredHaier-1024x547-1.jpg","contentUrl":"https:\/\/www.desivero.com\/modod\/wp-content\/uploads\/2020\/07\/Immagine_Art_Modod_PoweredHaier-1024x547-1.jpg","width":1024,"height":547,"caption":"CREATOR: gd-jpeg v1.0 (using IJG JPEG v80), quality = 82"},{"@type":"BreadcrumbList","@id":"https:\/\/www.desivero.com\/modod\/condizionatori-haier-flexis\/#breadcrumb","itemListElement":[{"@type":"ListItem","position":1,"name":"Home","item":"https:\/\/www.desivero.com\/modod\/"},{"@type":"ListItem","position":2,"name":"L'esperto consiglia","item":"https:\/\/www.desivero.com\/modod\/category\/l-esperto-consiglia\/"},{"@type":"ListItem","position":3,"name":"Flexis \u00e8 la linea di condizionatori Haier che si adatta a te e alla tua casa."}]},{"@type":"WebSite","@id":"https:\/\/www.desivero.com\/modod\/#website","url":"https:\/\/www.desivero.com\/modod\/","name":"MODO D","description":"","publisher":{"@id":"https:\/\/www.desivero.com\/modod\/#organization"},"potentialAction":[{"@type":"SearchAction","target":{"@type":"EntryPoint","urlTemplate":"https:\/\/www.desivero.com\/modod\/?s={search_term_string}"},"query-input":{"@type":"PropertyValueSpecification","valueRequired":true,"valueName":"search_term_string"}}],"inLanguage":"it-IT"},{"@type":"Organization","@id":"https:\/\/www.desivero.com\/modod\/#organization","name":"MODO D","url":"https:\/\/www.desivero.com\/modod\/","logo":{"@type":"ImageObject","inLanguage":"it-IT","@id":"https:\/\/www.desivero.com\/modod\/#\/schema\/logo\/image\/","url":"https:\/\/www.desivero.com\/modod\/wp-content\/uploads\/2017\/06\/EXE_Modod_RGB-1.png","contentUrl":"https:\/\/www.desivero.com\/modod\/wp-content\/uploads\/2017\/06\/EXE_Modod_RGB-1.png","width":1753,"height":503,"caption":"MODO D"},"image":{"@id":"https:\/\/www.desivero.com\/modod\/#\/schema\/logo\/image\/"},"sameAs":["https:\/\/www.facebook.com\/desiveroitalia\/","https:\/\/x.com\/desiveroitalia"]},{"@type":"Person","@id":"https:\/\/www.desivero.com\/modod\/#\/schema\/person\/df159e918cb35b83b9ccf2ef95218751","name":"redazionemodod","image":{"@type":"ImageObject","inLanguage":"it-IT","@id":"https:\/\/secure.gravatar.com\/avatar\/f4dee7a055e3b2abd6dc36d91366b760ad4c30f156b3b8add06a79d9e2a3b657?s=96&d=mm&r=g","url":"https:\/\/secure.gravatar.com\/avatar\/f4dee7a055e3b2abd6dc36d91366b760ad4c30f156b3b8add06a79d9e2a3b657?s=96&d=mm&r=g","contentUrl":"https:\/\/secure.gravatar.com\/avatar\/f4dee7a055e3b2abd6dc36d91366b760ad4c30f156b3b8add06a79d9e2a3b657?s=96&d=mm&r=g","caption":"redazionemodod"}}]}},"_links":{"self":[{"href":"https:\/\/www.desivero.com\/modod\/wp-json\/wp\/v2\/posts\/5292","targetHints":{"allow":["GET"]}}],"collection":[{"href":"https:\/\/www.desivero.com\/modod\/wp-json\/wp\/v2\/posts"}],"about":[{"href":"https:\/\/www.desivero.com\/modod\/wp-json\/wp\/v2\/types\/post"}],"author":[{"embeddable":true,"href":"https:\/\/www.desivero.com\/modod\/wp-json\/wp\/v2\/users\/8"}],"replies":[{"embeddable":true,"href":"https:\/\/www.desivero.com\/modod\/wp-json\/wp\/v2\/comments?post=5292"}],"version-history":[{"count":7,"href":"https:\/\/www.desivero.com\/modod\/wp-json\/wp\/v2\/posts\/5292\/revisions"}],"predecessor-version":[{"id":7622,"href":"https:\/\/www.desivero.com\/modod\/wp-json\/wp\/v2\/posts\/5292\/revisions\/7622"}],"wp:featuredmedia":[{"embeddable":true,"href":"https:\/\/www.desivero.com\/modod\/wp-json\/wp\/v2\/media\/7621"}],"wp:attachment":[{"href":"https:\/\/www.desivero.com\/modod\/wp-json\/wp\/v2\/media?parent=5292"}],"wp:term":[{"taxonomy":"category","embeddable":true,"href":"https:\/\/www.desivero.com\/modod\/wp-json\/wp\/v2\/categories?post=5292"},{"taxonomy":"post_tag","embeddable":true,"href":"https:\/\/www.desivero.com\/modod\/wp-json\/wp\/v2\/tags?post=5292"}],"curies":[{"name":"wp","href":"https:\/\/api.w.org\/{rel}","templated":true}]}}