{"id":4327,"date":"2023-09-14T12:13:23","date_gmt":"2023-09-14T10:13:23","guid":{"rendered":"https:\/\/www.desivero.com\/modod\/?p=4327"},"modified":"2025-11-07T12:19:43","modified_gmt":"2025-11-07T11:19:43","slug":"caldaia-in-blocco-cause-soluzioni","status":"publish","type":"post","link":"https:\/\/www.desivero.com\/modod\/caldaia-in-blocco-cause-soluzioni\/","title":{"rendered":"Caldaia in blocco? Cause e soluzioni"},"content":{"rendered":"\n<p>Capita di rimanere al freddo e con l\u2019acqua ghiacciata a causa della <strong>caldaia in blocco<\/strong>. Un\u2019accurata analisi delle&nbsp;<strong>cause<\/strong>&nbsp;e le dovute&nbsp;<strong>soluzioni<\/strong>&nbsp;ti eviteranno di rinunciare al bene primario del calore nella tua abitazione.&nbsp;Spesso i&nbsp;<strong>motivi<\/strong>&nbsp;del blocco dipendono non tanto dalla caldaia quanto da fattori esterni.<\/p>\n\n\n\n<p>Il placebo ai vari problemi potrebbe essere il reset, ma, se questo non basta, occorrono <strong>soluzioni mirate<\/strong> che nell\u2019arco di breve tempo <strong>rimettano la tua&nbsp;caldaia in funzione<\/strong> e riportino il comfort a casa tua. Vediamo quindi <strong>cosa fare con la caldaia in blocco<\/strong>, se \u00e8 pericoloso e quali sono i malfunzionamenti pi\u00f9 comuni in questo caso.<\/p>\n\n\n\n<h2 class=\"wp-block-heading\">Cosa fare quando la caldaia va in blocco<\/h2>\n\n\n\n<p>Quando la caldaia va in blocco il pensiero vola subito a una previsione di gelo e scomodit\u00e0 nell\u2019attesa della&nbsp;<strong>riparazione<\/strong>. Ma vediamo insieme&nbsp;<strong>cosa fare<\/strong>&nbsp;prima di ricorrere ad un intervento tecnico, che in molti casi potrebbe non essere necessario.<\/p>\n\n\n\n<p>Se la caldaia si accende e poi va in blocco, vuol dire che un dispositivo interno all\u2019apparecchio comunica che \u00e8 in corso qualche <strong>malfunzionamento interno o esterno alla caldaia<\/strong> e contemporaneamente segnala sul display un codice alfanumerico che indica il tipo di guasto. Prima di chiamare un&nbsp;esperto nella manutenzione delle caldaie, puoi provare a&nbsp;<strong>consultare il manuale della tua caldaia<\/strong> e capire tu stesso cosa fare.<\/p>\n\n\n\n\n\n<h2 class=\"wp-block-heading\">Caldaia in blocco: le cause principali<\/h2>\n\n\n\n<p>Scopriamo insieme quali possono essere le cause principali del blocco della caldaia e, analizzandole una ad una, impariamo a risolverle. Spesso i fattori che ne impediscono il funzionamento sono esterni al macchinario e dipendono da disfunzioni dell\u2019impianto.<br>Ecco alcune delle principali cause di blocco:<\/p>\n\n\n\n<ul class=\"wp-block-list\">\n<li>calcare<\/li>\n\n\n\n<li>interruzione del gas<\/li>\n\n\n\n<li>danni al sistema elettrico<\/li>\n\n\n\n<li>bassa pressione dell\u2019acqua<\/li>\n\n\n\n<li>eccessiva aria nei radiatori<\/li>\n<\/ul>\n\n\n\n<p>Molte cause sono spesso risolvibili con&nbsp;<strong>piccoli interventi fai da te<\/strong>, ma in alcuni casi pi\u00f9 impegnativi potresti non aver bisogno del tecnico della caldaia, evitando cos\u00ec di sostenere inutili spese.<\/p>\n\n\n\n<h3 class=\"wp-block-heading\">Caldaia in blocco per il calcare<\/h3>\n\n\n\n<p>Il<a href=\"https:\/\/www.desivero.com\/modod\/come-togliere-calcare-dai-rubinetti\/\" target=\"_blank\" rel=\"noreferrer noopener\">&nbsp;calcare<\/a>&nbsp;\u00e8 il nemico pi\u00f9 agguerrito di tutti i&nbsp;<strong>sistemi idraulici<\/strong>&nbsp;e la tua caldaia potrebbe rimanerne vittima andando in blocco.&nbsp;Le&nbsp;<strong>incrostazioni<\/strong>&nbsp;non permettono un regolare passaggio dell\u2019acqua calda, che quindi non raggiunge la pressione sufficiente per scaldarsi.<\/p>\n\n\n\n<p><strong>Controlla il getto dell\u2019acqua calda dai rubinetti:&nbsp;<\/strong>se \u00e8 pi\u00f9 debole rispetto a quello freddo, non si scalda quanto dovrebbe e noti del calcare nei filtri della doccia, probabilmente la causa del malfunzionamento \u00e8 proprio questa. In tal caso \u00e8 necessario che l\u2019idraulico pulisca lo&nbsp;<strong>scambiatore<\/strong>&nbsp;con un liquido corrosivo che liberi le tubature. Potr\u00e0 addirittura installare in caldaia un&nbsp;<strong>filtro anticalcare<\/strong>&nbsp;o un&nbsp;filtro&nbsp;defangatore, per ridurre il problema. Inoltre, esistono <a href=\"https:\/\/www.desivero.com\/euroacque-kit-salvacaldaia-defangatore-dosatore-polifosfati-neutralizzatore-condensa-codice-prod-kitsalv1-2170002588\">prodotti 3-in-1 per la cura della caldaia<\/a>, che includono defangatore, dosatore di polifosfati e neutralizzatore di condensa.<\/p>\n\n\n\n<h3 class=\"wp-block-heading\">Caldaia in blocco per interruzione del gas<\/h3>\n\n\n\n<p>La caldaia potrebbe andare in blocco a causa di un\u2019<strong>interruzione del gas<\/strong>. In sua assenza, infatti, la fiamma pilota, indispensabile per il funzionamento, non si accende. L\u2019interruzione del gas pu\u00f2 dipendere da disposizioni temporanee stabilite dal fornitore oppure dall\u2019<strong>esaurimento del GPL<\/strong>, nel caso in cui tu usi questo tipo di combustibile.<\/p>\n\n\n\n<p>Per accertarti che il problema sia questo, non dovrai far altro che provare ad accendere i fornelli della cucina. Se anche questi non funzionano, non ti rester\u00e0 che attendere il ripristino della fornitura. Il gas potrebbe per\u00f2 essere interrotto dall\u2019<strong>ostruzione della valvola<\/strong>&nbsp;che alimenta la caldaia. In questa eventualit\u00e0 \u00e8 pi\u00f9 prudente&nbsp;rivolgersi a un professionista.<\/p>\n\n\n\n<h3 class=\"wp-block-heading\">Caldaia in blocco per la bassa pressione dell\u2019acqua<\/h3>\n\n\n\n<p>La&nbsp;<strong>bassa pressione dell\u2019acqua<\/strong> potrebbe causare il blocco della caldaia. Ogni caldaia \u00e8 provvista di un&nbsp;<strong>manometro&nbsp;<\/strong>che ne indica il livello, che deve essere necessariamente compreso <strong>tra 1,2 e 1,5 bar<\/strong>. L\u2019aumento o la diminuzione di questi valori causa, dopo breve periodo, il blocco dell\u2019apparecchio.<\/p>\n\n\n\n<p>In entrambi i casi potrai intervenire direttamente, senza l\u2019ausilio di un tecnico. Per far salire la pressione dell\u2019acqua dovrai agire sulla manopola ruotandola e ricordandoti di non <strong>superare mai i 2 bar<\/strong>. Se, salendo rapidamente, superasse il massimo consentito, puoi riportarla nel range semplicemente facendo sfiatare un radiatore di casa.<\/p>\n\n\n\n<h3 class=\"wp-block-heading\">Caldaia in blocco per eccessiva aria nei radiatori<\/h3>\n\n\n\n<p>L\u2019<strong>eccessiva aria nei radiatori<\/strong> pu\u00f2 causare un blocco della caldaia. Si possono infatti formare delle bolle che impediscono il riscaldamento omogeneo dell\u2019acqua e portare cos\u00ec la caldaia a bloccarsi. Controllando il manometro sul fronte della caldaia noterai che i valori, che normalmente devono essere compresi tra un minimo di 1,2 e un massimo 1,5 bar, hanno raggiunto una pressione dell\u2019aria eccessiva.<\/p>\n\n\n\n<p>Intervenire in questo caso \u00e8 molto semplice. Dovrai soltanto&nbsp;<strong>aprire la valvola di un termosifone<\/strong> o di uno scaldasalviette e farlo sfiatare. Nell\u2019arco di pochi secondi i valori saranno tornati alla normalit\u00e0 e la tua caldaia funzioner\u00e0 regolarmente.<\/p>\n\n\n\n<h3 class=\"wp-block-heading\">Altre cause<\/h3>\n\n\n\n<p>A volte le cause del blocco della caldaia possono essere difficili da individuare e, scartate tutte le cause gi\u00e0 descritte, potrebbe trattarsi di qualche altro inconveniente pi\u00f9 complesso, che richiede necessariamente l\u2019intervento di un tecnico specializzato.<\/p>\n\n\n\n<p>Talvolta il blocco dipende da <strong>danni al sistema elettrico<\/strong>&nbsp;causati, per esempio, da un temporale o dalla temporanea mancanza di corrente. In entrambi i casi non potr\u00e0 innescarsi la scintilla di accensione e la caldaia rester\u00e0 spenta.<\/p>\n\n\n\n<p>Un altro possibile fattore potrebbe essere l\u2019<strong>insufficiente tiraggio<\/strong>, che impedisce l\u2019espulsione dei gas di scarico o, pi\u00f9 raramente, l\u2019ossidazione degli elettrodi oppure l\u2019esaurimento della batteria. Sar\u00e0 prudente richiedere un&nbsp;<strong>controllo della caldaia<\/strong> prima di procedere in modo azzardato di tua iniziativa.<\/p>\n\n\n\n<h2 class=\"wp-block-heading\">Come prevenire il blocco della caldaia<\/h2>\n\n\n\n<p>\u00c8 possibile prevenire il blocco della caldaia facendo eseguire sempre il&nbsp;controllo periodico di manutenzione previsto dalla legge. Disposizioni che variano da una regione all\u2019altra prevedono l\u2019intervento di un tecnico abilitato al&nbsp;<strong>rilascio del \u201cbollino blu\u201d<\/strong>, ovvero il rapporto del controllo che il professionista invier\u00e0 all\u2019ente incaricato, <strong>con una validit\u00e0 di 4 anni<\/strong>.<\/p>\n\n\n\n<p>\u00c8 obbligatorio anche il controllo dei fumi con <strong>tempistiche diverse<\/strong> a seconda del&nbsp;<a href=\"https:\/\/www.desivero.com\/modod\/guida-scelta-caldaia-migliori-caldaie-a-condensazione\/\" target=\"_blank\" rel=\"noreferrer noopener\">tipo di caldaia<\/a>. La periodicit\u00e0 dei controlli e la loro registrazione mantiene valida la garanzia della tua caldaia per il periodo stabilito dalla casa produttrice.<\/p>\n\n\n\n<h2 class=\"wp-block-heading\">Come sbloccare la caldaia<\/h2>\n\n\n\n<p><strong>Sbloccare la caldaia<\/strong> \u00e8 spesso pi\u00f9 semplice di quanto immagini. Prova a riconoscere il problema prima di richiedere l\u2019intervento di un tecnico specializzato. In molti casi basteranno <strong>poche e semplici azioni<\/strong> per rimetterla in funzione.<\/p>\n\n\n\n<p>Innanzitutto, fai le <strong>verifiche<\/strong> che andiamo ad elencare:<\/p>\n\n\n\n<ul class=\"wp-block-list\">\n<li>verifica che le spie indicatrici della presenza di corrente elettrica siano accese<\/li>\n\n\n\n<li>controlla che il rubinetto giallo del gas sia aperto<\/li>\n\n\n\n<li>osserva sul display eventuali errori indicati con un codice alfanumerico<\/li>\n\n\n\n<li>accertati che la pressione indicata sul manometro sia nel range di valori ammesso tra 1,2 e 1,5 bar.<\/li>\n<\/ul>\n\n\n\n<p>Se riscontri uno di questi malfunzionamenti, segui i nostri consigli per sbloccare la caldaia.<\/p>\n\n\n\n<h2 class=\"wp-block-heading\">La caldaia in blocco \u00e8 pericolosa?<\/h2>\n\n\n\n<p>Con una caldaia in blocco di sicurezza, come \u00e8 stato gi\u00e0 detto \u00e8 possibile intervenire con il fai-da-te <strong>in attesa dell&#8217;eventuale intervento di un tecnico specializzato<\/strong>. A patto di conoscere le cause pi\u00f9 comuni per cui la caldaia non parte.<\/p>\n\n\n\n<p>Non si tratta di una condizione di per s\u00e9 pericolosa nell&#8217;immediato, ma va ricordato che la caldaia <strong>\u00e8 comunque un apparecchio alimentato a gas<\/strong> e quindi <strong>rappresenta un pericolo quando viene mantenuta in una condizione di malfunzionamento<\/strong>. Bisogna quindi intervenire solo quando si ha piena consapevolezza di cosa fare. Nei casi pi\u00f9 fortunati, poi, potrebbe bastare&nbsp;semplicemente <strong>resettare l\u2019impianto<\/strong> e farlo ripartire per risolvere il problema.<\/p>\n\n\n\n<div class=\"wp-block-columns is-layout-flex wp-container-core-columns-is-layout-9d6595d7 wp-block-columns-is-layout-flex\">\n<div class=\"wp-block-column is-layout-flow wp-block-column-is-layout-flow\">\n<p><strong><a href=\"https:\/\/www.desivero.com\/immergas-caldaia-a-condensazione-victrix-tera-24-kw-metano-codice-prod-3-032927-2170002219\">IMMERGAS&nbsp;Caldaia a condensazione victrix tera<\/a><\/strong><\/p>\n\n\n\n<figure class=\"wp-block-image size-full\"><img loading=\"lazy\" decoding=\"async\" width=\"750\" height=\"750\" src=\"https:\/\/www.desivero.com\/modod\/wp-content\/uploads\/2023\/09\/caldaie-a-condensazione-immergas-caldaia-a-condensazione-victrix-tera-24-kw-metano-2170002219-1.webp\" alt=\"\" class=\"wp-image-7199\" srcset=\"https:\/\/www.desivero.com\/modod\/wp-content\/uploads\/2023\/09\/caldaie-a-condensazione-immergas-caldaia-a-condensazione-victrix-tera-24-kw-metano-2170002219-1.webp 750w, https:\/\/www.desivero.com\/modod\/wp-content\/uploads\/2023\/09\/caldaie-a-condensazione-immergas-caldaia-a-condensazione-victrix-tera-24-kw-metano-2170002219-1-300x300.webp 300w, https:\/\/www.desivero.com\/modod\/wp-content\/uploads\/2023\/09\/caldaie-a-condensazione-immergas-caldaia-a-condensazione-victrix-tera-24-kw-metano-2170002219-1-150x150.webp 150w, https:\/\/www.desivero.com\/modod\/wp-content\/uploads\/2023\/09\/caldaie-a-condensazione-immergas-caldaia-a-condensazione-victrix-tera-24-kw-metano-2170002219-1-50x50.webp 50w, https:\/\/www.desivero.com\/modod\/wp-content\/uploads\/2023\/09\/caldaie-a-condensazione-immergas-caldaia-a-condensazione-victrix-tera-24-kw-metano-2170002219-1-100x100.webp 100w, https:\/\/www.desivero.com\/modod\/wp-content\/uploads\/2023\/09\/caldaie-a-condensazione-immergas-caldaia-a-condensazione-victrix-tera-24-kw-metano-2170002219-1-500x500.webp 500w\" sizes=\"auto, (max-width: 750px) 100vw, 750px\" \/><\/figure>\n<\/div>\n\n\n\n<div class=\"wp-block-column is-layout-flow wp-block-column-is-layout-flow\">\n<p><strong><a href=\"https:\/\/www.desivero.com\/beretta-caldaia-murale-mynute-x-30-condensazione-codice-prod-20163565-2190005286\">BERETTA&nbsp;Caldaia murale mynute<\/a><\/strong><\/p>\n\n\n\n<figure class=\"wp-block-image size-full\"><img loading=\"lazy\" decoding=\"async\" width=\"750\" height=\"750\" src=\"https:\/\/www.desivero.com\/modod\/wp-content\/uploads\/2023\/09\/caldaie-a-condensazione-beretta-caldaia-murale-mynute-x-30-condensazione-2190005286.webp\" alt=\"\" class=\"wp-image-7200\" srcset=\"https:\/\/www.desivero.com\/modod\/wp-content\/uploads\/2023\/09\/caldaie-a-condensazione-beretta-caldaia-murale-mynute-x-30-condensazione-2190005286.webp 750w, https:\/\/www.desivero.com\/modod\/wp-content\/uploads\/2023\/09\/caldaie-a-condensazione-beretta-caldaia-murale-mynute-x-30-condensazione-2190005286-300x300.webp 300w, https:\/\/www.desivero.com\/modod\/wp-content\/uploads\/2023\/09\/caldaie-a-condensazione-beretta-caldaia-murale-mynute-x-30-condensazione-2190005286-150x150.webp 150w, https:\/\/www.desivero.com\/modod\/wp-content\/uploads\/2023\/09\/caldaie-a-condensazione-beretta-caldaia-murale-mynute-x-30-condensazione-2190005286-50x50.webp 50w, https:\/\/www.desivero.com\/modod\/wp-content\/uploads\/2023\/09\/caldaie-a-condensazione-beretta-caldaia-murale-mynute-x-30-condensazione-2190005286-100x100.webp 100w, https:\/\/www.desivero.com\/modod\/wp-content\/uploads\/2023\/09\/caldaie-a-condensazione-beretta-caldaia-murale-mynute-x-30-condensazione-2190005286-500x500.webp 500w\" sizes=\"auto, (max-width: 750px) 100vw, 750px\" \/><\/figure>\n<\/div>\n<\/div>\n\n\n\n<div class=\"wp-block-columns is-layout-flex wp-container-core-columns-is-layout-9d6595d7 wp-block-columns-is-layout-flex\">\n<div class=\"wp-block-column is-layout-flow wp-block-column-is-layout-flow\">\n<p><strong><a href=\"https:\/\/www.desivero.com\/baxi-caldaia-murale-luna-duo-tec-e-33-condensazione-codice-prod-a7720027-2190002597\">BAXI&nbsp;Caldaia murale luna duo-tec<\/a><\/strong><\/p>\n\n\n\n<figure class=\"wp-block-image size-full\"><img loading=\"lazy\" decoding=\"async\" width=\"750\" height=\"750\" src=\"https:\/\/www.desivero.com\/modod\/wp-content\/uploads\/2023\/09\/caldaie-a-condensazione-baxi-caldaia-murale-luna-duo-tec-e-33-condensazione-2190002597.webp\" alt=\"\" class=\"wp-image-7201\" srcset=\"https:\/\/www.desivero.com\/modod\/wp-content\/uploads\/2023\/09\/caldaie-a-condensazione-baxi-caldaia-murale-luna-duo-tec-e-33-condensazione-2190002597.webp 750w, https:\/\/www.desivero.com\/modod\/wp-content\/uploads\/2023\/09\/caldaie-a-condensazione-baxi-caldaia-murale-luna-duo-tec-e-33-condensazione-2190002597-300x300.webp 300w, https:\/\/www.desivero.com\/modod\/wp-content\/uploads\/2023\/09\/caldaie-a-condensazione-baxi-caldaia-murale-luna-duo-tec-e-33-condensazione-2190002597-150x150.webp 150w, https:\/\/www.desivero.com\/modod\/wp-content\/uploads\/2023\/09\/caldaie-a-condensazione-baxi-caldaia-murale-luna-duo-tec-e-33-condensazione-2190002597-50x50.webp 50w, https:\/\/www.desivero.com\/modod\/wp-content\/uploads\/2023\/09\/caldaie-a-condensazione-baxi-caldaia-murale-luna-duo-tec-e-33-condensazione-2190002597-100x100.webp 100w, https:\/\/www.desivero.com\/modod\/wp-content\/uploads\/2023\/09\/caldaie-a-condensazione-baxi-caldaia-murale-luna-duo-tec-e-33-condensazione-2190002597-500x500.webp 500w\" sizes=\"auto, (max-width: 750px) 100vw, 750px\" \/><\/figure>\n<\/div>\n\n\n\n<div class=\"wp-block-column is-layout-flow wp-block-column-is-layout-flow\">\n<p><strong><a href=\"https:\/\/www.desivero.com\/ariston-caldaia-murale-genus-one-net-24-condensazione-codice-prod-3301113-2180001087\">ARISTON&nbsp;Caldaia murale genus one net<\/a><\/strong><\/p>\n\n\n\n<figure class=\"wp-block-image size-full\"><img loading=\"lazy\" decoding=\"async\" width=\"750\" height=\"750\" src=\"https:\/\/www.desivero.com\/modod\/wp-content\/uploads\/2023\/09\/caldaie-a-condensazione-outlet-ariston-caldaia-murale-genus-one-net-24-condensazione-2180001087.webp\" alt=\"\" class=\"wp-image-7202\" srcset=\"https:\/\/www.desivero.com\/modod\/wp-content\/uploads\/2023\/09\/caldaie-a-condensazione-outlet-ariston-caldaia-murale-genus-one-net-24-condensazione-2180001087.webp 750w, https:\/\/www.desivero.com\/modod\/wp-content\/uploads\/2023\/09\/caldaie-a-condensazione-outlet-ariston-caldaia-murale-genus-one-net-24-condensazione-2180001087-300x300.webp 300w, https:\/\/www.desivero.com\/modod\/wp-content\/uploads\/2023\/09\/caldaie-a-condensazione-outlet-ariston-caldaia-murale-genus-one-net-24-condensazione-2180001087-150x150.webp 150w, https:\/\/www.desivero.com\/modod\/wp-content\/uploads\/2023\/09\/caldaie-a-condensazione-outlet-ariston-caldaia-murale-genus-one-net-24-condensazione-2180001087-50x50.webp 50w, https:\/\/www.desivero.com\/modod\/wp-content\/uploads\/2023\/09\/caldaie-a-condensazione-outlet-ariston-caldaia-murale-genus-one-net-24-condensazione-2180001087-100x100.webp 100w, https:\/\/www.desivero.com\/modod\/wp-content\/uploads\/2023\/09\/caldaie-a-condensazione-outlet-ariston-caldaia-murale-genus-one-net-24-condensazione-2180001087-500x500.webp 500w\" sizes=\"auto, (max-width: 750px) 100vw, 750px\" \/><\/figure>\n<\/div>\n<\/div>\n\n\n\n<div class=\"divider-wrap\"><div style=\"height: 25px;\" class=\"divider\"><\/div><\/div>[nectar_btn size=&#8221;small&#8221; open_new_tab=&#8221;true&#8221; button_style=&#8221;regular&#8221; button_color_2=&#8221;Accent-Color&#8221; icon_family=&#8221;none&#8221; url=&#8221;https:\/\/www.desivero.com\/shop\/caldaie-a-condensazione&#8221; text=&#8221;DEVI ACQUISTARE UNA NUOVA CALDAIA? CONSIDERALO FATTO.&#8221;]\n\n\n[vc_row type=&#8221;in_container&#8221; full_screen_row_position=&#8221;middle&#8221; scene_position=&#8221;center&#8221; text_color=&#8221;dark&#8221; text_align=&#8221;left&#8221; id=&#8221;row-correlati&#8221; overlay_strength=&#8221;0.3&#8243;][vc_column column_padding=&#8221;no-extra-padding&#8221; column_padding_position=&#8221;all&#8221; background_color_opacity=&#8221;1&#8243; background_hover_color_opacity=&#8221;1&#8243; width=&#8221;1\/1&#8243; tablet_text_alignment=&#8221;default&#8221; phone_text_alignment=&#8221;default&#8221;]<div class=\"divider-wrap\"><div style=\"margin-top: 12px; width: 20%px; height: 1px; margin-bottom: 12px;\" data-width=\"20%\" data-animate=\"\" data-animation-delay=\"\" data-color=\"default\" class=\"divider-small-border\"><\/div><\/div>[vc_column_text]Articoli correlati[\/vc_column_text]\n        <div class=\"row blog-recent columns-3\" data-style=\"minimal\">\n\n            \n                <div class=\"col span_4\">\n\n                    \n                        <div class=\"post-header\">\n                                                            <figure class=\"correlati-image\" style=\"background-image: url(https:\/\/www.desivero.com\/modod\/wp-content\/uploads\/2026\/03\/1-5.jpg)\">\n                                    <a href=\"https:\/\/www.desivero.com\/modod\/condizionatore-samsung-windfree-comfort-senza-getti-d-aria\/\"><\/a>\n                                <\/figure>\n                                                            <h3 class=\"title\"><a href=\"https:\/\/www.desivero.com\/modod\/condizionatore-samsung-windfree-comfort-senza-getti-d-aria\/\">Condizionatore Samsung WindFree\u00ae: comfort senza getti d&#8217;aria<\/a><\/h3>\n                            <span class=\"meta categoria-correlati pdd\">\n                <a href=\"https:\/\/www.desivero.com\/modod\/category\/tecnologia-e-how-to\/\">Tecnologia e how to<\/a>                 <\/span>\n                        <\/div><!--\/post-header-->\n                        <p> Scopri come funziona il condizionatore Samsung WindFree\u00ae: l\u2019aria fresca si diffonde senza getti diretti.<\/p>\n                        <span>Read More <i class=\"icon-button-arrow\"><\/i><\/span>\n\n                    \n                <\/div><!--\/col-->\n\n            \n                <div class=\"col span_4\">\n\n                    \n                        <div class=\"post-header\">\n                                                            <figure class=\"correlati-image\" style=\"background-image: url(https:\/\/www.desivero.com\/modod\/wp-content\/uploads\/2026\/03\/1-3.jpg)\">\n                                    <a href=\"https:\/\/www.desivero.com\/modod\/trasformare-vasca-in-doccia\/\"><\/a>\n                                <\/figure>\n                                                            <h3 class=\"title\"><a href=\"https:\/\/www.desivero.com\/modod\/trasformare-vasca-in-doccia\/\">Come trasformare la vasca in doccia: guida completa<\/a><\/h3>\n                            <span class=\"meta categoria-correlati pdd\">\n                <a href=\"https:\/\/www.desivero.com\/modod\/category\/tecnologia-e-how-to\/\">Tecnologia e how to<\/a>                 <\/span>\n                        <\/div><!--\/post-header-->\n                        <p>Scopri come trasformare la vasca in doccia migliorando comfort, spazio e funzionalit\u00e0 del tuo bagno<\/p>\n                        <span>Read More <i class=\"icon-button-arrow\"><\/i><\/span>\n\n                    \n                <\/div><!--\/col-->\n\n            \n                <div class=\"col span_4\">\n\n                    \n                        <div class=\"post-header\">\n                                                            <figure class=\"correlati-image\" style=\"background-image: url(https:\/\/www.desivero.com\/modod\/wp-content\/uploads\/2026\/03\/1-2.jpg)\">\n                                    <a href=\"https:\/\/www.desivero.com\/modod\/luce-led-specchio-bagno-quale-scegliere\/\"><\/a>\n                                <\/figure>\n                                                            <h3 class=\"title\"><a href=\"https:\/\/www.desivero.com\/modod\/luce-led-specchio-bagno-quale-scegliere\/\">Luci LED per bagno: dove posizionarle per uno spazio luminoso<\/a><\/h3>\n                            <span class=\"meta categoria-correlati pdd\">\n                <a href=\"https:\/\/www.desivero.com\/modod\/category\/tecnologia-e-how-to\/\">Tecnologia e how to<\/a>                 <\/span>\n                        <\/div><!--\/post-header-->\n                        <p>[vc_row type=&#8221;in_container&#8221; full_screen_row_position=&#8221;middle&#8221; column_margin=&#8221;default&#8221; column_direction=&#8221;default&#8221; column_direction_tablet=&#8221;default&#8221; column_direction_phone=&#8221;default&#8221; scene_position=&#8221;center&#8221; text_color=&#8221;dark&#8221; text_align=&#8221;left&#8221; row_border_radius=&#8221;none&#8221; row_border_radius_applies=&#8221;bg&#8221; overflow=&#8221;visible&#8221; overlay_strength=&#8221;0.3&#8243; gradient_direction=&#8221;left_to_right&#8221; shape_divider_position=&#8221;bottom&#8221; bg_image_animation=&#8221;none&#8221;][vc_column column_padding=&#8221;no-extra-padding&#8221; column_padding_tablet=&#8221;inherit&#8221; column_padding_phone=&#8221;inherit&#8221; column_padding_position=&#8221;all&#8221; column_element_direction_desktop=&#8221;default&#8221; column_element_spacing=&#8221;default&#8221; desktop_text_alignment=&#8221;default&#8221; tablet_text_alignment=&#8221;default&#8221; phone_text_alignment=&#8221;default&#8221; background_color_opacity=&#8221;1&#8243; background_hover_color_opacity=&#8221;1&#8243; column_backdrop_filter=&#8221;none&#8221; column_shadow=&#8221;none&#8221;&#8230;<\/p>\n                        <span>Read More <i class=\"icon-button-arrow\"><\/i><\/span>\n\n                    \n                <\/div><!--\/col-->\n\n            \n        <\/div><!--\/blog-recent-->\n\n        [\/vc_column][\/vc_row]\n","protected":false},"excerpt":{"rendered":"<p>La tua caldaia \u00e8 andata in blocco e non sai come farla ripartire. Scopri come risolvere il blocco della caldaia e quando chiamare un tecnico.<\/p>\n","protected":false},"author":8,"featured_media":4340,"comment_status":"closed","ping_status":"closed","sticky":false,"template":"","format":"standard","meta":{"_acf_changed":false,"footnotes":""},"categories":[7,3],"tags":[],"class_list":{"0":"post-4327","1":"post","2":"type-post","3":"status-publish","4":"format-standard","5":"has-post-thumbnail","7":"category-in-evidenza","8":"category-tecnologia-e-how-to"},"acf":[],"yoast_head":"<!-- This site is optimized with the Yoast SEO plugin v27.4 - https:\/\/yoast.com\/product\/yoast-seo-wordpress\/ -->\n<title>Caldaia in blocco: cosa fare | Desivero<\/title>\n<meta name=\"description\" content=\"La tua caldaia \u00e8 andata in blocco e non sai come farla ripartire. Scopri come risolvere il blocco della caldaia e quando chiamare un tecnico.\" \/>\n<meta name=\"robots\" content=\"index, follow, max-snippet:-1, max-image-preview:large, max-video-preview:-1\" \/>\n<link rel=\"canonical\" href=\"https:\/\/www.desivero.com\/modod\/caldaia-in-blocco-cause-soluzioni\/\" \/>\n<meta property=\"og:locale\" content=\"it_IT\" \/>\n<meta property=\"og:type\" content=\"article\" \/>\n<meta property=\"og:title\" content=\"Caldaia in blocco: cosa fare | Desivero\" \/>\n<meta property=\"og:description\" content=\"La tua caldaia \u00e8 andata in blocco e non sai come farla ripartire. Scopri come risolvere il blocco della caldaia e quando chiamare un tecnico.\" \/>\n<meta property=\"og:url\" content=\"https:\/\/www.desivero.com\/modod\/caldaia-in-blocco-cause-soluzioni\/\" \/>\n<meta property=\"og:site_name\" content=\"MODO D\" \/>\n<meta property=\"article:publisher\" content=\"https:\/\/www.facebook.com\/desiveroitalia\/\" \/>\n<meta property=\"article:published_time\" content=\"2023-09-14T10:13:23+00:00\" \/>\n<meta property=\"article:modified_time\" content=\"2025-11-07T11:19:43+00:00\" \/>\n<meta property=\"og:image\" content=\"https:\/\/www.desivero.com\/modod\/wp-content\/uploads\/2019\/09\/modello-di-caldaia-baxi-acquistata-su-Desivero.jpg\" \/>\n\t<meta property=\"og:image:width\" content=\"960\" \/>\n\t<meta property=\"og:image:height\" content=\"720\" \/>\n\t<meta property=\"og:image:type\" content=\"image\/jpeg\" \/>\n<meta name=\"author\" content=\"redazionemodod\" \/>\n<meta name=\"twitter:card\" content=\"summary_large_image\" \/>\n<meta name=\"twitter:creator\" content=\"@desiveroitalia\" \/>\n<meta name=\"twitter:site\" content=\"@desiveroitalia\" \/>\n<meta name=\"twitter:label1\" content=\"Scritto da\" \/>\n\t<meta name=\"twitter:data1\" content=\"redazionemodod\" \/>\n\t<meta name=\"twitter:label2\" content=\"Tempo di lettura stimato\" \/>\n\t<meta name=\"twitter:data2\" content=\"8 minuti\" \/>\n<script type=\"application\/ld+json\" class=\"yoast-schema-graph\">{\"@context\":\"https:\\\/\\\/schema.org\",\"@graph\":[{\"@type\":\"Article\",\"@id\":\"https:\\\/\\\/www.desivero.com\\\/modod\\\/caldaia-in-blocco-cause-soluzioni\\\/#article\",\"isPartOf\":{\"@id\":\"https:\\\/\\\/www.desivero.com\\\/modod\\\/caldaia-in-blocco-cause-soluzioni\\\/\"},\"author\":{\"name\":\"redazionemodod\",\"@id\":\"https:\\\/\\\/www.desivero.com\\\/modod\\\/#\\\/schema\\\/person\\\/df159e918cb35b83b9ccf2ef95218751\"},\"headline\":\"Caldaia in blocco? Cause e soluzioni\",\"datePublished\":\"2023-09-14T10:13:23+00:00\",\"dateModified\":\"2025-11-07T11:19:43+00:00\",\"mainEntityOfPage\":{\"@id\":\"https:\\\/\\\/www.desivero.com\\\/modod\\\/caldaia-in-blocco-cause-soluzioni\\\/\"},\"wordCount\":1414,\"publisher\":{\"@id\":\"https:\\\/\\\/www.desivero.com\\\/modod\\\/#organization\"},\"image\":{\"@id\":\"https:\\\/\\\/www.desivero.com\\\/modod\\\/caldaia-in-blocco-cause-soluzioni\\\/#primaryimage\"},\"thumbnailUrl\":\"https:\\\/\\\/www.desivero.com\\\/modod\\\/wp-content\\\/uploads\\\/2019\\\/09\\\/modello-di-caldaia-baxi-acquistata-su-Desivero.jpg\",\"articleSection\":[\"In evidenza\",\"Tecnologia e how to\"],\"inLanguage\":\"it-IT\"},{\"@type\":\"ImageObject\",\"inLanguage\":\"it-IT\",\"@id\":\"https:\\\/\\\/www.desivero.com\\\/modod\\\/caldaia-in-blocco-cause-soluzioni\\\/#primaryimage\",\"url\":\"https:\\\/\\\/www.desivero.com\\\/modod\\\/wp-content\\\/uploads\\\/2019\\\/09\\\/modello-di-caldaia-baxi-acquistata-su-Desivero.jpg\",\"contentUrl\":\"https:\\\/\\\/www.desivero.com\\\/modod\\\/wp-content\\\/uploads\\\/2019\\\/09\\\/modello-di-caldaia-baxi-acquistata-su-Desivero.jpg\",\"width\":960,\"height\":720,\"caption\":\"modello di caldaia baxi acquistata su Desivero\"},{\"@type\":\"BreadcrumbList\",\"@id\":\"https:\\\/\\\/www.desivero.com\\\/modod\\\/caldaia-in-blocco-cause-soluzioni\\\/#breadcrumb\",\"itemListElement\":[{\"@type\":\"ListItem\",\"position\":1,\"name\":\"Home\",\"item\":\"https:\\\/\\\/www.desivero.com\\\/modod\\\/\"},{\"@type\":\"ListItem\",\"position\":2,\"name\":\"Tecnologia e how to\",\"item\":\"https:\\\/\\\/www.desivero.com\\\/modod\\\/category\\\/tecnologia-e-how-to\\\/\"},{\"@type\":\"ListItem\",\"position\":3,\"name\":\"Caldaia in blocco? Cause e soluzioni\"}]},{\"@type\":\"WebSite\",\"@id\":\"https:\\\/\\\/www.desivero.com\\\/modod\\\/#website\",\"url\":\"https:\\\/\\\/www.desivero.com\\\/modod\\\/\",\"name\":\"MODO D\",\"description\":\"\",\"publisher\":{\"@id\":\"https:\\\/\\\/www.desivero.com\\\/modod\\\/#organization\"},\"potentialAction\":[{\"@type\":\"SearchAction\",\"target\":{\"@type\":\"EntryPoint\",\"urlTemplate\":\"https:\\\/\\\/www.desivero.com\\\/modod\\\/?s={search_term_string}\"},\"query-input\":{\"@type\":\"PropertyValueSpecification\",\"valueRequired\":true,\"valueName\":\"search_term_string\"}}],\"inLanguage\":\"it-IT\"},{\"@type\":\"Organization\",\"@id\":\"https:\\\/\\\/www.desivero.com\\\/modod\\\/#organization\",\"name\":\"MODO D\",\"url\":\"https:\\\/\\\/www.desivero.com\\\/modod\\\/\",\"logo\":{\"@type\":\"ImageObject\",\"inLanguage\":\"it-IT\",\"@id\":\"https:\\\/\\\/www.desivero.com\\\/modod\\\/#\\\/schema\\\/logo\\\/image\\\/\",\"url\":\"https:\\\/\\\/www.desivero.com\\\/modod\\\/wp-content\\\/uploads\\\/2017\\\/06\\\/EXE_Modod_RGB-1.png\",\"contentUrl\":\"https:\\\/\\\/www.desivero.com\\\/modod\\\/wp-content\\\/uploads\\\/2017\\\/06\\\/EXE_Modod_RGB-1.png\",\"width\":1753,\"height\":503,\"caption\":\"MODO D\"},\"image\":{\"@id\":\"https:\\\/\\\/www.desivero.com\\\/modod\\\/#\\\/schema\\\/logo\\\/image\\\/\"},\"sameAs\":[\"https:\\\/\\\/www.facebook.com\\\/desiveroitalia\\\/\",\"https:\\\/\\\/x.com\\\/desiveroitalia\"]},{\"@type\":\"Person\",\"@id\":\"https:\\\/\\\/www.desivero.com\\\/modod\\\/#\\\/schema\\\/person\\\/df159e918cb35b83b9ccf2ef95218751\",\"name\":\"redazionemodod\",\"image\":{\"@type\":\"ImageObject\",\"inLanguage\":\"it-IT\",\"@id\":\"https:\\\/\\\/secure.gravatar.com\\\/avatar\\\/f4dee7a055e3b2abd6dc36d91366b760ad4c30f156b3b8add06a79d9e2a3b657?s=96&d=mm&r=g\",\"url\":\"https:\\\/\\\/secure.gravatar.com\\\/avatar\\\/f4dee7a055e3b2abd6dc36d91366b760ad4c30f156b3b8add06a79d9e2a3b657?s=96&d=mm&r=g\",\"contentUrl\":\"https:\\\/\\\/secure.gravatar.com\\\/avatar\\\/f4dee7a055e3b2abd6dc36d91366b760ad4c30f156b3b8add06a79d9e2a3b657?s=96&d=mm&r=g\",\"caption\":\"redazionemodod\"}}]}<\/script>\n<!-- \/ Yoast SEO plugin. -->","yoast_head_json":{"title":"Caldaia in blocco: cosa fare | Desivero","description":"La tua caldaia \u00e8 andata in blocco e non sai come farla ripartire. Scopri come risolvere il blocco della caldaia e quando chiamare un tecnico.","robots":{"index":"index","follow":"follow","max-snippet":"max-snippet:-1","max-image-preview":"max-image-preview:large","max-video-preview":"max-video-preview:-1"},"canonical":"https:\/\/www.desivero.com\/modod\/caldaia-in-blocco-cause-soluzioni\/","og_locale":"it_IT","og_type":"article","og_title":"Caldaia in blocco: cosa fare | Desivero","og_description":"La tua caldaia \u00e8 andata in blocco e non sai come farla ripartire. Scopri come risolvere il blocco della caldaia e quando chiamare un tecnico.","og_url":"https:\/\/www.desivero.com\/modod\/caldaia-in-blocco-cause-soluzioni\/","og_site_name":"MODO D","article_publisher":"https:\/\/www.facebook.com\/desiveroitalia\/","article_published_time":"2023-09-14T10:13:23+00:00","article_modified_time":"2025-11-07T11:19:43+00:00","og_image":[{"width":960,"height":720,"url":"https:\/\/www.desivero.com\/modod\/wp-content\/uploads\/2019\/09\/modello-di-caldaia-baxi-acquistata-su-Desivero.jpg","type":"image\/jpeg"}],"author":"redazionemodod","twitter_card":"summary_large_image","twitter_creator":"@desiveroitalia","twitter_site":"@desiveroitalia","twitter_misc":{"Scritto da":"redazionemodod","Tempo di lettura stimato":"8 minuti"},"schema":{"@context":"https:\/\/schema.org","@graph":[{"@type":"Article","@id":"https:\/\/www.desivero.com\/modod\/caldaia-in-blocco-cause-soluzioni\/#article","isPartOf":{"@id":"https:\/\/www.desivero.com\/modod\/caldaia-in-blocco-cause-soluzioni\/"},"author":{"name":"redazionemodod","@id":"https:\/\/www.desivero.com\/modod\/#\/schema\/person\/df159e918cb35b83b9ccf2ef95218751"},"headline":"Caldaia in blocco? Cause e soluzioni","datePublished":"2023-09-14T10:13:23+00:00","dateModified":"2025-11-07T11:19:43+00:00","mainEntityOfPage":{"@id":"https:\/\/www.desivero.com\/modod\/caldaia-in-blocco-cause-soluzioni\/"},"wordCount":1414,"publisher":{"@id":"https:\/\/www.desivero.com\/modod\/#organization"},"image":{"@id":"https:\/\/www.desivero.com\/modod\/caldaia-in-blocco-cause-soluzioni\/#primaryimage"},"thumbnailUrl":"https:\/\/www.desivero.com\/modod\/wp-content\/uploads\/2019\/09\/modello-di-caldaia-baxi-acquistata-su-Desivero.jpg","articleSection":["In evidenza","Tecnologia e how to"],"inLanguage":"it-IT"},{"@type":"ImageObject","inLanguage":"it-IT","@id":"https:\/\/www.desivero.com\/modod\/caldaia-in-blocco-cause-soluzioni\/#primaryimage","url":"https:\/\/www.desivero.com\/modod\/wp-content\/uploads\/2019\/09\/modello-di-caldaia-baxi-acquistata-su-Desivero.jpg","contentUrl":"https:\/\/www.desivero.com\/modod\/wp-content\/uploads\/2019\/09\/modello-di-caldaia-baxi-acquistata-su-Desivero.jpg","width":960,"height":720,"caption":"modello di caldaia baxi acquistata su Desivero"},{"@type":"BreadcrumbList","@id":"https:\/\/www.desivero.com\/modod\/caldaia-in-blocco-cause-soluzioni\/#breadcrumb","itemListElement":[{"@type":"ListItem","position":1,"name":"Home","item":"https:\/\/www.desivero.com\/modod\/"},{"@type":"ListItem","position":2,"name":"Tecnologia e how to","item":"https:\/\/www.desivero.com\/modod\/category\/tecnologia-e-how-to\/"},{"@type":"ListItem","position":3,"name":"Caldaia in blocco? Cause e soluzioni"}]},{"@type":"WebSite","@id":"https:\/\/www.desivero.com\/modod\/#website","url":"https:\/\/www.desivero.com\/modod\/","name":"MODO D","description":"","publisher":{"@id":"https:\/\/www.desivero.com\/modod\/#organization"},"potentialAction":[{"@type":"SearchAction","target":{"@type":"EntryPoint","urlTemplate":"https:\/\/www.desivero.com\/modod\/?s={search_term_string}"},"query-input":{"@type":"PropertyValueSpecification","valueRequired":true,"valueName":"search_term_string"}}],"inLanguage":"it-IT"},{"@type":"Organization","@id":"https:\/\/www.desivero.com\/modod\/#organization","name":"MODO D","url":"https:\/\/www.desivero.com\/modod\/","logo":{"@type":"ImageObject","inLanguage":"it-IT","@id":"https:\/\/www.desivero.com\/modod\/#\/schema\/logo\/image\/","url":"https:\/\/www.desivero.com\/modod\/wp-content\/uploads\/2017\/06\/EXE_Modod_RGB-1.png","contentUrl":"https:\/\/www.desivero.com\/modod\/wp-content\/uploads\/2017\/06\/EXE_Modod_RGB-1.png","width":1753,"height":503,"caption":"MODO D"},"image":{"@id":"https:\/\/www.desivero.com\/modod\/#\/schema\/logo\/image\/"},"sameAs":["https:\/\/www.facebook.com\/desiveroitalia\/","https:\/\/x.com\/desiveroitalia"]},{"@type":"Person","@id":"https:\/\/www.desivero.com\/modod\/#\/schema\/person\/df159e918cb35b83b9ccf2ef95218751","name":"redazionemodod","image":{"@type":"ImageObject","inLanguage":"it-IT","@id":"https:\/\/secure.gravatar.com\/avatar\/f4dee7a055e3b2abd6dc36d91366b760ad4c30f156b3b8add06a79d9e2a3b657?s=96&d=mm&r=g","url":"https:\/\/secure.gravatar.com\/avatar\/f4dee7a055e3b2abd6dc36d91366b760ad4c30f156b3b8add06a79d9e2a3b657?s=96&d=mm&r=g","contentUrl":"https:\/\/secure.gravatar.com\/avatar\/f4dee7a055e3b2abd6dc36d91366b760ad4c30f156b3b8add06a79d9e2a3b657?s=96&d=mm&r=g","caption":"redazionemodod"}}]}},"_links":{"self":[{"href":"https:\/\/www.desivero.com\/modod\/wp-json\/wp\/v2\/posts\/4327","targetHints":{"allow":["GET"]}}],"collection":[{"href":"https:\/\/www.desivero.com\/modod\/wp-json\/wp\/v2\/posts"}],"about":[{"href":"https:\/\/www.desivero.com\/modod\/wp-json\/wp\/v2\/types\/post"}],"author":[{"embeddable":true,"href":"https:\/\/www.desivero.com\/modod\/wp-json\/wp\/v2\/users\/8"}],"replies":[{"embeddable":true,"href":"https:\/\/www.desivero.com\/modod\/wp-json\/wp\/v2\/comments?post=4327"}],"version-history":[{"count":18,"href":"https:\/\/www.desivero.com\/modod\/wp-json\/wp\/v2\/posts\/4327\/revisions"}],"predecessor-version":[{"id":8388,"href":"https:\/\/www.desivero.com\/modod\/wp-json\/wp\/v2\/posts\/4327\/revisions\/8388"}],"wp:featuredmedia":[{"embeddable":true,"href":"https:\/\/www.desivero.com\/modod\/wp-json\/wp\/v2\/media\/4340"}],"wp:attachment":[{"href":"https:\/\/www.desivero.com\/modod\/wp-json\/wp\/v2\/media?parent=4327"}],"wp:term":[{"taxonomy":"category","embeddable":true,"href":"https:\/\/www.desivero.com\/modod\/wp-json\/wp\/v2\/categories?post=4327"},{"taxonomy":"post_tag","embeddable":true,"href":"https:\/\/www.desivero.com\/modod\/wp-json\/wp\/v2\/tags?post=4327"}],"curies":[{"name":"wp","href":"https:\/\/api.w.org\/{rel}","templated":true}]}}