{"id":384,"date":"2016-10-07T17:21:26","date_gmt":"2016-10-07T15:21:26","guid":{"rendered":"https:\/\/www.desivero.com\/modod\/?p=384"},"modified":"2023-12-05T16:00:12","modified_gmt":"2023-12-05T15:00:12","slug":"luce-dei-miei-occhi","status":"publish","type":"post","link":"https:\/\/www.desivero.com\/modod\/luce-dei-miei-occhi\/","title":{"rendered":"Luce dei miei occhi"},"content":{"rendered":"[vc_row type=&#8221;in_container&#8221; full_screen_row_position=&#8221;middle&#8221; scene_position=&#8221;center&#8221; text_color=&#8221;dark&#8221; text_align=&#8221;left&#8221; overlay_strength=&#8221;0.3&#8243;][vc_column column_padding=&#8221;no-extra-padding&#8221; column_padding_position=&#8221;all&#8221; background_color_opacity=&#8221;1&#8243; background_hover_color_opacity=&#8221;1&#8243; width=&#8221;1\/1&#8243; tablet_text_alignment=&#8221;default&#8221; phone_text_alignment=&#8221;default&#8221;][vc_column_text]\n<h2>Ormai \u00e8 risaputo, la luce influisce sul nostro benessere quotidiano.<\/h2>\n<h3>Una delle stanze della casa in cui entriamo per prima al mattino e che lasciamo per ultima la sera \u00e8 proprio il bagno: uno dei luoghi che ci accoglie sia quando siamo pieni di energia e pronti ad affrontare la giornata, sia quando siamo stanchi e bisognosi di relax e tranquillit\u00e0.<\/h3>\n<div class=\"divider-wrap\"><div style=\"margin-top: 12px; width: 20%px; height: 1px; margin-bottom: 12px;\" data-width=\"20%\" data-animate=\"\" data-animation-delay=\"\" data-color=\"default\" class=\"divider-small-border\"><\/div><\/div>\n<p><strong>Scegliere la giusta illuminazione: come fare?&nbsp;<\/strong><\/p>\n<p>\u00abLa prima cosa da fare quando si fa lighting design soprattutto per un ambiente cos\u00ec delicato come il bagno, \u00e8 valutare la presenza o meno della luce naturale\u00bb sottolinea l\u2019Architetto \u00abperch\u00e9 \u00e8 l\u2019elemento da cui partire e sul quale lavorare per aggiungere progressivamente le altre sorgenti luminose\u00bb.<\/p>\n<p>La scelta ideale delle fonti e dell\u2019intensit\u00e0 della luce \u00e8 fondamentale in uno spazio che \u00e8 soprattutto funzionale: il consiglio dunque \u00e8 quello di \u00ab<strong>progettare l\u2019illuminazione in base al proprio modo di vivere l\u2019ambiente e alle proprie abitudini<\/strong>\u00bb.[\/vc_column_text][\/vc_column][\/vc_row][vc_row type=&#8221;in_container&#8221; full_screen_row_position=&#8221;middle&#8221; scene_position=&#8221;center&#8221; text_color=&#8221;dark&#8221; text_align=&#8221;left&#8221; overlay_strength=&#8221;0.3&#8243;][vc_column column_padding=&#8221;padding-2-percent&#8221; column_padding_position=&#8221;right&#8221; background_color_opacity=&#8221;1&#8243; background_hover_color_opacity=&#8221;1&#8243; el_class=&#8221;col-tab&#8221; width=&#8221;2\/3&#8243; tablet_text_alignment=&#8221;default&#8221; phone_text_alignment=&#8221;default&#8221;]<div class=\"iwithtext\"><div class=\"iwt-icon\"> <img decoding=\"async\" src=\"https:\/\/www.desivero.com\/modod\/wp-content\/uploads\/2016\/09\/1.png\" alt=\"\" \/> <\/div><div class=\"iwt-text\"> Un buon risveglio <\/div><div class=\"clear\"><\/div><\/div>[vc_column_text]Sin dalle prime luci del mattino, in bagno svolgiamo quotidianamente attivit\u00e0 che richiedono una gran dose di precisione e attenzione. In questo caso tutto si svolge intorno ad un unico protagonista, <a href=\"https:\/\/www.desivero.com\/shop\/accessori-bagno\/accessori-e-mobili-bagno\/lampade-e-specchi-da-bagno\" target=\"_blank\" rel=\"noopener\">lo specchio del bagno<\/a>: non a caso alcuni modelli di nuova generazione dispongono di una <strong>sorgente luminosa integrata <\/strong>che garantisce un effetto luce pi\u00f9 o meno efficace. Se non vi interessano questi nuovi approcci, l&#8217;ideale \u00e8 avere <strong>due punti luce ai lati dello specchio oppure uno centrale frontale<\/strong> in aggiunta alla fonte luminosa dall&#8217;alto. Il segreto \u00e8 prendere spunto dalla natura che si comporta come una sinfonia armonica di elementi. La luce naturale \u00e8 composta infatti da una fonte diretta (il sole), che crea le ombre e d\u00e0 tridimensionalit\u00e0, pi\u00f9 una componente diffusa (il cielo) che ammorbidisce i contrasti troppo forti e rende l\u2019ambiente piacevole e ben illuminato.[\/vc_column_text][\/vc_column][vc_column column_padding=&#8221;no-extra-padding&#8221; column_padding_position=&#8221;all&#8221; background_color_opacity=&#8221;1&#8243; background_hover_color_opacity=&#8221;1&#8243; el_class=&#8221;col-img&#8221; width=&#8221;1\/3&#8243; tablet_text_alignment=&#8221;default&#8221; phone_text_alignment=&#8221;default&#8221;]<div class=\"img-with-aniamtion-wrap \" data-max-width=\"100%\"><div class=\"inner\"><img decoding=\"async\" data-shadow=\"none\" data-shadow-direction=\"middle\" class=\"img-with-animation \" data-delay=\"0\" height=\"100%\" width=\"100%\" data-animation=\"fade-in\" src=\"https:\/\/www.desivero.com\/modod\/wp-content\/uploads\/2016\/10\/LuceDeiMieiOcchi_1.jpg\" alt=\"\" \/><\/div><\/div>[\/vc_column][\/vc_row][vc_row type=&#8221;in_container&#8221; full_screen_row_position=&#8221;middle&#8221; scene_position=&#8221;center&#8221; text_color=&#8221;dark&#8221; text_align=&#8221;left&#8221; overlay_strength=&#8221;0.3&#8243;][vc_column column_padding=&#8221;no-extra-padding&#8221; column_padding_position=&#8221;all&#8221; background_color_opacity=&#8221;1&#8243; background_hover_color_opacity=&#8221;1&#8243; el_class=&#8221;col-img&#8221; width=&#8221;1\/3&#8243; tablet_text_alignment=&#8221;default&#8221; phone_text_alignment=&#8221;default&#8221;]<div class=\"img-with-aniamtion-wrap \" data-max-width=\"100%\"><div class=\"inner\"><img decoding=\"async\" data-shadow=\"none\" data-shadow-direction=\"middle\" class=\"img-with-animation \" data-delay=\"0\" height=\"100%\" width=\"100%\" data-animation=\"fade-in\" src=\"https:\/\/www.desivero.com\/modod\/wp-content\/uploads\/2016\/10\/LuceDeiMieiOcchi_2-1.jpg\" alt=\"\" \/><\/div><\/div>[\/vc_column][vc_column column_padding=&#8221;padding-2-percent&#8221; column_padding_position=&#8221;left&#8221; background_color_opacity=&#8221;1&#8243; background_hover_color_opacity=&#8221;1&#8243; el_class=&#8221;col-tab&#8221; width=&#8221;2\/3&#8243; tablet_text_alignment=&#8221;default&#8221; phone_text_alignment=&#8221;default&#8221;]<div class=\"iwithtext\"><div class=\"iwt-icon\"> <img decoding=\"async\" src=\"https:\/\/www.desivero.com\/modod\/wp-content\/uploads\/2016\/09\/2.png\" alt=\"\" \/> <\/div><div class=\"iwt-text\"> Prima di andare a dormire <\/div><div class=\"clear\"><\/div><\/div>[vc_column_text]Anche il rituale della buona notte ha come protagonista lo specchio. Un elemento per\u00f2 manca: la luce naturale. Per questo \u00e8 necessario ricreare il pi\u00f9 possibile un\u2019illuminazione diffusa. \u00abLe possibilit\u00e0 sono molte: lampade a sospensione, applique o da incasso\u2026 qualunque stile si scelga <strong>le attivit\u00e0 di demaquillage serale ad esempio, richiedono di vederci chiaramente<\/strong>\u00bb spiega l\u2019Architetto \u00abma attenzione, le luci di bassa intensit\u00e0 e diffuse devono essere calde perch\u00e9 richiamano il tramonto e rilassano, mentre quelle dirette e concentrate devono essere pi\u00f9 brillanti e chiare perch\u00e9 richiamano il sole del pieno giorno. Un tips al volo? <strong>Diversificate le fonti di luce scegliendo una <a href=\"https:\/\/www.desivero.com\/shop\/accessori-bagno\/accessori-e-mobili-bagno\/lampade-e-specchi-da-bagno\" target=\"_blank\" rel=\"noopener\">lampada per il bagno<\/a> a sospensione o una piantana divertente<\/strong> per una luce diffusa e morbida e aggiungete dei faretti o dei punti luminosi concentrati e brillanti per una luce d\u2019accento, vicino allo specchio.[\/vc_column_text][\/vc_column][\/vc_row][vc_row type=&#8221;in_container&#8221; full_screen_row_position=&#8221;middle&#8221; scene_position=&#8221;center&#8221; text_color=&#8221;dark&#8221; text_align=&#8221;left&#8221; overlay_strength=&#8221;0.3&#8243;][vc_column column_padding=&#8221;padding-2-percent&#8221; column_padding_position=&#8221;right&#8221; background_color_opacity=&#8221;1&#8243; background_hover_color_opacity=&#8221;1&#8243; el_class=&#8221;col-tab&#8221; width=&#8221;2\/3&#8243; tablet_text_alignment=&#8221;default&#8221; phone_text_alignment=&#8221;default&#8221;]<div class=\"iwithtext\"><div class=\"iwt-icon\"> <img decoding=\"async\" src=\"https:\/\/www.desivero.com\/modod\/wp-content\/uploads\/2016\/09\/3.png\" alt=\"\" \/> <\/div><div class=\"iwt-text\"> Un momento di relax <\/div><div class=\"clear\"><\/div><\/div>[vc_column_text]Finalmente \u00e8 arrivato, \u00e8 il famoso momento solo per voi. Quando riuscite a concedervelo, sia che disponiate di una vasca normale sia di un vero e proprio bagno turco, l\u2019essenziale \u00e8 immergervi in una <strong>luce tenue e soft <\/strong>o in una <strong>luce colorata e rilassante per la cromoterapia<\/strong>. Per scegliere l\u2019intensit\u00e0 luminosa adatta a voi i regolatori di flusso, comunemente chiamati <strong>dimmer<\/strong>, sono perfetti. Soprattutto in bagno le <strong>lampade a Led sono l\u2019ideale<\/strong>, perch\u00e9 offrono la possibilit\u00e0 di selezionare la tonalit\u00e0 di bianco (calda o brillante), regolarne l\u2019intensit\u00e0 o giocare con il colore. Per capire come scegliere la tonalit\u00e0 di bianco basta guardare la Temperatura di Colore della luce indicata in genere sulla confezione, in gradi Kelvin. Una luce calda va dai 2.400 ai 3.000K, mentre una luce brillante e fredda va dai 4.200 ai 6.000K. Attenzione alle luci da incasso montate vicino a vasche da bagno o docce: richiedono <strong>un grado di protezione IPX4<\/strong> che protegge il sistema elettrico dagli schizzi d\u2019acqua evitando guai.[\/vc_column_text][\/vc_column][vc_column column_padding=&#8221;no-extra-padding&#8221; column_padding_position=&#8221;all&#8221; background_color_opacity=&#8221;1&#8243; background_hover_color_opacity=&#8221;1&#8243; el_class=&#8221;col-img&#8221; width=&#8221;1\/3&#8243; tablet_text_alignment=&#8221;default&#8221; phone_text_alignment=&#8221;default&#8221;]<div class=\"img-with-aniamtion-wrap \" data-max-width=\"100%\"><div class=\"inner\"><img decoding=\"async\" data-shadow=\"none\" data-shadow-direction=\"middle\" class=\"img-with-animation \" data-delay=\"0\" height=\"100%\" width=\"100%\" data-animation=\"fade-in\" src=\"https:\/\/www.desivero.com\/modod\/wp-content\/uploads\/2016\/10\/LuceDeiMieiOcchi_3.jpg\" alt=\"\" \/><\/div><\/div>[\/vc_column][\/vc_row][vc_row type=&#8221;in_container&#8221; full_screen_row_position=&#8221;middle&#8221; scene_position=&#8221;center&#8221; text_color=&#8221;dark&#8221; text_align=&#8221;left&#8221; overlay_strength=&#8221;0.3&#8243;][vc_column column_padding=&#8221;no-extra-padding&#8221; column_padding_position=&#8221;all&#8221; background_color_opacity=&#8221;1&#8243; background_hover_color_opacity=&#8221;1&#8243; el_class=&#8221;col-img&#8221; width=&#8221;1\/3&#8243; tablet_text_alignment=&#8221;default&#8221; phone_text_alignment=&#8221;default&#8221;]<div class=\"img-with-aniamtion-wrap \" data-max-width=\"100%\"><div class=\"inner\"><img decoding=\"async\" data-shadow=\"none\" data-shadow-direction=\"middle\" class=\"img-with-animation \" data-delay=\"0\" height=\"100%\" width=\"100%\" data-animation=\"fade-in\" src=\"https:\/\/www.desivero.com\/modod\/wp-content\/uploads\/2016\/10\/LuceDeiMieiOcchi_4.jpg\" alt=\"\" \/><\/div><\/div>[\/vc_column][vc_column column_padding=&#8221;padding-2-percent&#8221; column_padding_position=&#8221;left&#8221; background_color_opacity=&#8221;1&#8243; background_hover_color_opacity=&#8221;1&#8243; el_class=&#8221;col-tab&#8221; width=&#8221;2\/3&#8243; tablet_text_alignment=&#8221;default&#8221; phone_text_alignment=&#8221;default&#8221;]<div class=\"iwithtext\"><div class=\"iwt-icon\"> <img decoding=\"async\" src=\"https:\/\/www.desivero.com\/modod\/wp-content\/uploads\/2016\/09\/4.png\" alt=\"\" \/> <\/div><div class=\"iwt-text\"> Per chi vuole osare <\/div><div class=\"clear\"><\/div><\/div>[vc_column_text]Una delle ultime tendenze? <strong>Illuminare il bagno con la luce dei sanitari!<\/strong> Vasche, lavandini e piatti doccia in resina trasparente con rubinetti integrati a Led che, in alcuni casi, consentono anche la variazione del colore e quindi una <strong>vera e propria cromoterapia.<\/strong> So chic!<br \/>\nDiciamocelo, <strong>non esiste una formula perfetta<\/strong>. \u00ab<strong>La luce in bagno va pensata pi\u00f9 come una melodia<\/strong>, composta da tanti strumenti diversi, ognuno necessario a creare la giusta atmosfera e da far \u201csuonare\u201d nel momento adeguato, usando colori e intensit\u00e0 differenti\u00bb. Quindi no alla scelta di un\u2019unica fonte luminosa e <strong>s\u00ec a fonti di illuminazione multiple<\/strong>: questo vi consentir\u00e0 di modulare le varie sorgenti per creare ogni volta la luce ideale al momento giusto.[\/vc_column_text][\/vc_column][\/vc_row][vc_row type=&#8221;in_container&#8221; full_screen_row_position=&#8221;middle&#8221; scene_position=&#8221;center&#8221; text_color=&#8221;dark&#8221; text_align=&#8221;left&#8221; overlay_strength=&#8221;0.3&#8243;][vc_column column_padding=&#8221;no-extra-padding&#8221; column_padding_position=&#8221;all&#8221; background_color_opacity=&#8221;1&#8243; background_hover_color_opacity=&#8221;1&#8243; width=&#8221;1\/1&#8243; tablet_text_alignment=&#8221;default&#8221; phone_text_alignment=&#8221;default&#8221;][nectar_btn size=&#8221;medium&#8221; open_new_tab=&#8221;true&#8221; button_style=&#8221;regular&#8221; button_color_2=&#8221;Accent-Color&#8221; icon_family=&#8221;fontawesome&#8221; text=&#8221;VUOI STUDIARE LA GIUSTA ILLUMINAZIONE IN BAGNO?&#8221; margin_top=&#8221;20px&#8221; icon_fontawesome=&#8221;fa fa-angle-right&#8221; url=&#8221;https:\/\/www.desivero.com\/progettazione-bagno&#8221;][\/vc_column][\/vc_row][vc_row type=&#8221;in_container&#8221; full_screen_row_position=&#8221;middle&#8221; scene_position=&#8221;center&#8221; text_color=&#8221;dark&#8221; text_align=&#8221;left&#8221; overlay_strength=&#8221;0.3&#8243;][vc_column column_padding=&#8221;no-extra-padding&#8221; column_padding_position=&#8221;all&#8221; background_color_opacity=&#8221;1&#8243; background_hover_color_opacity=&#8221;1&#8243; width=&#8221;1\/1&#8243; tablet_text_alignment=&#8221;default&#8221; phone_text_alignment=&#8221;default&#8221;][vc_column_text]<div class=\"divider-wrap\"><div style=\"margin-top: 12px; width: 20%px; height: 1px; margin-bottom: 12px;\" data-width=\"20%\" data-animate=\"\" data-animation-delay=\"\" data-color=\"default\" class=\"divider-small-border\"><\/div><\/div>[\/vc_column_text][\/vc_column][\/vc_row][vc_row type=&#8221;in_container&#8221; full_screen_row_position=&#8221;middle&#8221; scene_position=&#8221;center&#8221; text_color=&#8221;dark&#8221; text_align=&#8221;left&#8221; id=&#8221;row-correlati&#8221; overlay_strength=&#8221;0.3&#8243;][vc_column column_padding=&#8221;no-extra-padding&#8221; column_padding_position=&#8221;all&#8221; background_color_opacity=&#8221;1&#8243; background_hover_color_opacity=&#8221;1&#8243; width=&#8221;1\/1&#8243; tablet_text_alignment=&#8221;default&#8221; phone_text_alignment=&#8221;default&#8221;][vc_column_text el_class=&#8221;title-correlati&#8221;]Articoli correlati[\/vc_column_text]\n        <div class=\"row blog-recent columns-2\" data-style=\"minimal\">\n\n            \n                <div class=\"col span_6\">\n\n                    \n                        <div class=\"post-header\">\n                                                            <figure class=\"correlati-image\" style=\"background-image: url(https:\/\/www.desivero.com\/modod\/wp-content\/uploads\/2022\/05\/CAM_03_MITSUBISHI_1.jpg)\">\n                                    <a href=\"https:\/\/www.desivero.com\/modod\/classifica-migliori-condizionatori-2026\/\"><\/a>\n                                <\/figure>\n                                                            <h3 class=\"title\"><a href=\"https:\/\/www.desivero.com\/modod\/classifica-migliori-condizionatori-2026\/\">La classifica dei migliori condizionatori del 2026<\/a><\/h3>\n                            <span class=\"meta categoria-correlati pdd\">\n                <a href=\"https:\/\/www.desivero.com\/modod\/category\/tecnologia-e-how-to\/\">Tecnologia e how to<\/a>                 <\/span>\n                        <\/div><!--\/post-header-->\n                        <p>Ecco la classifica 2026 dei migliori condizionatori che puoi trovare da Desivero. Dai portatili ai multi split, devi solo scegliere quello che fa per te!<\/p>\n                        <span>Read More <i class=\"icon-button-arrow\"><\/i><\/span>\n\n                    \n                <\/div><!--\/col-->\n\n            \n                <div class=\"col span_6\">\n\n                    \n                        <div class=\"post-header\">\n                                                            <figure class=\"correlati-image\" style=\"background-image: url(https:\/\/www.desivero.com\/modod\/wp-content\/uploads\/2026\/04\/1-3.jpg)\">\n                                    <a href=\"https:\/\/www.desivero.com\/modod\/consumi-climatizzatori-fissi-guida-ai-costi\/\"><\/a>\n                                <\/figure>\n                                                            <h3 class=\"title\"><a href=\"https:\/\/www.desivero.com\/modod\/consumi-climatizzatori-fissi-guida-ai-costi\/\">Consumi climatizzatori fissi: guida ai costi<\/a><\/h3>\n                            <span class=\"meta categoria-correlati pdd\">\n                <a href=\"https:\/\/www.desivero.com\/modod\/category\/tecnologia-e-how-to\/\">Tecnologia e how to<\/a>                 <\/span>\n                        <\/div><!--\/post-header-->\n                        <p>[vc_row type=&#8221;in_container&#8221; full_screen_row_position=&#8221;middle&#8221; column_margin=&#8221;default&#8221; column_direction=&#8221;default&#8221; column_direction_tablet=&#8221;default&#8221; column_direction_phone=&#8221;default&#8221; scene_position=&#8221;center&#8221; text_color=&#8221;dark&#8221; text_align=&#8221;left&#8221; row_border_radius=&#8221;none&#8221; row_border_radius_applies=&#8221;bg&#8221; overflow=&#8221;visible&#8221; overlay_strength=&#8221;0.3&#8243; gradient_direction=&#8221;left_to_right&#8221; shape_divider_position=&#8221;bottom&#8221; bg_image_animation=&#8221;none&#8221;][vc_column column_padding=&#8221;no-extra-padding&#8221; column_padding_tablet=&#8221;inherit&#8221; column_padding_phone=&#8221;inherit&#8221; column_padding_position=&#8221;all&#8221; column_element_direction_desktop=&#8221;default&#8221; column_element_spacing=&#8221;default&#8221; desktop_text_alignment=&#8221;default&#8221; tablet_text_alignment=&#8221;default&#8221; phone_text_alignment=&#8221;default&#8221; background_color_opacity=&#8221;1&#8243; background_hover_color_opacity=&#8221;1&#8243; column_backdrop_filter=&#8221;none&#8221; column_shadow=&#8221;none&#8221;&#8230;<\/p>\n                        <span>Read More <i class=\"icon-button-arrow\"><\/i><\/span>\n\n                    \n                <\/div><!--\/col-->\n\n            \n        <\/div><!--\/blog-recent-->\n\n        [\/vc_column][\/vc_row]\n","protected":false},"excerpt":{"rendered":"<p>COME STUDIARE LA GIUSTA ILLUMINAZIONE IN BAGNO? IL NOSTRO ARCHITETTO RISPONDE<\/p>\n","protected":false},"author":8,"featured_media":7671,"comment_status":"closed","ping_status":"closed","sticky":false,"template":"","format":"standard","meta":{"_acf_changed":false,"footnotes":""},"categories":[3],"tags":[],"class_list":{"0":"post-384","1":"post","2":"type-post","3":"status-publish","4":"format-standard","5":"has-post-thumbnail","7":"category-tecnologia-e-how-to"},"acf":[],"yoast_head":"<!-- This site is optimized with the Yoast SEO plugin v27.5 - https:\/\/yoast.com\/product\/yoast-seo-wordpress\/ -->\n<title>Luce dei miei occhi | MODO D<\/title>\n<meta name=\"description\" content=\"Luce dei miei occhi | COME STUDIARE LA GIUSTA ILLUMINAZIONE IN BAGNO? IL NOSTRO ARCHITETTO RISPONDE | MODO D\" \/>\n<meta name=\"robots\" content=\"index, follow, max-snippet:-1, max-image-preview:large, max-video-preview:-1\" \/>\n<link rel=\"canonical\" href=\"https:\/\/www.desivero.com\/modod\/luce-dei-miei-occhi\/\" \/>\n<meta property=\"og:locale\" content=\"it_IT\" \/>\n<meta property=\"og:type\" content=\"article\" \/>\n<meta property=\"og:title\" content=\"Luce dei miei occhi | MODO D\" \/>\n<meta property=\"og:description\" content=\"Luce dei miei occhi | COME STUDIARE LA GIUSTA ILLUMINAZIONE IN BAGNO? IL NOSTRO ARCHITETTO RISPONDE | MODO D\" \/>\n<meta property=\"og:url\" content=\"https:\/\/www.desivero.com\/modod\/luce-dei-miei-occhi\/\" \/>\n<meta property=\"og:site_name\" content=\"MODO D\" \/>\n<meta property=\"article:publisher\" content=\"https:\/\/www.facebook.com\/desiveroitalia\/\" \/>\n<meta property=\"article:published_time\" content=\"2016-10-07T15:21:26+00:00\" \/>\n<meta property=\"article:modified_time\" content=\"2023-12-05T15:00:12+00:00\" \/>\n<meta property=\"og:image\" content=\"https:\/\/www.desivero.com\/modod\/wp-content\/uploads\/2016\/10\/LuceDeiMieiOcchi_ImmaginePrincipaleX2_01.jpg\" \/>\n\t<meta property=\"og:image:width\" content=\"1544\" \/>\n\t<meta property=\"og:image:height\" content=\"694\" \/>\n\t<meta property=\"og:image:type\" content=\"image\/jpeg\" \/>\n<meta name=\"author\" content=\"redazionemodod\" \/>\n<meta name=\"twitter:card\" content=\"summary_large_image\" \/>\n<meta name=\"twitter:creator\" content=\"@desiveroitalia\" \/>\n<meta name=\"twitter:site\" content=\"@desiveroitalia\" \/>\n<meta name=\"twitter:label1\" content=\"Scritto da\" \/>\n\t<meta name=\"twitter:data1\" content=\"redazionemodod\" \/>\n\t<meta name=\"twitter:label2\" content=\"Tempo di lettura stimato\" \/>\n\t<meta name=\"twitter:data2\" content=\"5 minuti\" \/>\n<script type=\"application\/ld+json\" class=\"yoast-schema-graph\">{\"@context\":\"https:\\\/\\\/schema.org\",\"@graph\":[{\"@type\":\"Article\",\"@id\":\"https:\\\/\\\/www.desivero.com\\\/modod\\\/luce-dei-miei-occhi\\\/#article\",\"isPartOf\":{\"@id\":\"https:\\\/\\\/www.desivero.com\\\/modod\\\/luce-dei-miei-occhi\\\/\"},\"author\":{\"name\":\"redazionemodod\",\"@id\":\"https:\\\/\\\/www.desivero.com\\\/modod\\\/#\\\/schema\\\/person\\\/df159e918cb35b83b9ccf2ef95218751\"},\"headline\":\"Luce dei miei occhi\",\"datePublished\":\"2016-10-07T15:21:26+00:00\",\"dateModified\":\"2023-12-05T15:00:12+00:00\",\"mainEntityOfPage\":{\"@id\":\"https:\\\/\\\/www.desivero.com\\\/modod\\\/luce-dei-miei-occhi\\\/\"},\"wordCount\":1463,\"publisher\":{\"@id\":\"https:\\\/\\\/www.desivero.com\\\/modod\\\/#organization\"},\"image\":{\"@id\":\"https:\\\/\\\/www.desivero.com\\\/modod\\\/luce-dei-miei-occhi\\\/#primaryimage\"},\"thumbnailUrl\":\"https:\\\/\\\/www.desivero.com\\\/modod\\\/wp-content\\\/uploads\\\/2016\\\/10\\\/LuceDeiMieiOcchi_ImmaginePrincipaleX2_01.jpg\",\"articleSection\":[\"Tecnologia e how to\"],\"inLanguage\":\"it-IT\"},{\"@type\":\"ImageObject\",\"inLanguage\":\"it-IT\",\"@id\":\"https:\\\/\\\/www.desivero.com\\\/modod\\\/luce-dei-miei-occhi\\\/#primaryimage\",\"url\":\"https:\\\/\\\/www.desivero.com\\\/modod\\\/wp-content\\\/uploads\\\/2016\\\/10\\\/LuceDeiMieiOcchi_ImmaginePrincipaleX2_01.jpg\",\"contentUrl\":\"https:\\\/\\\/www.desivero.com\\\/modod\\\/wp-content\\\/uploads\\\/2016\\\/10\\\/LuceDeiMieiOcchi_ImmaginePrincipaleX2_01.jpg\",\"width\":1544,\"height\":694},{\"@type\":\"BreadcrumbList\",\"@id\":\"https:\\\/\\\/www.desivero.com\\\/modod\\\/luce-dei-miei-occhi\\\/#breadcrumb\",\"itemListElement\":[{\"@type\":\"ListItem\",\"position\":1,\"name\":\"Home\",\"item\":\"https:\\\/\\\/www.desivero.com\\\/modod\\\/\"},{\"@type\":\"ListItem\",\"position\":2,\"name\":\"Tecnologia e how to\",\"item\":\"https:\\\/\\\/www.desivero.com\\\/modod\\\/category\\\/tecnologia-e-how-to\\\/\"},{\"@type\":\"ListItem\",\"position\":3,\"name\":\"Luce dei miei occhi\"}]},{\"@type\":\"WebSite\",\"@id\":\"https:\\\/\\\/www.desivero.com\\\/modod\\\/#website\",\"url\":\"https:\\\/\\\/www.desivero.com\\\/modod\\\/\",\"name\":\"MODO D\",\"description\":\"\",\"publisher\":{\"@id\":\"https:\\\/\\\/www.desivero.com\\\/modod\\\/#organization\"},\"potentialAction\":[{\"@type\":\"SearchAction\",\"target\":{\"@type\":\"EntryPoint\",\"urlTemplate\":\"https:\\\/\\\/www.desivero.com\\\/modod\\\/?s={search_term_string}\"},\"query-input\":{\"@type\":\"PropertyValueSpecification\",\"valueRequired\":true,\"valueName\":\"search_term_string\"}}],\"inLanguage\":\"it-IT\"},{\"@type\":\"Organization\",\"@id\":\"https:\\\/\\\/www.desivero.com\\\/modod\\\/#organization\",\"name\":\"MODO D\",\"url\":\"https:\\\/\\\/www.desivero.com\\\/modod\\\/\",\"logo\":{\"@type\":\"ImageObject\",\"inLanguage\":\"it-IT\",\"@id\":\"https:\\\/\\\/www.desivero.com\\\/modod\\\/#\\\/schema\\\/logo\\\/image\\\/\",\"url\":\"https:\\\/\\\/www.desivero.com\\\/modod\\\/wp-content\\\/uploads\\\/2017\\\/06\\\/EXE_Modod_RGB-1.png\",\"contentUrl\":\"https:\\\/\\\/www.desivero.com\\\/modod\\\/wp-content\\\/uploads\\\/2017\\\/06\\\/EXE_Modod_RGB-1.png\",\"width\":1753,\"height\":503,\"caption\":\"MODO D\"},\"image\":{\"@id\":\"https:\\\/\\\/www.desivero.com\\\/modod\\\/#\\\/schema\\\/logo\\\/image\\\/\"},\"sameAs\":[\"https:\\\/\\\/www.facebook.com\\\/desiveroitalia\\\/\",\"https:\\\/\\\/x.com\\\/desiveroitalia\"]},{\"@type\":\"Person\",\"@id\":\"https:\\\/\\\/www.desivero.com\\\/modod\\\/#\\\/schema\\\/person\\\/df159e918cb35b83b9ccf2ef95218751\",\"name\":\"redazionemodod\",\"image\":{\"@type\":\"ImageObject\",\"inLanguage\":\"it-IT\",\"@id\":\"https:\\\/\\\/secure.gravatar.com\\\/avatar\\\/f4dee7a055e3b2abd6dc36d91366b760ad4c30f156b3b8add06a79d9e2a3b657?s=96&d=mm&r=g\",\"url\":\"https:\\\/\\\/secure.gravatar.com\\\/avatar\\\/f4dee7a055e3b2abd6dc36d91366b760ad4c30f156b3b8add06a79d9e2a3b657?s=96&d=mm&r=g\",\"contentUrl\":\"https:\\\/\\\/secure.gravatar.com\\\/avatar\\\/f4dee7a055e3b2abd6dc36d91366b760ad4c30f156b3b8add06a79d9e2a3b657?s=96&d=mm&r=g\",\"caption\":\"redazionemodod\"}}]}<\/script>\n<!-- \/ Yoast SEO plugin. -->","yoast_head_json":{"title":"Luce dei miei occhi | MODO D","description":"Luce dei miei occhi | COME STUDIARE LA GIUSTA ILLUMINAZIONE IN BAGNO? IL NOSTRO ARCHITETTO RISPONDE | MODO D","robots":{"index":"index","follow":"follow","max-snippet":"max-snippet:-1","max-image-preview":"max-image-preview:large","max-video-preview":"max-video-preview:-1"},"canonical":"https:\/\/www.desivero.com\/modod\/luce-dei-miei-occhi\/","og_locale":"it_IT","og_type":"article","og_title":"Luce dei miei occhi | MODO D","og_description":"Luce dei miei occhi | COME STUDIARE LA GIUSTA ILLUMINAZIONE IN BAGNO? IL NOSTRO ARCHITETTO RISPONDE | MODO D","og_url":"https:\/\/www.desivero.com\/modod\/luce-dei-miei-occhi\/","og_site_name":"MODO D","article_publisher":"https:\/\/www.facebook.com\/desiveroitalia\/","article_published_time":"2016-10-07T15:21:26+00:00","article_modified_time":"2023-12-05T15:00:12+00:00","og_image":[{"width":1544,"height":694,"url":"https:\/\/www.desivero.com\/modod\/wp-content\/uploads\/2016\/10\/LuceDeiMieiOcchi_ImmaginePrincipaleX2_01.jpg","type":"image\/jpeg"}],"author":"redazionemodod","twitter_card":"summary_large_image","twitter_creator":"@desiveroitalia","twitter_site":"@desiveroitalia","twitter_misc":{"Scritto da":"redazionemodod","Tempo di lettura stimato":"5 minuti"},"schema":{"@context":"https:\/\/schema.org","@graph":[{"@type":"Article","@id":"https:\/\/www.desivero.com\/modod\/luce-dei-miei-occhi\/#article","isPartOf":{"@id":"https:\/\/www.desivero.com\/modod\/luce-dei-miei-occhi\/"},"author":{"name":"redazionemodod","@id":"https:\/\/www.desivero.com\/modod\/#\/schema\/person\/df159e918cb35b83b9ccf2ef95218751"},"headline":"Luce dei miei occhi","datePublished":"2016-10-07T15:21:26+00:00","dateModified":"2023-12-05T15:00:12+00:00","mainEntityOfPage":{"@id":"https:\/\/www.desivero.com\/modod\/luce-dei-miei-occhi\/"},"wordCount":1463,"publisher":{"@id":"https:\/\/www.desivero.com\/modod\/#organization"},"image":{"@id":"https:\/\/www.desivero.com\/modod\/luce-dei-miei-occhi\/#primaryimage"},"thumbnailUrl":"https:\/\/www.desivero.com\/modod\/wp-content\/uploads\/2016\/10\/LuceDeiMieiOcchi_ImmaginePrincipaleX2_01.jpg","articleSection":["Tecnologia e how to"],"inLanguage":"it-IT"},{"@type":"ImageObject","inLanguage":"it-IT","@id":"https:\/\/www.desivero.com\/modod\/luce-dei-miei-occhi\/#primaryimage","url":"https:\/\/www.desivero.com\/modod\/wp-content\/uploads\/2016\/10\/LuceDeiMieiOcchi_ImmaginePrincipaleX2_01.jpg","contentUrl":"https:\/\/www.desivero.com\/modod\/wp-content\/uploads\/2016\/10\/LuceDeiMieiOcchi_ImmaginePrincipaleX2_01.jpg","width":1544,"height":694},{"@type":"BreadcrumbList","@id":"https:\/\/www.desivero.com\/modod\/luce-dei-miei-occhi\/#breadcrumb","itemListElement":[{"@type":"ListItem","position":1,"name":"Home","item":"https:\/\/www.desivero.com\/modod\/"},{"@type":"ListItem","position":2,"name":"Tecnologia e how to","item":"https:\/\/www.desivero.com\/modod\/category\/tecnologia-e-how-to\/"},{"@type":"ListItem","position":3,"name":"Luce dei miei occhi"}]},{"@type":"WebSite","@id":"https:\/\/www.desivero.com\/modod\/#website","url":"https:\/\/www.desivero.com\/modod\/","name":"MODO D","description":"","publisher":{"@id":"https:\/\/www.desivero.com\/modod\/#organization"},"potentialAction":[{"@type":"SearchAction","target":{"@type":"EntryPoint","urlTemplate":"https:\/\/www.desivero.com\/modod\/?s={search_term_string}"},"query-input":{"@type":"PropertyValueSpecification","valueRequired":true,"valueName":"search_term_string"}}],"inLanguage":"it-IT"},{"@type":"Organization","@id":"https:\/\/www.desivero.com\/modod\/#organization","name":"MODO D","url":"https:\/\/www.desivero.com\/modod\/","logo":{"@type":"ImageObject","inLanguage":"it-IT","@id":"https:\/\/www.desivero.com\/modod\/#\/schema\/logo\/image\/","url":"https:\/\/www.desivero.com\/modod\/wp-content\/uploads\/2017\/06\/EXE_Modod_RGB-1.png","contentUrl":"https:\/\/www.desivero.com\/modod\/wp-content\/uploads\/2017\/06\/EXE_Modod_RGB-1.png","width":1753,"height":503,"caption":"MODO D"},"image":{"@id":"https:\/\/www.desivero.com\/modod\/#\/schema\/logo\/image\/"},"sameAs":["https:\/\/www.facebook.com\/desiveroitalia\/","https:\/\/x.com\/desiveroitalia"]},{"@type":"Person","@id":"https:\/\/www.desivero.com\/modod\/#\/schema\/person\/df159e918cb35b83b9ccf2ef95218751","name":"redazionemodod","image":{"@type":"ImageObject","inLanguage":"it-IT","@id":"https:\/\/secure.gravatar.com\/avatar\/f4dee7a055e3b2abd6dc36d91366b760ad4c30f156b3b8add06a79d9e2a3b657?s=96&d=mm&r=g","url":"https:\/\/secure.gravatar.com\/avatar\/f4dee7a055e3b2abd6dc36d91366b760ad4c30f156b3b8add06a79d9e2a3b657?s=96&d=mm&r=g","contentUrl":"https:\/\/secure.gravatar.com\/avatar\/f4dee7a055e3b2abd6dc36d91366b760ad4c30f156b3b8add06a79d9e2a3b657?s=96&d=mm&r=g","caption":"redazionemodod"}}]}},"_links":{"self":[{"href":"https:\/\/www.desivero.com\/modod\/wp-json\/wp\/v2\/posts\/384","targetHints":{"allow":["GET"]}}],"collection":[{"href":"https:\/\/www.desivero.com\/modod\/wp-json\/wp\/v2\/posts"}],"about":[{"href":"https:\/\/www.desivero.com\/modod\/wp-json\/wp\/v2\/types\/post"}],"author":[{"embeddable":true,"href":"https:\/\/www.desivero.com\/modod\/wp-json\/wp\/v2\/users\/8"}],"replies":[{"embeddable":true,"href":"https:\/\/www.desivero.com\/modod\/wp-json\/wp\/v2\/comments?post=384"}],"version-history":[{"count":15,"href":"https:\/\/www.desivero.com\/modod\/wp-json\/wp\/v2\/posts\/384\/revisions"}],"predecessor-version":[{"id":7673,"href":"https:\/\/www.desivero.com\/modod\/wp-json\/wp\/v2\/posts\/384\/revisions\/7673"}],"wp:featuredmedia":[{"embeddable":true,"href":"https:\/\/www.desivero.com\/modod\/wp-json\/wp\/v2\/media\/7671"}],"wp:attachment":[{"href":"https:\/\/www.desivero.com\/modod\/wp-json\/wp\/v2\/media?parent=384"}],"wp:term":[{"taxonomy":"category","embeddable":true,"href":"https:\/\/www.desivero.com\/modod\/wp-json\/wp\/v2\/categories?post=384"},{"taxonomy":"post_tag","embeddable":true,"href":"https:\/\/www.desivero.com\/modod\/wp-json\/wp\/v2\/tags?post=384"}],"curies":[{"name":"wp","href":"https:\/\/api.w.org\/{rel}","templated":true}]}}