{"id":1385,"date":"2017-07-28T12:13:16","date_gmt":"2017-07-28T10:13:16","guid":{"rendered":"https:\/\/www.desivero.com\/modod\/?p=1385"},"modified":"2023-11-14T15:09:00","modified_gmt":"2023-11-14T14:09:00","slug":"scegliere-materiali-per-casa-e-bagno","status":"publish","type":"post","link":"https:\/\/www.desivero.com\/modod\/scegliere-materiali-per-casa-e-bagno\/","title":{"rendered":"La scelta dei materiali? Pensate ad un vestito da indossare &#8211; Nadia Afragola"},"content":{"rendered":"[vc_row type=&#8221;in_container&#8221; full_screen_row_position=&#8221;middle&#8221; scene_position=&#8221;center&#8221; text_color=&#8221;dark&#8221; text_align=&#8221;left&#8221; overlay_strength=&#8221;0.3&#8243;][vc_column column_padding=&#8221;no-extra-padding&#8221; column_padding_position=&#8221;all&#8221; background_color_opacity=&#8221;1&#8243; background_hover_color_opacity=&#8221;1&#8243; width=&#8221;1\/1&#8243; tablet_text_alignment=&#8221;default&#8221; phone_text_alignment=&#8221;default&#8221;][vc_column_text]\n<h2>Ecco, allo stesso identico modo funziona o per lo meno dovrebbe funzionare con la scelta dei materiali, quando \u00e8 della vostra casa che stiamo parlando e non pi\u00f9 del vostro guardaroba.<\/h2>\n[\/vc_column_text][\/vc_column][\/vc_row][vc_row type=&#8221;in_container&#8221; full_screen_row_position=&#8221;middle&#8221; scene_position=&#8221;center&#8221; text_color=&#8221;dark&#8221; text_align=&#8221;left&#8221; overlay_strength=&#8221;0.3&#8243;][vc_column column_padding=&#8221;no-extra-padding&#8221; column_padding_position=&#8221;all&#8221; background_color_opacity=&#8221;1&#8243; background_hover_color_opacity=&#8221;1&#8243; width=&#8221;1\/1&#8243; tablet_text_alignment=&#8221;default&#8221; phone_text_alignment=&#8221;default&#8221;][vc_column_text]La semplicit\u00e0 o l\u2019essenzialit\u00e0 che vi contraddistingue fate in modo di passarla anche alle caratteristiche dei materiali che userete per il vostro <span style=\"color: #8dc8e8;\"><a style=\"color: #8dc8e8;\" href=\"https:\/\/www.desivero.com\/shop\/bagno?sid=HShAtT20OFErRhlD1aVj6lvOymbuEv\" target=\"_blank\" rel=\"noopener\">bagno<\/a><\/span> o lo studio e se \u00e8 vero che un\u2019attenta<span style=\"color: #8dc8e8;\"> <a style=\"color: #8dc8e8;\" href=\"https:\/\/www.desivero.com\/progetto-bagno?channel=desivero&amp;sid=HShAtT20OFErRhlD1aVj6lvOymbuEv\" target=\"_blank\" rel=\"noopener\">progettazione<\/a><\/span> migliorer\u00e0 il <strong>confort abitativo<\/strong>, saranno quei materiali che sceglierete a fare di una casa la vostra casa.[\/vc_column_text]<div class=\"divider-wrap\"><div style=\"margin-top: 12px; width: 20%px; height: 1px; margin-bottom: 12px;\" data-width=\"20%\" data-animate=\"\" data-animation-delay=\"\" data-color=\"default\" class=\"divider-small-border\"><\/div><\/div>[\/vc_column][\/vc_row][vc_row type=&#8221;in_container&#8221; full_screen_row_position=&#8221;middle&#8221; scene_position=&#8221;center&#8221; text_color=&#8221;dark&#8221; text_align=&#8221;left&#8221; overlay_strength=&#8221;0.3&#8243;][vc_column column_padding=&#8221;no-extra-padding&#8221; column_padding_position=&#8221;all&#8221; background_color_opacity=&#8221;1&#8243; background_hover_color_opacity=&#8221;1&#8243; width=&#8221;1\/1&#8243; tablet_text_alignment=&#8221;default&#8221; phone_text_alignment=&#8221;default&#8221;][vc_column_text]Pensate anche solo alla scelta di un pavimento: anche lui dovr\u00e0 garantirvi un ottimo <strong>isolamento acustico<\/strong>, soprattutto ai rumori riflessi e deve essere <strong>resistente<\/strong>, sia ai carichi concentrati che alle cadute accidentali di oggetti. Non vorrete che vi si scheggi alla prima piastra per i capelli che vi scivola dalle mani e cade per terra![\/vc_column_text][\/vc_column][\/vc_row][vc_row type=&#8221;in_container&#8221; full_screen_row_position=&#8221;middle&#8221; scene_position=&#8221;center&#8221; text_color=&#8221;dark&#8221; text_align=&#8221;left&#8221; overlay_strength=&#8221;0.3&#8243;][vc_column column_padding=&#8221;no-extra-padding&#8221; column_padding_position=&#8221;all&#8221; background_color_opacity=&#8221;1&#8243; background_hover_color_opacity=&#8221;1&#8243; width=&#8221;1\/1&#8243; tablet_text_alignment=&#8221;default&#8221; phone_text_alignment=&#8221;default&#8221;][vc_column_text]E poi siate lungimiranti: la bellezza dell\u2019abitare fate in modo che sia all\u2019insegna della <strong>luce<\/strong>, efficiente sul <strong>piano energetico<\/strong>, non escludete la <strong>rigenerazione<\/strong> o il <strong>riuso<\/strong> di ci\u00f2 che avete gi\u00e0 in casa e soprattutto tenete conto dell\u2019evoluzione del <strong>campo normativo<\/strong>.[\/vc_column_text][\/vc_column][\/vc_row][vc_row type=&#8221;in_container&#8221; full_screen_row_position=&#8221;middle&#8221; scene_position=&#8221;center&#8221; text_color=&#8221;dark&#8221; text_align=&#8221;left&#8221; overlay_strength=&#8221;0.3&#8243;][vc_column column_padding=&#8221;no-extra-padding&#8221; column_padding_position=&#8221;all&#8221; background_color_opacity=&#8221;1&#8243; background_hover_color_opacity=&#8221;1&#8243; width=&#8221;1\/1&#8243; tablet_text_alignment=&#8221;default&#8221; phone_text_alignment=&#8221;default&#8221;][vc_column_text]Se rifate casa o anche solo una parte di essa e in voi c\u2019\u00e8 la volont\u00e0 di mantenerne invariate le <strong>volumetrie<\/strong> e la <strong>disposizione interna<\/strong>, perch\u00e9 solo cos\u00ec riuscite nel vostro intento di valorizzare il carattere originario, recuperate i materiali che arrivano dagli interventi di demolizione: riuscite a visualizzare quanto belli possano essere i mattoni faccia vista utilizzati in alcune pareti interne, o le travi e le tavelle in laterizio messe a copertura del vostro loft, della sala da bagno che si fa spa\u2026 chiaramente abbinando il tutto a intonaci neutri?[<\/p>\n<p>ntrando finalmente nel dettaglio dei materiali, in cima alle preferenze c\u2019\u00e8 ancora la <strong>ceramica bianca<\/strong>. Adatta a chi ama uno stile tradizionale, rassicurante e poi \u00e8 facile da pulire. Se per il <span style=\"color: #84c8e8;\"><a style=\"color: #84c8e8;\" href=\"https:\/\/www.desivero.com\/shop?query=lavabi&amp;channel=desivero&amp;sid=HShAtT20OFErRhlD1aVj6lvOymbuEv\" target=\"_blank\" rel=\"noopener\">lavabo<\/a><\/span> \u00e8 qualcosa di naturale quello che cercate allora non potrete che affidarvi al <strong>marmo<\/strong> e al <strong>granito<\/strong> ma se invece \u00e8 la modernit\u00e0 che inseguite <strong>acciaio<\/strong> e <strong>vetro<\/strong>, magari mosaico fanno al caso vostro, per stile e funzionalit\u00e0. Siete da compromessi? Allora il <strong>tecknostone<\/strong> \u00e8 ci\u00f2 di cui avete bisogno. Un ibrido in pratica, una resina sintetica di ultima generazione, che supera in prestazioni la ceramica pur ricordandola vagamente. Mentre se \u00e8 dell\u2019anticonvenzionalit\u00e0 che non potete fare a meno allora scegliete il <strong>legno<\/strong>, magari retroilluminato se lo usate per una parete o di compensato marino, poco usato \u00e8 vero, ma dar\u00e0 calore al vostro bagno e render\u00e0 speciale la vostra vasca.<\/p>\n<p><strong>Bronzo<\/strong>, <strong>rame<\/strong> e <strong>ottone<\/strong> sono le varianti che un artigiano vi suggerirebbe di usare, perch\u00e9 rendono il bagno naturale, fuori dal tempo: ecco perch\u00e9 serve coraggio per sceglierli. Se amate lo stile d\u00e9co potreste puntare su una vasca in <strong>ghisa<\/strong>, freestanding con interno smaltato, abbinata ad oggetti anticati. Per un palato raffinato, in conclusione, consiglio l\u2019<strong>onice<\/strong> o l\u2019<strong>ametista<\/strong>, non per tutte le tasche ok, ma parliamo pur sempre di materiali semipreziosi, trattati superficialmente e che in quanto tali richiedono un\u2019attenta manutenzione. Avete scelto il materiale che fa per voi? Bene, adesso passiamo ai colori e alle forme.[\/vc_column_text][\/vc_column][\/vc_row][vc_row type=&#8221;in_container&#8221; full_screen_row_position=&#8221;middle&#8221; scene_position=&#8221;center&#8221; text_color=&#8221;dark&#8221; text_align=&#8221;left&#8221; id=&#8221;row-correlati&#8221; overlay_strength=&#8221;0.3&#8243;][vc_column column_padding=&#8221;no-extra-padding&#8221; column_padding_position=&#8221;all&#8221; background_color_opacity=&#8221;1&#8243; background_hover_color_opacity=&#8221;1&#8243; width=&#8221;1\/1&#8243; tablet_text_alignment=&#8221;default&#8221; phone_text_alignment=&#8221;default&#8221;][vc_column_text]<span style=\"color: #84c8e8;\">ARTICOLI CORRELATI\u00a0<\/span>[\/vc_column_text]\n        <div class=\"row blog-recent columns-2\" data-style=\"minimal\">\n\n            \n                <div class=\"col span_6\">\n\n                    \n                        <div class=\"post-header\">\n                                                            <figure class=\"correlati-image\" style=\"background-image: url(https:\/\/www.desivero.com\/modod\/wp-content\/uploads\/2019\/10\/la-stanza-da-bagno-secondo-Cersaie-2019.jpg)\">\n                                    <a href=\"https:\/\/www.desivero.com\/modod\/la-stanza-bagno-secondo-cersaie-2019-simona-nurcato\/\"><\/a>\n                                <\/figure>\n                                                            <h3 class=\"title\"><a href=\"https:\/\/www.desivero.com\/modod\/la-stanza-bagno-secondo-cersaie-2019-simona-nurcato\/\">La stanza da bagno secondo Cersaie 2019 &#8211; Simona Nurcato<\/a><\/h3>\n                            <span class=\"meta categoria-correlati pdd\">\n                <a href=\"https:\/\/www.desivero.com\/modod\/category\/punti-d-vista\/\">Punti D Vista<\/a>                 <\/span>\n                        <\/div><!--\/post-header-->\n                        <p>A pochi giorni dalla conclusione della 37a edizione di Cersaie &#8211; la manifestazione italiana dedicata alla ceramica per l\u2019architettura e l\u2019arredo bagno &#8211; cerchiamo di delineare tendenze ed elementi comuni alle proposte dei brand che hanno partecipato alla fiera.<\/p>\n                        <span>Read More <i class=\"icon-button-arrow\"><\/i><\/span>\n\n                    \n                <\/div><!--\/col-->\n\n            \n                <div class=\"col span_6\">\n\n                    \n                        <div class=\"post-header\">\n                                                            <figure class=\"correlati-image\" style=\"background-image: url(https:\/\/www.desivero.com\/modod\/wp-content\/uploads\/2019\/04\/Titty-e-Flavia.jpg)\">\n                                    <a href=\"https:\/\/www.desivero.com\/modod\/come-pulire-bagno-miscele-naturali\/\"><\/a>\n                                <\/figure>\n                                                            <h3 class=\"title\"><a href=\"https:\/\/www.desivero.com\/modod\/come-pulire-bagno-miscele-naturali\/\">Come pulire il bagno con le miscele naturali &#8211; Titty&#038;Flavia<\/a><\/h3>\n                            <span class=\"meta categoria-correlati pdd\">\n                <a href=\"https:\/\/www.desivero.com\/modod\/category\/punti-d-vista\/\">Punti D Vista<\/a>                 <\/span>\n                        <\/div><!--\/post-header-->\n                        <p>Quali sono le migliori soluzioni per una pulizia ideale della stanza da bagno?<\/p>\n                        <span>Read More <i class=\"icon-button-arrow\"><\/i><\/span>\n\n                    \n                <\/div><!--\/col-->\n\n            \n        <\/div><!--\/blog-recent-->\n\n        [\/vc_column][\/vc_row]\n","protected":false},"excerpt":{"rendered":"<p>Quando scegli un abito \u00e8 sul tessuto che ricade la tua attenzione, almeno all\u2019inizio: pensate a quando lo accarezzate con le mani per immaginare una sensazione che solo il contatto con la pelle potr\u00e0 regalarvi<\/p>\n","protected":false},"author":8,"featured_media":7365,"comment_status":"closed","ping_status":"closed","sticky":false,"template":"","format":"standard","meta":{"_acf_changed":false,"footnotes":""},"categories":[8],"tags":[],"class_list":{"0":"post-1385","1":"post","2":"type-post","3":"status-publish","4":"format-standard","5":"has-post-thumbnail","7":"category-punti-d-vista"},"acf":[],"yoast_head":"<!-- This site is optimized with the Yoast SEO plugin v27.5 - https:\/\/yoast.com\/product\/yoast-seo-wordpress\/ -->\n<title>La scelta dei materiali? Pensate ad un vestito da indossare - Nadia Afragola | MODO D<\/title>\n<meta name=\"description\" content=\"La scelta dei materiali? Pensate ad un vestito da indossare - Nadia Afragola | Quando scegli un abito \u00e8 sul tessuto che ricade la tua attenzione, almeno all\u2019inizio: pensate a quando lo accarezzate con le mani per immaginare una sensazione che solo il contatto con la pelle potr\u00e0 regalarvi | MODO D\" \/>\n<meta name=\"robots\" content=\"index, follow, max-snippet:-1, max-image-preview:large, max-video-preview:-1\" \/>\n<link rel=\"canonical\" href=\"https:\/\/www.desivero.com\/modod\/scegliere-materiali-per-casa-e-bagno\/\" \/>\n<meta property=\"og:locale\" content=\"it_IT\" \/>\n<meta property=\"og:type\" content=\"article\" \/>\n<meta property=\"og:title\" content=\"La scelta dei materiali? Pensate ad un vestito da indossare - Nadia Afragola | MODO D\" \/>\n<meta property=\"og:description\" content=\"La scelta dei materiali? Pensate ad un vestito da indossare - Nadia Afragola | Quando scegli un abito \u00e8 sul tessuto che ricade la tua attenzione, almeno all\u2019inizio: pensate a quando lo accarezzate con le mani per immaginare una sensazione che solo il contatto con la pelle potr\u00e0 regalarvi | MODO D\" \/>\n<meta property=\"og:url\" content=\"https:\/\/www.desivero.com\/modod\/scegliere-materiali-per-casa-e-bagno\/\" \/>\n<meta property=\"og:site_name\" content=\"MODO D\" \/>\n<meta property=\"article:publisher\" content=\"https:\/\/www.facebook.com\/desiveroitalia\/\" \/>\n<meta property=\"article:published_time\" content=\"2017-07-28T10:13:16+00:00\" \/>\n<meta property=\"article:modified_time\" content=\"2023-11-14T14:09:00+00:00\" \/>\n<meta property=\"og:image\" content=\"https:\/\/www.desivero.com\/modod\/wp-content\/uploads\/2017\/07\/La_Scelta_Dei_Materiali-Recovered_1.jpg\" \/>\n\t<meta property=\"og:image:width\" content=\"800\" \/>\n\t<meta property=\"og:image:height\" content=\"652\" \/>\n\t<meta property=\"og:image:type\" content=\"image\/jpeg\" \/>\n<meta name=\"author\" content=\"redazionemodod\" \/>\n<meta name=\"twitter:card\" content=\"summary_large_image\" \/>\n<meta name=\"twitter:creator\" content=\"@desiveroitalia\" \/>\n<meta name=\"twitter:site\" content=\"@desiveroitalia\" \/>\n<meta name=\"twitter:label1\" content=\"Scritto da\" \/>\n\t<meta name=\"twitter:data1\" content=\"redazionemodod\" \/>\n\t<meta name=\"twitter:label2\" content=\"Tempo di lettura stimato\" \/>\n\t<meta name=\"twitter:data2\" content=\"4 minuti\" \/>\n<script type=\"application\/ld+json\" class=\"yoast-schema-graph\">{\"@context\":\"https:\\\/\\\/schema.org\",\"@graph\":[{\"@type\":\"Article\",\"@id\":\"https:\\\/\\\/www.desivero.com\\\/modod\\\/scegliere-materiali-per-casa-e-bagno\\\/#article\",\"isPartOf\":{\"@id\":\"https:\\\/\\\/www.desivero.com\\\/modod\\\/scegliere-materiali-per-casa-e-bagno\\\/\"},\"author\":{\"name\":\"redazionemodod\",\"@id\":\"https:\\\/\\\/www.desivero.com\\\/modod\\\/#\\\/schema\\\/person\\\/df159e918cb35b83b9ccf2ef95218751\"},\"headline\":\"La scelta dei materiali? Pensate ad un vestito da indossare &#8211; Nadia Afragola\",\"datePublished\":\"2017-07-28T10:13:16+00:00\",\"dateModified\":\"2023-11-14T14:09:00+00:00\",\"mainEntityOfPage\":{\"@id\":\"https:\\\/\\\/www.desivero.com\\\/modod\\\/scegliere-materiali-per-casa-e-bagno\\\/\"},\"wordCount\":886,\"publisher\":{\"@id\":\"https:\\\/\\\/www.desivero.com\\\/modod\\\/#organization\"},\"image\":{\"@id\":\"https:\\\/\\\/www.desivero.com\\\/modod\\\/scegliere-materiali-per-casa-e-bagno\\\/#primaryimage\"},\"thumbnailUrl\":\"https:\\\/\\\/www.desivero.com\\\/modod\\\/wp-content\\\/uploads\\\/2017\\\/07\\\/La_Scelta_Dei_Materiali-Recovered_1.jpg\",\"articleSection\":[\"Punti D Vista\"],\"inLanguage\":\"it-IT\"},{\"@type\":\"ImageObject\",\"inLanguage\":\"it-IT\",\"@id\":\"https:\\\/\\\/www.desivero.com\\\/modod\\\/scegliere-materiali-per-casa-e-bagno\\\/#primaryimage\",\"url\":\"https:\\\/\\\/www.desivero.com\\\/modod\\\/wp-content\\\/uploads\\\/2017\\\/07\\\/La_Scelta_Dei_Materiali-Recovered_1.jpg\",\"contentUrl\":\"https:\\\/\\\/www.desivero.com\\\/modod\\\/wp-content\\\/uploads\\\/2017\\\/07\\\/La_Scelta_Dei_Materiali-Recovered_1.jpg\",\"width\":800,\"height\":652},{\"@type\":\"BreadcrumbList\",\"@id\":\"https:\\\/\\\/www.desivero.com\\\/modod\\\/scegliere-materiali-per-casa-e-bagno\\\/#breadcrumb\",\"itemListElement\":[{\"@type\":\"ListItem\",\"position\":1,\"name\":\"Home\",\"item\":\"https:\\\/\\\/www.desivero.com\\\/modod\\\/\"},{\"@type\":\"ListItem\",\"position\":2,\"name\":\"Punti D Vista\",\"item\":\"https:\\\/\\\/www.desivero.com\\\/modod\\\/category\\\/punti-d-vista\\\/\"},{\"@type\":\"ListItem\",\"position\":3,\"name\":\"La scelta dei materiali? Pensate ad un vestito da indossare &#8211; Nadia Afragola\"}]},{\"@type\":\"WebSite\",\"@id\":\"https:\\\/\\\/www.desivero.com\\\/modod\\\/#website\",\"url\":\"https:\\\/\\\/www.desivero.com\\\/modod\\\/\",\"name\":\"MODO D\",\"description\":\"\",\"publisher\":{\"@id\":\"https:\\\/\\\/www.desivero.com\\\/modod\\\/#organization\"},\"potentialAction\":[{\"@type\":\"SearchAction\",\"target\":{\"@type\":\"EntryPoint\",\"urlTemplate\":\"https:\\\/\\\/www.desivero.com\\\/modod\\\/?s={search_term_string}\"},\"query-input\":{\"@type\":\"PropertyValueSpecification\",\"valueRequired\":true,\"valueName\":\"search_term_string\"}}],\"inLanguage\":\"it-IT\"},{\"@type\":\"Organization\",\"@id\":\"https:\\\/\\\/www.desivero.com\\\/modod\\\/#organization\",\"name\":\"MODO D\",\"url\":\"https:\\\/\\\/www.desivero.com\\\/modod\\\/\",\"logo\":{\"@type\":\"ImageObject\",\"inLanguage\":\"it-IT\",\"@id\":\"https:\\\/\\\/www.desivero.com\\\/modod\\\/#\\\/schema\\\/logo\\\/image\\\/\",\"url\":\"https:\\\/\\\/www.desivero.com\\\/modod\\\/wp-content\\\/uploads\\\/2017\\\/06\\\/EXE_Modod_RGB-1.png\",\"contentUrl\":\"https:\\\/\\\/www.desivero.com\\\/modod\\\/wp-content\\\/uploads\\\/2017\\\/06\\\/EXE_Modod_RGB-1.png\",\"width\":1753,\"height\":503,\"caption\":\"MODO D\"},\"image\":{\"@id\":\"https:\\\/\\\/www.desivero.com\\\/modod\\\/#\\\/schema\\\/logo\\\/image\\\/\"},\"sameAs\":[\"https:\\\/\\\/www.facebook.com\\\/desiveroitalia\\\/\",\"https:\\\/\\\/x.com\\\/desiveroitalia\"]},{\"@type\":\"Person\",\"@id\":\"https:\\\/\\\/www.desivero.com\\\/modod\\\/#\\\/schema\\\/person\\\/df159e918cb35b83b9ccf2ef95218751\",\"name\":\"redazionemodod\",\"image\":{\"@type\":\"ImageObject\",\"inLanguage\":\"it-IT\",\"@id\":\"https:\\\/\\\/secure.gravatar.com\\\/avatar\\\/f4dee7a055e3b2abd6dc36d91366b760ad4c30f156b3b8add06a79d9e2a3b657?s=96&d=mm&r=g\",\"url\":\"https:\\\/\\\/secure.gravatar.com\\\/avatar\\\/f4dee7a055e3b2abd6dc36d91366b760ad4c30f156b3b8add06a79d9e2a3b657?s=96&d=mm&r=g\",\"contentUrl\":\"https:\\\/\\\/secure.gravatar.com\\\/avatar\\\/f4dee7a055e3b2abd6dc36d91366b760ad4c30f156b3b8add06a79d9e2a3b657?s=96&d=mm&r=g\",\"caption\":\"redazionemodod\"}}]}<\/script>\n<!-- \/ Yoast SEO plugin. -->","yoast_head_json":{"title":"La scelta dei materiali? Pensate ad un vestito da indossare - Nadia Afragola | MODO D","description":"La scelta dei materiali? Pensate ad un vestito da indossare - Nadia Afragola | Quando scegli un abito \u00e8 sul tessuto che ricade la tua attenzione, almeno all\u2019inizio: pensate a quando lo accarezzate con le mani per immaginare una sensazione che solo il contatto con la pelle potr\u00e0 regalarvi | MODO D","robots":{"index":"index","follow":"follow","max-snippet":"max-snippet:-1","max-image-preview":"max-image-preview:large","max-video-preview":"max-video-preview:-1"},"canonical":"https:\/\/www.desivero.com\/modod\/scegliere-materiali-per-casa-e-bagno\/","og_locale":"it_IT","og_type":"article","og_title":"La scelta dei materiali? Pensate ad un vestito da indossare - Nadia Afragola | MODO D","og_description":"La scelta dei materiali? Pensate ad un vestito da indossare - Nadia Afragola | Quando scegli un abito \u00e8 sul tessuto che ricade la tua attenzione, almeno all\u2019inizio: pensate a quando lo accarezzate con le mani per immaginare una sensazione che solo il contatto con la pelle potr\u00e0 regalarvi | MODO D","og_url":"https:\/\/www.desivero.com\/modod\/scegliere-materiali-per-casa-e-bagno\/","og_site_name":"MODO D","article_publisher":"https:\/\/www.facebook.com\/desiveroitalia\/","article_published_time":"2017-07-28T10:13:16+00:00","article_modified_time":"2023-11-14T14:09:00+00:00","og_image":[{"width":800,"height":652,"url":"https:\/\/www.desivero.com\/modod\/wp-content\/uploads\/2017\/07\/La_Scelta_Dei_Materiali-Recovered_1.jpg","type":"image\/jpeg"}],"author":"redazionemodod","twitter_card":"summary_large_image","twitter_creator":"@desiveroitalia","twitter_site":"@desiveroitalia","twitter_misc":{"Scritto da":"redazionemodod","Tempo di lettura stimato":"4 minuti"},"schema":{"@context":"https:\/\/schema.org","@graph":[{"@type":"Article","@id":"https:\/\/www.desivero.com\/modod\/scegliere-materiali-per-casa-e-bagno\/#article","isPartOf":{"@id":"https:\/\/www.desivero.com\/modod\/scegliere-materiali-per-casa-e-bagno\/"},"author":{"name":"redazionemodod","@id":"https:\/\/www.desivero.com\/modod\/#\/schema\/person\/df159e918cb35b83b9ccf2ef95218751"},"headline":"La scelta dei materiali? Pensate ad un vestito da indossare &#8211; Nadia Afragola","datePublished":"2017-07-28T10:13:16+00:00","dateModified":"2023-11-14T14:09:00+00:00","mainEntityOfPage":{"@id":"https:\/\/www.desivero.com\/modod\/scegliere-materiali-per-casa-e-bagno\/"},"wordCount":886,"publisher":{"@id":"https:\/\/www.desivero.com\/modod\/#organization"},"image":{"@id":"https:\/\/www.desivero.com\/modod\/scegliere-materiali-per-casa-e-bagno\/#primaryimage"},"thumbnailUrl":"https:\/\/www.desivero.com\/modod\/wp-content\/uploads\/2017\/07\/La_Scelta_Dei_Materiali-Recovered_1.jpg","articleSection":["Punti D Vista"],"inLanguage":"it-IT"},{"@type":"ImageObject","inLanguage":"it-IT","@id":"https:\/\/www.desivero.com\/modod\/scegliere-materiali-per-casa-e-bagno\/#primaryimage","url":"https:\/\/www.desivero.com\/modod\/wp-content\/uploads\/2017\/07\/La_Scelta_Dei_Materiali-Recovered_1.jpg","contentUrl":"https:\/\/www.desivero.com\/modod\/wp-content\/uploads\/2017\/07\/La_Scelta_Dei_Materiali-Recovered_1.jpg","width":800,"height":652},{"@type":"BreadcrumbList","@id":"https:\/\/www.desivero.com\/modod\/scegliere-materiali-per-casa-e-bagno\/#breadcrumb","itemListElement":[{"@type":"ListItem","position":1,"name":"Home","item":"https:\/\/www.desivero.com\/modod\/"},{"@type":"ListItem","position":2,"name":"Punti D Vista","item":"https:\/\/www.desivero.com\/modod\/category\/punti-d-vista\/"},{"@type":"ListItem","position":3,"name":"La scelta dei materiali? Pensate ad un vestito da indossare &#8211; Nadia Afragola"}]},{"@type":"WebSite","@id":"https:\/\/www.desivero.com\/modod\/#website","url":"https:\/\/www.desivero.com\/modod\/","name":"MODO D","description":"","publisher":{"@id":"https:\/\/www.desivero.com\/modod\/#organization"},"potentialAction":[{"@type":"SearchAction","target":{"@type":"EntryPoint","urlTemplate":"https:\/\/www.desivero.com\/modod\/?s={search_term_string}"},"query-input":{"@type":"PropertyValueSpecification","valueRequired":true,"valueName":"search_term_string"}}],"inLanguage":"it-IT"},{"@type":"Organization","@id":"https:\/\/www.desivero.com\/modod\/#organization","name":"MODO D","url":"https:\/\/www.desivero.com\/modod\/","logo":{"@type":"ImageObject","inLanguage":"it-IT","@id":"https:\/\/www.desivero.com\/modod\/#\/schema\/logo\/image\/","url":"https:\/\/www.desivero.com\/modod\/wp-content\/uploads\/2017\/06\/EXE_Modod_RGB-1.png","contentUrl":"https:\/\/www.desivero.com\/modod\/wp-content\/uploads\/2017\/06\/EXE_Modod_RGB-1.png","width":1753,"height":503,"caption":"MODO D"},"image":{"@id":"https:\/\/www.desivero.com\/modod\/#\/schema\/logo\/image\/"},"sameAs":["https:\/\/www.facebook.com\/desiveroitalia\/","https:\/\/x.com\/desiveroitalia"]},{"@type":"Person","@id":"https:\/\/www.desivero.com\/modod\/#\/schema\/person\/df159e918cb35b83b9ccf2ef95218751","name":"redazionemodod","image":{"@type":"ImageObject","inLanguage":"it-IT","@id":"https:\/\/secure.gravatar.com\/avatar\/f4dee7a055e3b2abd6dc36d91366b760ad4c30f156b3b8add06a79d9e2a3b657?s=96&d=mm&r=g","url":"https:\/\/secure.gravatar.com\/avatar\/f4dee7a055e3b2abd6dc36d91366b760ad4c30f156b3b8add06a79d9e2a3b657?s=96&d=mm&r=g","contentUrl":"https:\/\/secure.gravatar.com\/avatar\/f4dee7a055e3b2abd6dc36d91366b760ad4c30f156b3b8add06a79d9e2a3b657?s=96&d=mm&r=g","caption":"redazionemodod"}}]}},"_links":{"self":[{"href":"https:\/\/www.desivero.com\/modod\/wp-json\/wp\/v2\/posts\/1385","targetHints":{"allow":["GET"]}}],"collection":[{"href":"https:\/\/www.desivero.com\/modod\/wp-json\/wp\/v2\/posts"}],"about":[{"href":"https:\/\/www.desivero.com\/modod\/wp-json\/wp\/v2\/types\/post"}],"author":[{"embeddable":true,"href":"https:\/\/www.desivero.com\/modod\/wp-json\/wp\/v2\/users\/8"}],"replies":[{"embeddable":true,"href":"https:\/\/www.desivero.com\/modod\/wp-json\/wp\/v2\/comments?post=1385"}],"version-history":[{"count":16,"href":"https:\/\/www.desivero.com\/modod\/wp-json\/wp\/v2\/posts\/1385\/revisions"}],"predecessor-version":[{"id":7553,"href":"https:\/\/www.desivero.com\/modod\/wp-json\/wp\/v2\/posts\/1385\/revisions\/7553"}],"wp:featuredmedia":[{"embeddable":true,"href":"https:\/\/www.desivero.com\/modod\/wp-json\/wp\/v2\/media\/7365"}],"wp:attachment":[{"href":"https:\/\/www.desivero.com\/modod\/wp-json\/wp\/v2\/media?parent=1385"}],"wp:term":[{"taxonomy":"category","embeddable":true,"href":"https:\/\/www.desivero.com\/modod\/wp-json\/wp\/v2\/categories?post=1385"},{"taxonomy":"post_tag","embeddable":true,"href":"https:\/\/www.desivero.com\/modod\/wp-json\/wp\/v2\/tags?post=1385"}],"curies":[{"name":"wp","href":"https:\/\/api.w.org\/{rel}","templated":true}]}}